{"id":10056,"date":"2016-03-07T16:24:54","date_gmt":"2016-03-07T19:24:54","guid":{"rendered":"https:\/\/www.inet.edu.ar\/?p=10056"},"modified":"2016-05-02T11:32:34","modified_gmt":"2016-05-02T14:32:34","slug":"hoy-realizamos-un-foro-sectorial-de-energia-electrica-en-el-inet","status":"publish","type":"post","link":"https:\/\/www.inet.edu.ar\/index.php\/hoy-realizamos-un-foro-sectorial-de-energia-electrica-en-el-inet\/","title":{"rendered":"Nueva reuni\u00f3n del CoNETyP: realizamos el primer foro sectorial de Energ\u00eda El\u00e9ctrica"},"content":{"rendered":"<p>CABA.<\/p>\n<p>Hoy en la sede del INET tuvo lugar una nueva reuni\u00f3n del <a href=\"https:\/\/www.inet.edu.ar\/institucional\/conetyp\/\" target=\"_blank\">CoNETyP (Consejo Nacional de Educaci\u00f3n, Trabajo y Producci\u00f3n)<\/a>: el primer Foro Sectorial de Energ\u00eda El\u00e9ctrica, del que participaron empresas y gremios del sector.<\/p>\n<p>Estuvimos junto al secretario de Energ\u00eda, <strong>Alejandro Sruoga<\/strong>; al secretario de Empleo, <strong>Miguel A. Ponte<\/strong>; a nuestro director ejecutivo, <strong>Gabriel S\u00e1nchez Zinny<\/strong>; al director de nivel Superior T\u00e9cnico,<strong> Gustavo Peltzer<\/strong>; y al secretario permanente del CoNETyP,\u00a0<strong>Santiago de la Barrera<\/strong>.<\/p>\n<p>Durante el evento acordamos ampliar el sector Energ\u00edas Renovables en la Educaci\u00f3n T\u00e9cnico Profesional y tratar el tema de la matr\u00edcula habilitante de los T\u00e9cnicos de Energ\u00eda El\u00e9ctrica, para lo cual se arm\u00f3 una comisi\u00f3n especial.<\/p>\n<p>Participaron\u00a0referentes de distintas c\u00e1maras empresariales, como Instaladores Electricistas y Distribuidores de Materiales El\u00e9ctricos; colegios de t\u00e9cnicos; y gremios como el Sindicato de Luz y Fuerza, y la UOCRA, entre otros.<\/p>\n<p>&nbsp;<\/p>\n<p><strong>Galer\u00eda de fotos<\/strong><\/p>\n<p><a href=\"https:\/\/www.inet.edu.ar\/wp-content\/uploads\/2016\/03\/Foro-de-Energ\u00eda-02.jpg\"><img loading=\"lazy\" decoding=\"async\" class=\"alignleft size-thumbnail wp-image-10063\" title=\"Foro-de-Energ\u00eda-02\" src=\"https:\/\/www.inet.edu.ar\/wp-content\/uploads\/2016\/03\/Foro-de-Energ\u00eda-02-150x100.jpg\" alt=\"\" width=\"150\" height=\"100\" \/><\/a><a href=\"https:\/\/www.inet.edu.ar\/wp-content\/uploads\/2016\/03\/Foro-de-Energ\u00eda-03.jpg\"><img loading=\"lazy\" decoding=\"async\" class=\"alignleft size-thumbnail wp-image-10064\" title=\"Foro-de-Energ\u00eda-03\" src=\"https:\/\/www.inet.edu.ar\/wp-content\/uploads\/2016\/03\/Foro-de-Energ\u00eda-03-150x100.jpg\" alt=\"\" width=\"150\" height=\"100\" \/><\/a><a href=\"https:\/\/www.inet.edu.ar\/wp-content\/uploads\/2016\/03\/Foro-de-Energ\u00eda-04.jpg\"><img loading=\"lazy\" decoding=\"async\" class=\"alignleft size-thumbnail wp-image-10065\" title=\"Foro-de-Energ\u00eda-04\" src=\"https:\/\/www.inet.edu.ar\/wp-content\/uploads\/2016\/03\/Foro-de-Energ\u00eda-04-150x100.jpg\" alt=\"\" width=\"150\" height=\"100\" \/><\/a><a href=\"https:\/\/www.inet.edu.ar\/wp-content\/uploads\/2016\/03\/Foro-de-Energ\u00eda-06.jpg\"><img loading=\"lazy\" decoding=\"async\" class=\"alignleft size-thumbnail wp-image-10066\" title=\"Foro-de-Energ\u00eda-06\" src=\"https:\/\/www.inet.edu.ar\/wp-content\/uploads\/2016\/03\/Foro-de-Energ\u00eda-06-150x100.jpg\" alt=\"\" width=\"150\" height=\"100\" \/><\/a><\/p>\n","protected":false},"excerpt":{"rendered":"<p>CABA. Hoy en la sede del INET tuvo lugar una nueva reuni\u00f3n del CoNETyP (Consejo Nacional de Educaci\u00f3n, Trabajo y Producci\u00f3n): el primer Foro Sectorial de Energ\u00eda El\u00e9ctrica, del que participaron empresas y gremios del sector. Estuvimos junto al secretario de Energ\u00eda, Alejandro Sruoga; al secretario de Empleo, Miguel A. Ponte; a nuestro director ejecutivo, [&hellip;]<\/p>\n","protected":false},"author":7,"featured_media":10057,"comment_status":"closed","ping_status":"open","sticky":false,"template":"","format":"standard","meta":{"footnotes":""},"categories":[1],"tags":[],"class_list":["post-10056","post","type-post","status-publish","format-standard","has-post-thumbnail","hentry","category-noticias"],"_links":{"self":[{"href":"https:\/\/www.inet.edu.ar\/index.php\/wp-json\/wp\/v2\/posts\/10056","targetHints":{"allow":["GET"]}}],"collection":[{"href":"https:\/\/www.inet.edu.ar\/index.php\/wp-json\/wp\/v2\/posts"}],"about":[{"href":"https:\/\/www.inet.edu.ar\/index.php\/wp-json\/wp\/v2\/types\/post"}],"author":[{"embeddable":true,"href":"https:\/\/www.inet.edu.ar\/index.php\/wp-json\/wp\/v2\/users\/7"}],"replies":[{"embeddable":true,"href":"https:\/\/www.inet.edu.ar\/index.php\/wp-json\/wp\/v2\/comments?post=10056"}],"version-history":[{"count":20,"href":"https:\/\/www.inet.edu.ar\/index.php\/wp-json\/wp\/v2\/posts\/10056\/revisions"}],"predecessor-version":[{"id":10669,"href":"https:\/\/www.inet.edu.ar\/index.php\/wp-json\/wp\/v2\/posts\/10056\/revisions\/10669"}],"wp:featuredmedia":[{"embeddable":true,"href":"https:\/\/www.inet.edu.ar\/index.php\/wp-json\/wp\/v2\/media\/10057"}],"wp:attachment":[{"href":"https:\/\/www.inet.edu.ar\/index.php\/wp-json\/wp\/v2\/media?parent=10056"}],"wp:term":[{"taxonomy":"category","embeddable":true,"href":"https:\/\/www.inet.edu.ar\/index.php\/wp-json\/wp\/v2\/categories?post=10056"},{"taxonomy":"post_tag","embeddable":true,"href":"https:\/\/www.inet.edu.ar\/index.php\/wp-json\/wp\/v2\/tags?post=10056"}],"curies":[{"name":"wp","href":"https:\/\/api.w.org\/{rel}","templated":true}]}}