{"id":10145,"date":"2016-03-10T17:13:19","date_gmt":"2016-03-10T20:13:19","guid":{"rendered":"https:\/\/www.inet.edu.ar\/?p=10145"},"modified":"2016-05-02T11:37:33","modified_gmt":"2016-05-02T14:37:33","slug":"profesora-del-otto-krause-caba-nos-cuenta-su-experiencia-como-alumna-y-docente-en-una-escuela-tecnica","status":"publish","type":"post","link":"https:\/\/www.inet.edu.ar\/index.php\/profesora-del-otto-krause-caba-nos-cuenta-su-experiencia-como-alumna-y-docente-en-una-escuela-tecnica\/","title":{"rendered":"Profesora del Otto Krause, CABA, nos cuenta su experiencia como alumna y docente en una escuela t\u00e9cnica"},"content":{"rendered":"<p class=\"lead\">Susana Palomino es profesora en la especialidad Qu\u00edmica de la Escuela T\u00e9cnica \u201cOtto Krause\u201d, en la Ciudad Aut\u00f3noma de Buenos Aires, desde hace 36 a\u00f1os. Entre 1973 y 1978 fue alumna en la misma instituci\u00f3n.<\/p>\n<p class=\"text-muted\">En esta entrevista nos cuenta su experiencia como alumna y docente de una instituci\u00f3n t\u00e9cnica:<\/p>\n<p class=\"text-muted\">\n<p><strong>\u00bfQu\u00e9 es lo que m\u00e1s valora de su paso por la Educaci\u00f3n T\u00e9cnica?<\/strong><\/p>\n<p>\u201cYo siempre digo que en la escuela t\u00e9cnica \u00a0aprend\u00ed a pensar. La Universidad, el Profesorado, los post\u00edtulos permitieron que profundizara esos conocimientos, pero a pensar aprend\u00ed en esta escuela. Considero que en una Escuela T\u00e9cnica se forman personas con t\u00edtulo, con incumbencia profesional. \u00a0Los talleres fueron concebidos como un espacio donde se aprende haciendo. El conocimiento se pone en marcha con la tecnolog\u00eda. Formarse en una escuela t\u00e9cnica te permite formar haciendo. Despu\u00e9s uno se podr\u00e1 seguir formando en la universidad o como T\u00e9cnico Superior pero las incumbencias necesarias para trabajar en laboratorios, en los talleres y para desarrollar trabajos con detenci\u00f3n de autoridad, es decir puestos medios y altos, es de un T\u00e9cnico en escuela media\u201d.<\/p>\n<p>&nbsp;<\/p>\n<p><strong>\u00bfPor qu\u00e9 decidi\u00f3 estudiar en una Escuela Secundaria T\u00e9cnica?<\/strong><\/p>\n<p>\u201cLa verdad\u2026 no me atra\u00edan el resto de las modalidades. Mi hermano hab\u00eda entrado en la escuela \u2018Otto Krause\u2019 \u00a0y me coment\u00f3 que hab\u00eda chicas estudiando. Cuando yo ingres\u00e9, de 400 alumnos ingresamos 4 mujeres. Dado que algunas chicas estudiaban Qu\u00edmica, empec\u00e9 a averiguar de qu\u00e9 se trataba. Y\u2026 ac\u00e1 estoy. Dando clases ahora\u201d.<\/p>\n<p>&nbsp;<\/p>\n<p><strong>\u00bfQu\u00e9 nos puede contar de su experiencia docente?<\/strong><\/p>\n<p>\u201cY\u2026 yo no me fui nunca de la escuela t\u00e9cnica. Primero fui estudiante y luego empec\u00e9 a dar clases\u2026. Soy docente desde hace 36 a\u00f1os, trabajado en la formaci\u00f3n de T\u00e9cnicos Qu\u00edmicos aqu\u00ed en el \u2018Otto Krause\u2019, en una escuela con mucho impacto en la industria nacional y en los desarrollos cient\u00edfico tecnol\u00f3gicos. Nuestros egresados han formado parte equipos de investigaci\u00f3n en nuestro pa\u00eds y en el mundo.\u00a0\u00a0 Hemos participado en actividades extracurriculares, como las Olimp\u00edadas de Construcciones; las, de Electr\u00f3nica; y en Olimp\u00edadas nacionales, iberoamericanas e internacionales de Qu\u00edmica. En esta escuela formamos T\u00e9cnicos en el respeto por uno mismo, por la sociedad y el pa\u00eds en que se va a formar; con responsabilidad para alcanzar la excelencia que le va a permitir ejercer el t\u00edtulo con autoridad\u201d.<\/p>\n<p>&nbsp;<\/p>\n<p><strong>\u00bfQu\u00e9 consejo le puede dar a aquellos j\u00f3venes que quieren estudiar en una escuela t\u00e9cnica?<\/strong><\/p>\n<p>\u201cQue vengan. En cualquier escuela t\u00e9cnica no se puede aprender sin esfuerzo, sin dedicaci\u00f3n, sin caerse y volverse a levantar. La \u00fanica manera de aprender es a trav\u00e9s de la decisi\u00f3n personal de hacernos due\u00f1os de lo \u00fanico que nos va a acompa\u00f1ar hasta el \u00faltimo minuto de nuestras vidas que es el conocimiento. Aconsejo a los alumnos que no piensen que las cosas se resuelven en un minuto. Dediquen el tiempo necesario para aprender y aprehender, para hacerse due\u00f1os del conocimiento. Yo volver\u00eda a elegir la modalidad bajo todo punto de vista y con absoluta certeza porque considero que todas las especialidades de la Educaci\u00f3n T\u00e9cnica van a permitir volver a desarrollar la industria argentina\u201d.<\/p>\n<p>&nbsp;<\/p>\n<p><strong>Enlaces de inter\u00e9s<\/strong><\/p>\n<p><a href=\"http:\/\/www.ottokrause.edu.ar\/\" target=\"_blank\">Portal de la Escuela de Educaci\u00f3n T\u00e9cnica N\u00ba 1 \u201cOtto Krause\u201d<\/a> \u00a0 <strong>\u00a0<\/strong><\/p>\n<p>&nbsp;<\/p>\n<p><strong>Noticias relacionadas<\/strong><\/p>\n<p><a href=\"https:\/\/www.inet.edu.ar\/noticias\/junto-a-la-ministra-de-educacion-de-caba-inauguramos-el-ciclo-lectivo-en-la-et-no-1-otto-krause\/\" target=\"_blank\">Junto a la ministra de Educaci\u00f3n de CABA, inauguramos el ciclo lectivo en la ET N\u00ba 1 \u201cOtto Krause\u201d\u00a0<\/a><\/p>\n","protected":false},"excerpt":{"rendered":"<p>Susana Palomino es profesora en la especialidad Qu\u00edmica de la Escuela T\u00e9cnica \u201cOtto Krause\u201d, en la Ciudad Aut\u00f3noma de Buenos Aires, desde hace 36 a\u00f1os. Entre 1973 y 1978 fue alumna en la misma instituci\u00f3n. En esta entrevista nos cuenta su experiencia como alumna y docente de una instituci\u00f3n t\u00e9cnica: \u00bfQu\u00e9 es lo que m\u00e1s [&hellip;]<\/p>\n","protected":false},"author":7,"featured_media":10149,"comment_status":"closed","ping_status":"open","sticky":false,"template":"","format":"standard","meta":{"footnotes":""},"categories":[11],"tags":[],"class_list":["post-10145","post","type-post","status-publish","format-standard","has-post-thumbnail","hentry","category-testimonios"],"_links":{"self":[{"href":"https:\/\/www.inet.edu.ar\/index.php\/wp-json\/wp\/v2\/posts\/10145","targetHints":{"allow":["GET"]}}],"collection":[{"href":"https:\/\/www.inet.edu.ar\/index.php\/wp-json\/wp\/v2\/posts"}],"about":[{"href":"https:\/\/www.inet.edu.ar\/index.php\/wp-json\/wp\/v2\/types\/post"}],"author":[{"embeddable":true,"href":"https:\/\/www.inet.edu.ar\/index.php\/wp-json\/wp\/v2\/users\/7"}],"replies":[{"embeddable":true,"href":"https:\/\/www.inet.edu.ar\/index.php\/wp-json\/wp\/v2\/comments?post=10145"}],"version-history":[{"count":14,"href":"https:\/\/www.inet.edu.ar\/index.php\/wp-json\/wp\/v2\/posts\/10145\/revisions"}],"predecessor-version":[{"id":10677,"href":"https:\/\/www.inet.edu.ar\/index.php\/wp-json\/wp\/v2\/posts\/10145\/revisions\/10677"}],"wp:featuredmedia":[{"embeddable":true,"href":"https:\/\/www.inet.edu.ar\/index.php\/wp-json\/wp\/v2\/media\/10149"}],"wp:attachment":[{"href":"https:\/\/www.inet.edu.ar\/index.php\/wp-json\/wp\/v2\/media?parent=10145"}],"wp:term":[{"taxonomy":"category","embeddable":true,"href":"https:\/\/www.inet.edu.ar\/index.php\/wp-json\/wp\/v2\/categories?post=10145"},{"taxonomy":"post_tag","embeddable":true,"href":"https:\/\/www.inet.edu.ar\/index.php\/wp-json\/wp\/v2\/tags?post=10145"}],"curies":[{"name":"wp","href":"https:\/\/api.w.org\/{rel}","templated":true}]}}