{"id":10156,"date":"2016-03-10T18:26:29","date_gmt":"2016-03-10T21:26:29","guid":{"rendered":"https:\/\/www.inet.edu.ar\/?p=10156"},"modified":"2016-04-30T08:33:51","modified_gmt":"2016-04-30T11:33:51","slug":"nos-reunimos-con-el-ministro-de-educacion-de-la-rioja","status":"publish","type":"post","link":"https:\/\/www.inet.edu.ar\/index.php\/nos-reunimos-con-el-ministro-de-educacion-de-la-rioja\/","title":{"rendered":"Nos reunimos con el ministro de Educaci\u00f3n de La Rioja"},"content":{"rendered":"<p>CABA, 10 de marzo 2016<\/p>\n<p>Nuestro director ejecutivo, <strong>Gabriel S\u00e1nchez Zinny<\/strong>, se reuni\u00f3 hoy con el ministro de Educaci\u00f3n, Ciencia y Tecnolog\u00eda de La Rioja, <strong>Juan Luna Corzo<\/strong>, en la sede del INET.<\/p>\n<p>Las autoridades conversaron sobre c\u00f3mo seguir ampliando el v\u00ednculo entre la Educaci\u00f3n T\u00e9cnico Profesional y el mercado laboral en la provincia.<\/p>\n<p>\u00c9sta es una de la serie de reuniones que venimos realizando con diferentes autoridades nacionales, provinciales y municipales para establecer agendas conjuntas de trabajo y fortalecer a las instituciones t\u00e9cnico profesionales de todo el pa\u00eds.<\/p>\n","protected":false},"excerpt":{"rendered":"<p>CABA, 10 de marzo 2016 Nuestro director ejecutivo, Gabriel S\u00e1nchez Zinny, se reuni\u00f3 hoy con el ministro de Educaci\u00f3n, Ciencia y Tecnolog\u00eda de La Rioja, Juan Luna Corzo, en la sede del INET. Las autoridades conversaron sobre c\u00f3mo seguir ampliando el v\u00ednculo entre la Educaci\u00f3n T\u00e9cnico Profesional y el mercado laboral en la provincia. \u00c9sta [&hellip;]<\/p>\n","protected":false},"author":7,"featured_media":10167,"comment_status":"closed","ping_status":"open","sticky":false,"template":"","format":"standard","meta":{"footnotes":""},"categories":[1],"tags":[],"class_list":["post-10156","post","type-post","status-publish","format-standard","has-post-thumbnail","hentry","category-noticias"],"_links":{"self":[{"href":"https:\/\/www.inet.edu.ar\/index.php\/wp-json\/wp\/v2\/posts\/10156","targetHints":{"allow":["GET"]}}],"collection":[{"href":"https:\/\/www.inet.edu.ar\/index.php\/wp-json\/wp\/v2\/posts"}],"about":[{"href":"https:\/\/www.inet.edu.ar\/index.php\/wp-json\/wp\/v2\/types\/post"}],"author":[{"embeddable":true,"href":"https:\/\/www.inet.edu.ar\/index.php\/wp-json\/wp\/v2\/users\/7"}],"replies":[{"embeddable":true,"href":"https:\/\/www.inet.edu.ar\/index.php\/wp-json\/wp\/v2\/comments?post=10156"}],"version-history":[{"count":5,"href":"https:\/\/www.inet.edu.ar\/index.php\/wp-json\/wp\/v2\/posts\/10156\/revisions"}],"predecessor-version":[{"id":10168,"href":"https:\/\/www.inet.edu.ar\/index.php\/wp-json\/wp\/v2\/posts\/10156\/revisions\/10168"}],"wp:featuredmedia":[{"embeddable":true,"href":"https:\/\/www.inet.edu.ar\/index.php\/wp-json\/wp\/v2\/media\/10167"}],"wp:attachment":[{"href":"https:\/\/www.inet.edu.ar\/index.php\/wp-json\/wp\/v2\/media?parent=10156"}],"wp:term":[{"taxonomy":"category","embeddable":true,"href":"https:\/\/www.inet.edu.ar\/index.php\/wp-json\/wp\/v2\/categories?post=10156"},{"taxonomy":"post_tag","embeddable":true,"href":"https:\/\/www.inet.edu.ar\/index.php\/wp-json\/wp\/v2\/tags?post=10156"}],"curies":[{"name":"wp","href":"https:\/\/api.w.org\/{rel}","templated":true}]}}