{"id":10804,"date":"2016-03-16T18:54:19","date_gmt":"2016-03-16T21:54:19","guid":{"rendered":"https:\/\/www.inet.edu.ar\/?p=10285"},"modified":"2016-03-16T18:54:19","modified_gmt":"2016-03-16T21:54:19","slug":"junto-al-director-general-de-escuelas-participamos-del-consejo-provincial-de-educacion-trabajo-y-produccion-de-mendoza","status":"publish","type":"post","link":"https:\/\/www.inet.edu.ar\/index.php\/junto-al-director-general-de-escuelas-participamos-del-consejo-provincial-de-educacion-trabajo-y-produccion-de-mendoza\/","title":{"rendered":"Junto al director general de Escuelas, participamos del Consejo Provincial de Educaci\u00f3n, Trabajo y Producci\u00f3n de Mendoza"},"content":{"rendered":"<p><a href=\"https:\/\/www.inet.edu.ar\/wp-content\/uploads\/2016\/03\/en-mendoza.gif\"><img loading=\"lazy\" decoding=\"async\" class=\"alignleft size-thumbnail wp-image-10291\" title=\"en-mendoza\" src=\"https:\/\/www.inet.edu.ar\/wp-content\/uploads\/2016\/03\/en-mendoza-150x100.gif\" alt=\"\" width=\"150\" height=\"100\" \/><\/a>Ciudad de Mendoza, 16 de marzo 2016<\/p>\n<p>Con la presencia del director general de Escuelas, <strong>Jaime Correas<\/strong>; del director ejecutivo del INET, <strong>Gabriel S\u00e1nchez Zinny<\/strong>; y del secretario permanente del <a href=\"https:\/\/www.inet.edu.ar\/institucional\/conetyp\/\" target=\"_blank\">CoNETyP<\/a>, <strong>Santiago de la Barrera<\/strong>, se realiz\u00f3 el primer encuentro del a\u00f1o del Consejo Provincial de Educaci\u00f3n, Trabajo y Producci\u00f3n (CoPETyP) de Mendoza.<\/p>\n<p><em>\u201cEstar todos hoy reunidos ac\u00e1 significa que hay mucha gente a la que le interesa la educaci\u00f3n, y eso se ve reflejado en esta importante concurrencia y sobre todo en el crecimiento que ha tenido la educaci\u00f3n t\u00e9cnica en estos tres meses de gesti\u00f3n, mucho mayor al de cualquier otra modalidad\u201d<\/em>, expres\u00f3 el director general de Escuelas.<\/p>\n<p>Por su parte, nuestro director ejecutivo remarc\u00f3 la importancia de tener este di\u00e1logo con los distintos sectores y poder conocer cu\u00e1les son las demandas que se plantean y poder educar en funci\u00f3n de ellas.\u00a0<span style=\"line-height: 1.21em; font-size: 12.16px;\"><em>\u201cEstamos convencidos de que todas las escuelas tienen que tener vinculaci\u00f3n con el empleo, pero sobre todo las instituciones t\u00e9cnicas, ya que es aqu\u00ed donde tenemos un muy bajo egreso de alumnos, muchos se quedan en el camino, y es eso lo que tenemos que evitar\u201d<\/em>, destac\u00f3\u00a0el funcionario.<\/span><\/p>\n<p>Participaron adem\u00e1s la subsecretaria de Gesti\u00f3n Educativa, <strong>M\u00f3nica Coronadoel<\/strong>, y el Director de Educaci\u00f3n T\u00e9cnica y Trabajo, <strong>N\u00e9stor Am\u00e9rico<\/strong>; junto a representantes de los sectores educativo, empresarial y otras organizaciones sociales y gremiales vinculadas al trabajo y la producci\u00f3n en la provincia.<\/p>\n<p>La creaci\u00f3n del CoPETyP en Mendoza es de fundamental importancia para la Educaci\u00f3n T\u00e9cnica ya que se convertir\u00e1 en el insumo que guiar\u00e1 las transformaciones a los est\u00e1ndares de calidad requeridos por el mundo del trabajo.<\/p>\n<p><strong>Enlaces de inter\u00e9s<\/strong><\/p>\n<p><a href=\"https:\/\/www.inet.edu.ar\/institucional\/conetyp\/\" target=\"_blank\">CoNETyP<\/a><\/p>\n<p><a href=\"https:\/\/www.inet.edu.ar\/institucional\/conetyp\/consejos-provinciales\/\" target=\"_blank\">Consejos provinciales<\/a><\/p>\n<p><strong>Noticias relacionadas<\/strong><\/p>\n<p><a href=\"http:\/\/prensa.mendoza.gov.ar\/la-dge-puso-en-marcha-el-consejo-provincial-de-educacion-trabajo-y-produccion\/\" target=\"_blank\">La DGE puso en marcha el Consejo Provincial de Educaci\u00f3n, Trabajo y Producci\u00f3n<\/a>\u00a0&#8211; portal del Gobierno de Mendoza<\/p>\n<p><strong>Galer\u00eda de im\u00e1genes<\/strong><\/p>\n<p><a href=\"https:\/\/www.inet.edu.ar\/wp-content\/uploads\/2016\/03\/Gabriel-en-Mendoza1.gif\"><img loading=\"lazy\" decoding=\"async\" class=\"alignleft size-thumbnail wp-image-10287\" title=\"Gabriel S\u00e1nchez Zinny con director general de Escuelas-en-Mendoza\" src=\"https:\/\/www.inet.edu.ar\/wp-content\/uploads\/2016\/03\/Gabriel-en-Mendoza1-150x100.gif\" alt=\"\" width=\"150\" height=\"100\" \/><\/a><a href=\"https:\/\/www.inet.edu.ar\/wp-content\/uploads\/2016\/03\/copetyp-en-mendoza.gif\"><img loading=\"lazy\" decoding=\"async\" class=\"alignleft size-thumbnail wp-image-10292\" title=\"copetyp-en-mendoza\" src=\"https:\/\/www.inet.edu.ar\/wp-content\/uploads\/2016\/03\/copetyp-en-mendoza-150x100.gif\" alt=\"\" width=\"150\" height=\"100\" \/><\/a><\/p>\n<p>&nbsp;<\/p>\n","protected":false},"excerpt":{"rendered":"<p>Ciudad de Mendoza, 16 de marzo 2016 Con la presencia del director general de Escuelas, Jaime Correas; del director ejecutivo del INET, Gabriel S\u00e1nchez Zinny; y del secretario permanente del CoNETyP, Santiago de la Barrera, se realiz\u00f3 el primer encuentro del a\u00f1o del Consejo Provincial de Educaci\u00f3n, Trabajo y Producci\u00f3n (CoPETyP) de Mendoza. \u201cEstar todos [&hellip;]<\/p>\n","protected":false},"author":7,"featured_media":10291,"comment_status":"closed","ping_status":"open","sticky":false,"template":"","format":"standard","meta":{"footnotes":""},"categories":[1],"tags":[],"class_list":["post-10804","post","type-post","status-publish","format-standard","has-post-thumbnail","hentry","category-noticias"],"_links":{"self":[{"href":"https:\/\/www.inet.edu.ar\/index.php\/wp-json\/wp\/v2\/posts\/10804","targetHints":{"allow":["GET"]}}],"collection":[{"href":"https:\/\/www.inet.edu.ar\/index.php\/wp-json\/wp\/v2\/posts"}],"about":[{"href":"https:\/\/www.inet.edu.ar\/index.php\/wp-json\/wp\/v2\/types\/post"}],"author":[{"embeddable":true,"href":"https:\/\/www.inet.edu.ar\/index.php\/wp-json\/wp\/v2\/users\/7"}],"replies":[{"embeddable":true,"href":"https:\/\/www.inet.edu.ar\/index.php\/wp-json\/wp\/v2\/comments?post=10804"}],"version-history":[{"count":0,"href":"https:\/\/www.inet.edu.ar\/index.php\/wp-json\/wp\/v2\/posts\/10804\/revisions"}],"wp:featuredmedia":[{"embeddable":true,"href":"https:\/\/www.inet.edu.ar\/index.php\/wp-json\/"}],"wp:attachment":[{"href":"https:\/\/www.inet.edu.ar\/index.php\/wp-json\/wp\/v2\/media?parent=10804"}],"wp:term":[{"taxonomy":"category","embeddable":true,"href":"https:\/\/www.inet.edu.ar\/index.php\/wp-json\/wp\/v2\/categories?post=10804"},{"taxonomy":"post_tag","embeddable":true,"href":"https:\/\/www.inet.edu.ar\/index.php\/wp-json\/wp\/v2\/tags?post=10804"}],"curies":[{"name":"wp","href":"https:\/\/api.w.org\/{rel}","templated":true}]}}