{"id":10806,"date":"2016-03-18T11:10:32","date_gmt":"2016-03-18T14:10:32","guid":{"rendered":"https:\/\/www.inet.edu.ar\/?p=10322"},"modified":"2016-03-18T11:10:32","modified_gmt":"2016-03-18T14:10:32","slug":"participamos-de-un-seminario-sobre-productividad","status":"publish","type":"post","link":"https:\/\/www.inet.edu.ar\/index.php\/participamos-de-un-seminario-sobre-productividad\/","title":{"rendered":"Participamos de un seminario sobre productividad"},"content":{"rendered":"<pre><a href=\"https:\/\/www.inet.edu.ar\/wp-content\/uploads\/2016\/03\/DSC_0257.jpg\"><img loading=\"lazy\" decoding=\"async\" class=\"alignleft size-thumbnail wp-image-10323\" title=\"Director del INET en conferencia\" src=\"https:\/\/www.inet.edu.ar\/wp-content\/uploads\/2016\/03\/DSC_0257-150x100.jpg\" alt=\"\" width=\"150\" height=\"100\" \/><\/a><\/pre>\n<p><span style=\"line-height: 1.21em; font-size: 12.16px;\">Ciudad Aut\u00f3noma de Buenos Aires. 17 de marzo, 2016<\/span><\/p>\n<p><span style=\"line-height: 1.21em; font-size: 12.16px;\">Nuestro director ejecutivo,\u00a0<\/span><strong style=\"line-height: 1.21em; font-size: 12.16px;\">Gabriel S\u00e1nchez Zinny<\/strong><span style=\"line-height: 1.21em; font-size: 12.16px;\">, disert\u00f3 en el seminario\u00a0<\/span><em style=\"line-height: 1.21em; font-size: 12.16px;\">\u00abLa digitalizaci\u00f3n en Am\u00e9rica Latina: El camino hacia la competitividad\u00bb<\/em><span style=\"line-height: 1.21em; font-size: 12.16px;\">, organizado por\u00a0<\/span><a style=\"line-height: 1.21em; font-size: 12.16px;\" href=\"http:\/\/www.grupoassa.com\/es\" target=\"_blank\">gA (Grupo ASSA)<\/a><span style=\"line-height: 1.21em; font-size: 12.16px;\">\u00a0en el Museo Fortabat.<\/span><\/p>\n<p><strong style=\"line-height: 1.21em; font-size: 12.16px;\">S\u00e1nchez Zinny<\/strong><span style=\"line-height: 1.21em; font-size: 12.16px;\">\u00a0remarc\u00f3 la importancia de que\u00a0el sector socioproductivo se vincule directamente con el sistema educativo y que la oferta educativa est\u00e9 en concordancia con lo que demanda el mercado laboral. Y puntualiz\u00f3 el trabajo que desde el INET, como organismo del Ministerio de Educaci\u00f3n y Deportes, estamos realizando.\u00a0<em>\u00abTenemos que expandir el acceso a las capacitaciones. Queremos ser una oferta tambi\u00e9n para todos los argentinos que no han ido a la universidad\u00bb<\/em>.\u00a0<\/span><\/p>\n<p><span style=\"line-height: 1.21em; font-size: 12.16px;\">Asimismo, habl\u00f3 sobre la tecnolog\u00eda en la productividad:<em> \u201cEl cambio en la digitalizaci\u00f3n que tienen que incorporar sus compa\u00f1\u00edas tiene que ver con el cambio de actitud, tiene que ver con el cambio de pensamiento, con talento, que la gente se adapte mucho m\u00e1s con lo que se conoce ahora como habilidades blandas, habilidades para la vida que con habilidades tecnol\u00f3gicas\u201d<\/em>.<\/span><\/p>\n<p><span style=\"line-height: 1.21em; font-size: 12.16px;\">Y finaliz\u00f3: <\/span><em style=\"line-height: 1.21em; font-size: 12.16px;\">\u201c<\/em><em style=\"line-height: 1.21em; font-size: 12.16px;\">En la Educaci\u00f3n T\u00e9cnica en Argentina ponemos mucho m\u00e1s \u00e9nfasis en las habilidades duras que en las habilidades blandas que es lo que se conoce como \u201cla \u00e9tica del trabajo\u201d, es decir, llegar a tiempo, no faltar, trabajar en equipo. El cambio tiene mucho m\u00e1s que ver con estas habilidades sobre todo en una sociedad m\u00e1s cambiante\u201d<\/em><span style=\"line-height: 1.21em; font-size: 12.16px;\"> al tiempo que comparti\u00f3 que es en esto en lo que estamos trabajando desde el INET en coordinaci\u00f3n con los otros Ministerios.<\/span><\/p>\n<p><strong style=\"line-height: 1.21em; font-size: 12.16px;\">Acerca de gA Grupo ASSA<\/strong><\/p>\n<p>El Grupo ASSA es una firma Latinoamericana que ayuda a empresas globales y de la regi\u00f3n a transformar sus negocios a trav\u00e9s del uso de tecnolog\u00edas.<\/p>\n<p><span style=\"line-height: 1.21em; font-size: 12.16px;\">Para m\u00e1s informaci\u00f3n:<a href=\"http:\/\/www.grupoassa.com\/es\" target=\"_blank\"> P\u00e1gina web Grupo ASSA<\/a><\/span><\/p>\n","protected":false},"excerpt":{"rendered":"<p>Ciudad Aut\u00f3noma de Buenos Aires. 17 de marzo, 2016 Nuestro director ejecutivo,\u00a0Gabriel S\u00e1nchez Zinny, disert\u00f3 en el seminario\u00a0\u00abLa digitalizaci\u00f3n en Am\u00e9rica Latina: El camino hacia la competitividad\u00bb, organizado por\u00a0gA (Grupo ASSA)\u00a0en el Museo Fortabat. S\u00e1nchez Zinny\u00a0remarc\u00f3 la importancia de que\u00a0el sector socioproductivo se vincule directamente con el sistema educativo y que la oferta educativa est\u00e9 [&hellip;]<\/p>\n","protected":false},"author":7,"featured_media":10323,"comment_status":"closed","ping_status":"open","sticky":false,"template":"","format":"standard","meta":{"footnotes":""},"categories":[1],"tags":[],"class_list":["post-10806","post","type-post","status-publish","format-standard","has-post-thumbnail","hentry","category-noticias"],"_links":{"self":[{"href":"https:\/\/www.inet.edu.ar\/index.php\/wp-json\/wp\/v2\/posts\/10806","targetHints":{"allow":["GET"]}}],"collection":[{"href":"https:\/\/www.inet.edu.ar\/index.php\/wp-json\/wp\/v2\/posts"}],"about":[{"href":"https:\/\/www.inet.edu.ar\/index.php\/wp-json\/wp\/v2\/types\/post"}],"author":[{"embeddable":true,"href":"https:\/\/www.inet.edu.ar\/index.php\/wp-json\/wp\/v2\/users\/7"}],"replies":[{"embeddable":true,"href":"https:\/\/www.inet.edu.ar\/index.php\/wp-json\/wp\/v2\/comments?post=10806"}],"version-history":[{"count":0,"href":"https:\/\/www.inet.edu.ar\/index.php\/wp-json\/wp\/v2\/posts\/10806\/revisions"}],"wp:featuredmedia":[{"embeddable":true,"href":"https:\/\/www.inet.edu.ar\/index.php\/wp-json\/"}],"wp:attachment":[{"href":"https:\/\/www.inet.edu.ar\/index.php\/wp-json\/wp\/v2\/media?parent=10806"}],"wp:term":[{"taxonomy":"category","embeddable":true,"href":"https:\/\/www.inet.edu.ar\/index.php\/wp-json\/wp\/v2\/categories?post=10806"},{"taxonomy":"post_tag","embeddable":true,"href":"https:\/\/www.inet.edu.ar\/index.php\/wp-json\/wp\/v2\/tags?post=10806"}],"curies":[{"name":"wp","href":"https:\/\/api.w.org\/{rel}","templated":true}]}}