{"id":10808,"date":"2016-03-21T12:29:07","date_gmt":"2016-03-21T15:29:07","guid":{"rendered":"https:\/\/www.inet.edu.ar\/?p=10384"},"modified":"2016-03-21T12:29:07","modified_gmt":"2016-03-21T15:29:07","slug":"acto-de-presentacion-de-obra-para-institucion-tecnico-profesional-en-rio-negro","status":"publish","type":"post","link":"https:\/\/www.inet.edu.ar\/index.php\/acto-de-presentacion-de-obra-para-institucion-tecnico-profesional-en-rio-negro\/","title":{"rendered":"Acto de presentaci\u00f3n de obra para instituci\u00f3n t\u00e9cnico profesional en R\u00edo Negro"},"content":{"rendered":"<pre><a href=\"https:\/\/www.inet.edu.ar\/wp-content\/uploads\/2016\/03\/director-del-INET-con-Ministra-de-Educaci\u00f3n-de-R\u00edo-Negro.gif\"><img loading=\"lazy\" decoding=\"async\" class=\"alignleft size-medium wp-image-10386\" title=\"director-del-INET-con-Ministra-de-Educaci\u00f3n-de-R\u00edo-Negro\" src=\"https:\/\/www.inet.edu.ar\/wp-content\/uploads\/2016\/03\/director-del-INET-con-Ministra-de-Educaci\u00f3n-de-R\u00edo-Negro-240x96.gif\" alt=\"\" width=\"240\" height=\"96\" \/><\/a>San Antonio Oeste, R\u00edo Negro. 19 de marzo 2016<\/pre>\n<p>Junto a la Ministra de Educaci\u00f3n y Derechos Humanos, <strong>M\u00f3nica Silva<\/strong>, y nuestro director ejecutivo, <strong>Gabriel S\u00e1nchez Zinny<\/strong>,\u00a0participamos de la presentaci\u00f3n del proyecto para financiar la nueva obra del Centro de Educaci\u00f3n T\u00e9cnica N\u00ba 32.<\/p>\n<p>En el acto, estuvieron presentes nuestra directora de Asuntos Federales, <strong>Graciela Uequin<\/strong>; el intendente interino de la localidad,\u00a0<strong>Claudio Palomeque<\/strong>; el intendente electo, <strong>Luis Ojeda<\/strong>; el legislador <strong>Adri\u00e1n Casadei<\/strong>; el subsecretario de Coordinaci\u00f3n, <strong>Adri\u00e1n Carrizo<\/strong>, quien estuvo a cargo de la presentaci\u00f3n; la directora de Educaci\u00f3n T\u00e9cnica, de J\u00f3venes y Adultos, y Formaci\u00f3n Profesional, <strong>Eliana Silva<\/strong>; la de Planeamiento, Educaci\u00f3n Superior y Formaci\u00f3n, <strong>Mercedes Jara<\/strong>; el referente jurisdiccional ante el INET, <strong>Pablo Nu\u00f1ez;<\/strong> y la Coordinadora del Consejo Escolar zonal, <strong>Ana Laura Giovanini<\/strong>.<\/p>\n<p>La ministra <strong>Silva<\/strong> sostuvo que es <em>\u00abuna alegr\u00eda estar en San Antonio, una localidad que apost\u00f3 a la Educaci\u00f3n T\u00e9cnica. Cuando decidimos crear el CET 32 sab\u00edamos que quer\u00edamos que exista; y hoy estamos dando un paso m\u00e1s, con el acompa\u00f1amiento de las autoridades del INET en la presentaci\u00f3n de la posibilidad de un edificio nuevo. La posibilidad de que este sue\u00f1o se vaya haciendo realidad; esto es gracias al esfuerzo de toda la comunidad y con una apuesta que las familias han hecho a la escuela t\u00e9cnica\u00bb.<\/em><\/p>\n<p>Por su parte, nuestro director manifest\u00f3 su entusiasmo por el trabajo conjunto entre Naci\u00f3n y Provincia, al tiempo que agreg\u00f3 la importancia de que la Educaci\u00f3n\u00a0tenga una buena conexi\u00f3n con el mundo socioproductivo. <em>\u00abPara que cuando se grad\u00faen puedan ir a la universidad, estudiar una Tecnicatura o poder tener una salida laboral de lo que estudiaron. Y ac\u00e1 vemos que la escuela est\u00e1 muy conectada con una salida laboral, con una escuela t\u00e9cnica relacionada con los servicios, con la hoteler\u00eda y la gastronom\u00eda\u00bb.<\/em><\/p>\n<p>Asimismo, destac\u00f3 que <em>\u00abmuchas veces entendemos que la escuela t\u00e9cnica es nada m\u00e1s que industria, t\u00e9cnica pesada como la electricidad, la mec\u00e1nica, pero la verdad es que el 60 % de la matr\u00edcula en Argentina es en servicios, hoteler\u00eda, gastronom\u00eda, servicios software. En R\u00edo Negro, hay una mirada pionera en el pa\u00eds, mirando a lo que no s\u00f3lo tiene que ver con la t\u00e9cnica dura, sino tambi\u00e9n con los servicios. Por eso, la Provincia present\u00f3 en la Comisi\u00f3n Federal del INET, en Posadas Misiones, c\u00f3mo encarar esta relaci\u00f3n de la especialidad educativa y la demanda socioproductiva\u00bb.<\/em><\/p>\n<p>Despu\u00e9s del acto en la escuela refuncionalizada, donde actualmente funciona el CET 32, los funcionarios provinciales y nacionales recorrieron las instalaciones del CET N\u00ba 19 de la misma localidad. All\u00ed dirigieron unas palabras a los estudiantes del turno tarde que estaban en el establecimiento.<\/p>\n<p>Finalmente, visitaron los talleres del CET 32, ubicados en Las Grutas, para luego participar de una peque\u00f1a reuni\u00f3n en el Centro Administrativo de San Antonio.<\/p>\n<p>Al d\u00eda siguiente, <strong>S\u00e1nchez Zinny<\/strong> se reuni\u00f3\u00a0<span style=\"line-height: 1.21em; font-size: 12.16px;\">en la sede del Ministerio de Educaci\u00f3n y Derechos Humanos junto a la ministra y a su equipo para seguir intercambiando ideas de trabajo conjunto entre el INET y la provincia.<\/span><\/p>\n<p><strong>Noticias relacionadas<\/strong><\/p>\n<p><a style=\"line-height: 1.21em; font-size: 12.16px;\" href=\"http:\/\/www.educacion.rionegro.gov.ar\/desarrollo_noti.php?id=4300\" target=\"_blank\">Ante el director ejecutivo del INET, Educaci\u00f3n present\u00f3 la obra del CET 32 en San Antonio Oest<\/a><span style=\"line-height: 1.21em; font-size: 12.16px;\">e &#8211; portal Ministerio de Educaci\u00f3n y Derechos Humanos de R\u00edo Negro<\/span><\/p>\n<p><strong>Galer\u00eda de im\u00e1genes<\/strong><\/p>\n<p><strong><\/strong><a href=\"https:\/\/www.inet.edu.ar\/wp-content\/uploads\/2016\/03\/IMG-20160318-WA0016.jpg\"><img loading=\"lazy\" decoding=\"async\" class=\"alignleft size-thumbnail wp-image-10399\" title=\"director del INET en CET de San Antonio Oeste\" src=\"https:\/\/www.inet.edu.ar\/wp-content\/uploads\/2016\/03\/IMG-20160318-WA0016-150x100.jpg\" alt=\"\" width=\"150\" height=\"100\" \/><\/a><a href=\"https:\/\/www.inet.edu.ar\/wp-content\/uploads\/2016\/03\/IMG-20160318-WA0022.jpg\"><img loading=\"lazy\" decoding=\"async\" class=\"alignleft size-thumbnail wp-image-10400\" title=\"ministra Silva y director del INET\" src=\"https:\/\/www.inet.edu.ar\/wp-content\/uploads\/2016\/03\/IMG-20160318-WA0022-150x100.jpg\" alt=\"\" width=\"150\" height=\"100\" \/><\/a><a href=\"https:\/\/www.inet.edu.ar\/wp-content\/uploads\/2016\/03\/CET.gif\"><img loading=\"lazy\" decoding=\"async\" class=\"alignleft size-thumbnail wp-image-10401\" title=\"CET N\u00ba 32\" src=\"https:\/\/www.inet.edu.ar\/wp-content\/uploads\/2016\/03\/CET-150x100.gif\" alt=\"\" width=\"150\" height=\"100\" \/><\/a><\/p>\n<p>&nbsp;<\/p>\n<p><span style=\"font-size: 1.21em; line-height: 1.31em;\"><br \/>\n<\/span><\/p>\n","protected":false},"excerpt":{"rendered":"<p>San Antonio Oeste, R\u00edo Negro. 19 de marzo 2016 Junto a la Ministra de Educaci\u00f3n y Derechos Humanos, M\u00f3nica Silva, y nuestro director ejecutivo, Gabriel S\u00e1nchez Zinny,\u00a0participamos de la presentaci\u00f3n del proyecto para financiar la nueva obra del Centro de Educaci\u00f3n T\u00e9cnica N\u00ba 32. En el acto, estuvieron presentes nuestra directora de Asuntos Federales, Graciela [&hellip;]<\/p>\n","protected":false},"author":7,"featured_media":10386,"comment_status":"closed","ping_status":"open","sticky":false,"template":"","format":"standard","meta":{"footnotes":""},"categories":[1],"tags":[],"class_list":["post-10808","post","type-post","status-publish","format-standard","has-post-thumbnail","hentry","category-noticias"],"_links":{"self":[{"href":"https:\/\/www.inet.edu.ar\/index.php\/wp-json\/wp\/v2\/posts\/10808","targetHints":{"allow":["GET"]}}],"collection":[{"href":"https:\/\/www.inet.edu.ar\/index.php\/wp-json\/wp\/v2\/posts"}],"about":[{"href":"https:\/\/www.inet.edu.ar\/index.php\/wp-json\/wp\/v2\/types\/post"}],"author":[{"embeddable":true,"href":"https:\/\/www.inet.edu.ar\/index.php\/wp-json\/wp\/v2\/users\/7"}],"replies":[{"embeddable":true,"href":"https:\/\/www.inet.edu.ar\/index.php\/wp-json\/wp\/v2\/comments?post=10808"}],"version-history":[{"count":0,"href":"https:\/\/www.inet.edu.ar\/index.php\/wp-json\/wp\/v2\/posts\/10808\/revisions"}],"wp:featuredmedia":[{"embeddable":true,"href":"https:\/\/www.inet.edu.ar\/index.php\/wp-json\/"}],"wp:attachment":[{"href":"https:\/\/www.inet.edu.ar\/index.php\/wp-json\/wp\/v2\/media?parent=10808"}],"wp:term":[{"taxonomy":"category","embeddable":true,"href":"https:\/\/www.inet.edu.ar\/index.php\/wp-json\/wp\/v2\/categories?post=10808"},{"taxonomy":"post_tag","embeddable":true,"href":"https:\/\/www.inet.edu.ar\/index.php\/wp-json\/wp\/v2\/tags?post=10808"}],"curies":[{"name":"wp","href":"https:\/\/api.w.org\/{rel}","templated":true}]}}