{"id":11100,"date":"2016-04-21T18:42:15","date_gmt":"2016-04-21T21:42:15","guid":{"rendered":"https:\/\/www.inet.edu.ar\/?p=11100"},"modified":"2016-04-21T18:42:15","modified_gmt":"2016-04-21T21:42:15","slug":"hoy-lanzamos-el-programa-ser-digital-en-el-municipio-de-moron","status":"publish","type":"post","link":"https:\/\/www.inet.edu.ar\/index.php\/hoy-lanzamos-el-programa-ser-digital-en-el-municipio-de-moron\/","title":{"rendered":"Hoy lanzamos el programa \u201cSer digital\u201d en el Municipio de Mor\u00f3n"},"content":{"rendered":"<p align=\"center\"><em><a href=\"https:\/\/www.inet.edu.ar\/wp-content\/uploads\/2016\/04\/moron.jpg\"><img loading=\"lazy\" decoding=\"async\" class=\"alignleft size-thumbnail wp-image-11103\" title=\"Lanzamiento de &quot;Ser digital&quot; en Mor\u00f3n\" src=\"https:\/\/www.inet.edu.ar\/wp-content\/uploads\/2016\/04\/moron-150x100.jpg\" alt=\"\" width=\"150\" height=\"100\" \/><\/a>Cursos de computaci\u00f3n para adultos mayores<\/em><\/p>\n<pre>21 de abril, 2016<\/pre>\n<p>En el marco del convenio entre el Ministerio de Educaci\u00f3n y Deportes, el PAMI, y la asociaci\u00f3n USUARIA, lanzamos el programa \u201cSer digital\u201d de cursos de computaci\u00f3n para adultos mayores en la UGC N\u00b0 5 de Mor\u00f3n.<\/p>\n<p><span style=\"line-height: 1.21em; font-size: 12.16px;\">Estuvieron presentes el director del Formaci\u00f3n Profesional, <strong>Fabi\u00e1n Prieto<\/strong>, y la directora de Asuntos Federales, <strong>Graciela Uequ\u00edn<\/strong>.<\/span><\/p>\n<p>Ayer, mi\u00e9rcoles 20 de abril, estuvimos inaugurando la cursada en Claypole, con el director ejecutivo del PAMI, <strong>Carlos\u00a0 Regazzoni<\/strong>; nuestro director ejecutivo, <strong>Gabriel S\u00e1nchez Zinny<\/strong>; y el director ejecutivo de USUARIA, <strong>Juan Jos\u00e9 Dell`Acqua<\/strong>.<\/p>\n<p>El programa \u201cSer Digital\u201d promueve el dictado de cursos para adultos mayores, en el marco del convenio que el Ministerio firm\u00f3 con la asociaci\u00f3n USUARIA (Asociaci\u00f3n Argentina de Usuarios de la Inform\u00e1tica y las Comunicaciones) de cooperaci\u00f3n institucional y asistencia t\u00e9cnica para desarrollar acciones conjuntas dirigidas a la comunidad educativa.<\/p>\n<p><strong>Noticias relacionadas<\/strong><\/p>\n<p><a href=\" https:\/\/www.inet.edu.ar\/noticias\/inauguramos-cursos-de-computacion-para-adultos-mayores-junto-con-el-pami-y-la-asociacion-usuaria\/\" target=\"_blank\">\u201cInauguramos cursos de computaci\u00f3n para adultos mayores junto con el PAMI y la asociaci\u00f3n USUARIA\u201d<\/a><\/p>\n","protected":false},"excerpt":{"rendered":"<p>Cursos de computaci\u00f3n para adultos mayores 21 de abril, 2016 En el marco del convenio entre el Ministerio de Educaci\u00f3n y Deportes, el PAMI, y la asociaci\u00f3n USUARIA, lanzamos el programa \u201cSer digital\u201d de cursos de computaci\u00f3n para adultos mayores en la UGC N\u00b0 5 de Mor\u00f3n. Estuvieron presentes el director del Formaci\u00f3n Profesional, Fabi\u00e1n [&hellip;]<\/p>\n","protected":false},"author":7,"featured_media":11103,"comment_status":"closed","ping_status":"open","sticky":false,"template":"","format":"standard","meta":{"footnotes":""},"categories":[1],"tags":[],"class_list":["post-11100","post","type-post","status-publish","format-standard","has-post-thumbnail","hentry","category-noticias"],"_links":{"self":[{"href":"https:\/\/www.inet.edu.ar\/index.php\/wp-json\/wp\/v2\/posts\/11100","targetHints":{"allow":["GET"]}}],"collection":[{"href":"https:\/\/www.inet.edu.ar\/index.php\/wp-json\/wp\/v2\/posts"}],"about":[{"href":"https:\/\/www.inet.edu.ar\/index.php\/wp-json\/wp\/v2\/types\/post"}],"author":[{"embeddable":true,"href":"https:\/\/www.inet.edu.ar\/index.php\/wp-json\/wp\/v2\/users\/7"}],"replies":[{"embeddable":true,"href":"https:\/\/www.inet.edu.ar\/index.php\/wp-json\/wp\/v2\/comments?post=11100"}],"version-history":[{"count":0,"href":"https:\/\/www.inet.edu.ar\/index.php\/wp-json\/wp\/v2\/posts\/11100\/revisions"}],"wp:featuredmedia":[{"embeddable":true,"href":"https:\/\/www.inet.edu.ar\/index.php\/wp-json\/"}],"wp:attachment":[{"href":"https:\/\/www.inet.edu.ar\/index.php\/wp-json\/wp\/v2\/media?parent=11100"}],"wp:term":[{"taxonomy":"category","embeddable":true,"href":"https:\/\/www.inet.edu.ar\/index.php\/wp-json\/wp\/v2\/categories?post=11100"},{"taxonomy":"post_tag","embeddable":true,"href":"https:\/\/www.inet.edu.ar\/index.php\/wp-json\/wp\/v2\/tags?post=11100"}],"curies":[{"name":"wp","href":"https:\/\/api.w.org\/{rel}","templated":true}]}}