{"id":11106,"date":"2016-04-22T12:58:57","date_gmt":"2016-04-22T15:58:57","guid":{"rendered":"https:\/\/www.inet.edu.ar\/?p=11106"},"modified":"2016-04-22T12:58:57","modified_gmt":"2016-04-22T15:58:57","slug":"visitamos-la-escuela-tecnica-de-aeronautica-de-el-palomar","status":"publish","type":"post","link":"https:\/\/www.inet.edu.ar\/index.php\/visitamos-la-escuela-tecnica-de-aeronautica-de-el-palomar\/","title":{"rendered":"Visitamos la escuela t\u00e9cnica de aeron\u00e1utica de El Palomar"},"content":{"rendered":"<pre><a href=\"https:\/\/www.inet.edu.ar\/wp-content\/uploads\/2016\/04\/IMG-20160422-WA0002.jpg\"><img loading=\"lazy\" decoding=\"async\" class=\"alignleft size-thumbnail wp-image-11109\" title=\"director del INET junto con coordinador de la Red de ATM y directivos de la instituci\u00f3n\" src=\"https:\/\/www.inet.edu.ar\/wp-content\/uploads\/2016\/04\/IMG-20160422-WA0002-150x100.jpg\" alt=\"\" width=\"150\" height=\"100\" \/><\/a>Mor\u00f3n. 22 de abril, 2016<\/pre>\n<p>Nuestro director ejecutivo, <strong>Gabriel S\u00e1nchez Zinny<\/strong>, recorri\u00f3 las instalaciones de la EEST N\u00b0 4 \u201cI\u00b0 Brigada A\u00e9rea \u00a0&#8211; Profesor H\u00e9ctor \u00c1ngel Laguarde\u201d\u00a0de El Palomar junto con el coordinador de la <a href=\"https:\/\/www.inet.edu.ar\/politicas-y-programas\/programa-federal-de-aulas-tecnicas-moviles\/\" target=\"_blank\">Red Nacional de Aulas Talleres M\u00f3viles<\/a>, <strong>Norberto Rejidor<\/strong>.<\/p>\n<p>Nos recibieron los directivos de la instituci\u00f3n, quienes nos contaron sobre las pr\u00e1cticas profesionalizantes que se realizan en la misma.<\/p>\n<p>Durante la visita, nos interiorizamos sobre el funcionamiento de la escuela y el trabajo en conjunto que realizan con la Fuerza A\u00e9rea Argentina.<\/p>\n<p>La EEST N\u00b0 4 \u201cI\u00b0 Brigada A\u00e9rea &#8211; Profesor H\u00e9ctor \u00c1ngel Laguarde\u201d ofrece dos Tecnicaturas de nivel Secundario de la modalidad: en Aeron\u00e1utica y en Electr\u00f3nica.<\/p>\n<p>Para m\u00e1s informaci\u00f3n:<\/p>\n<p><a href=\"http:\/\/catalogo.inet.edu.ar\/institucion\/escuela-de-educacion-secundaria-tecnica-n-04-profesor-hector-angel-laguarde-527\" target=\"_blank\">EEST N\u00b0 4 \u201cI\u00b0 Brigada A\u00e9rea\u00a0\u00a0&#8211; Profesor H\u00e9ctor \u00c1ngel Laguarde\u201d en\u00a0Cat\u00e1logo INET\u00a0<\/a><\/p>\n<p><strong>Galer\u00eda de im\u00e1genes<\/strong><\/p>\n<p><a href=\"https:\/\/www.inet.edu.ar\/wp-content\/uploads\/2016\/04\/IMG-20160422-WA0005.jpg\"><img loading=\"lazy\" decoding=\"async\" class=\"alignleft size-thumbnail wp-image-11110\" title=\"director del INET dentro de un avi\u00f3n\" src=\"https:\/\/www.inet.edu.ar\/wp-content\/uploads\/2016\/04\/IMG-20160422-WA0005-150x100.jpg\" alt=\"\" width=\"150\" height=\"100\" \/><\/a><a href=\"https:\/\/www.inet.edu.ar\/wp-content\/uploads\/2016\/04\/IMG-20160422-WA0006.jpg\"><img loading=\"lazy\" decoding=\"async\" class=\"alignleft size-thumbnail wp-image-11111\" title=\"director del INET junto con directivos de la instituci\u00f3n\" src=\"https:\/\/www.inet.edu.ar\/wp-content\/uploads\/2016\/04\/IMG-20160422-WA0006-150x100.jpg\" alt=\"\" width=\"150\" height=\"100\" \/><\/a><\/p>\n","protected":false},"excerpt":{"rendered":"<p>Mor\u00f3n. 22 de abril, 2016 Nuestro director ejecutivo, Gabriel S\u00e1nchez Zinny, recorri\u00f3 las instalaciones de la EEST N\u00b0 4 \u201cI\u00b0 Brigada A\u00e9rea \u00a0&#8211; Profesor H\u00e9ctor \u00c1ngel Laguarde\u201d\u00a0de El Palomar junto con el coordinador de la Red Nacional de Aulas Talleres M\u00f3viles, Norberto Rejidor. Nos recibieron los directivos de la instituci\u00f3n, quienes nos contaron sobre las [&hellip;]<\/p>\n","protected":false},"author":7,"featured_media":11109,"comment_status":"closed","ping_status":"open","sticky":false,"template":"","format":"standard","meta":{"footnotes":""},"categories":[1],"tags":[],"class_list":["post-11106","post","type-post","status-publish","format-standard","has-post-thumbnail","hentry","category-noticias"],"_links":{"self":[{"href":"https:\/\/www.inet.edu.ar\/index.php\/wp-json\/wp\/v2\/posts\/11106","targetHints":{"allow":["GET"]}}],"collection":[{"href":"https:\/\/www.inet.edu.ar\/index.php\/wp-json\/wp\/v2\/posts"}],"about":[{"href":"https:\/\/www.inet.edu.ar\/index.php\/wp-json\/wp\/v2\/types\/post"}],"author":[{"embeddable":true,"href":"https:\/\/www.inet.edu.ar\/index.php\/wp-json\/wp\/v2\/users\/7"}],"replies":[{"embeddable":true,"href":"https:\/\/www.inet.edu.ar\/index.php\/wp-json\/wp\/v2\/comments?post=11106"}],"version-history":[{"count":0,"href":"https:\/\/www.inet.edu.ar\/index.php\/wp-json\/wp\/v2\/posts\/11106\/revisions"}],"wp:featuredmedia":[{"embeddable":true,"href":"https:\/\/www.inet.edu.ar\/index.php\/wp-json\/"}],"wp:attachment":[{"href":"https:\/\/www.inet.edu.ar\/index.php\/wp-json\/wp\/v2\/media?parent=11106"}],"wp:term":[{"taxonomy":"category","embeddable":true,"href":"https:\/\/www.inet.edu.ar\/index.php\/wp-json\/wp\/v2\/categories?post=11106"},{"taxonomy":"post_tag","embeddable":true,"href":"https:\/\/www.inet.edu.ar\/index.php\/wp-json\/wp\/v2\/tags?post=11106"}],"curies":[{"name":"wp","href":"https:\/\/api.w.org\/{rel}","templated":true}]}}