{"id":11148,"date":"2016-04-25T14:06:25","date_gmt":"2016-04-25T17:06:25","guid":{"rendered":"https:\/\/www.inet.edu.ar\/?p=11148"},"modified":"2016-05-19T13:34:44","modified_gmt":"2016-05-19T16:34:44","slug":"ciclo-de-debates-sobre-los-jovenes-y-su-futuro-laboral","status":"publish","type":"post","link":"https:\/\/www.inet.edu.ar\/index.php\/ciclo-de-debates-sobre-los-jovenes-y-su-futuro-laboral\/","title":{"rendered":"Los j\u00f3venes y su futuro laboral: Ciclo de debates en el INET"},"content":{"rendered":"<p>Ciudad Aut\u00f3noma de Buenos Aires.<\/p>\n<p>Hoy realizamos el segundo encuentro del Ciclo de Debates <strong>\u00abLa educaci\u00f3n de los j\u00f3venes y su potencial profesional desde la visi\u00f3n de las empresas\u00bb<\/strong> con nuestro director ejecutivo, <strong>Gabriel S\u00e1nchez Zinny<\/strong>.<\/p>\n<p>Contamos con la presencia de <strong>Luis Arag\u00f3n<\/strong> (Director de la divisi\u00f3n de RRHH de IDEA), <strong>Mat\u00edas \u00c1lvarez<\/strong> (Subdirector de intercambio empresarial de IDEA) y de <strong>Daniela Mora Simoes<\/strong> (Gerente Corporativa de RRHH de OMINT) como panelistas invitados.<\/p>\n<p>Estuvieron presentes\u00a0el secretario permanente del\u00a0<a href=\"https:\/\/www.inet.edu.ar\/institucional\/conetyp\/\" target=\"_blank\">CoNETyP<\/a>,\u00a0<strong>Santiago de la Barrera<\/strong>; la directora de Asuntos Federales del INET,\u00a0<strong>Graciela Uequ\u00edn<\/strong>; el director de Innovaci\u00f3n Tecnol\u00f3gica y Fortalecimiento Institucional,\u00a0<strong>Ariel Castiglioni<\/strong>; el director de Educaci\u00f3n T\u00e9cnica Superior,\u00a0<strong>Gustavo Peltzer<\/strong>; el director de Formaci\u00f3n Profesional,\u00a0<strong>Fabi\u00e1n Prieto<\/strong>; y la directora de nivel Secundario T\u00e9cnico,\u00a0<strong>Mercedes Blanco.<\/strong><\/p>\n<p>Hablamos sobre las capacidades y habilidades que demandan las empresas de los j\u00f3venes profesionales y t\u00e9cnicos; y sobre c\u00f3mo desde la educaci\u00f3n podemos preparar a los j\u00f3venes para su inserci\u00f3n laboral.<\/p>\n<p>&nbsp;<\/p>\n<p><strong>Enlaces relacionados<\/strong><\/p>\n<p><a href=\"http:\/\/ideared.org\/\" target=\"_blank\">IDEA<\/a><\/p>\n<p>&nbsp;<\/p>\n<p><strong>Galer\u00eda de im\u00e1genes<\/strong><\/p>\n\n\t\t<style type=\"text\/css\">\n\t\t\t#gallery-1 {\n\t\t\t\tmargin: auto;\n\t\t\t}\n\t\t\t#gallery-1 .gallery-item {\n\t\t\t\tfloat: left;\n\t\t\t\tmargin-top: 10px;\n\t\t\t\ttext-align: center;\n\t\t\t\twidth: 25%;\n\t\t\t}\n\t\t\t#gallery-1 img {\n\t\t\t\tborder: 2px solid #cfcfcf;\n\t\t\t}\n\t\t\t#gallery-1 .gallery-caption {\n\t\t\t\tmargin-left: 0;\n\t\t\t}\n\t\t\t\/* see gallery_shortcode() in wp-includes\/media.php *\/\n\t\t<\/style>\n\t\t<div id='gallery-1' class='gallery galleryid-11148 gallery-columns-4 gallery-size-thumbnail'><dl class='gallery-item'>\n\t\t\t<dt class='gallery-icon landscape'>\n\t\t\t\t<a href='https:\/\/www.inet.edu.ar\/index.php\/ciclo-de-debates-sobre-los-jovenes-y-su-futuro-laboral\/01-3\/#main'><img loading=\"lazy\" decoding=\"async\" width=\"150\" height=\"100\" src=\"https:\/\/www.inet.edu.ar\/wp-content\/uploads\/2016\/04\/01-150x100.jpg\" class=\"attachment-thumbnail size-thumbnail\" alt=\"\" srcset=\"https:\/\/www.inet.edu.ar\/wp-content\/uploads\/2016\/04\/01-150x100.jpg 150w, https:\/\/www.inet.edu.ar\/wp-content\/uploads\/2016\/04\/01-240x160.jpg 240w, https:\/\/www.inet.edu.ar\/wp-content\/uploads\/2016\/04\/01-768x512.jpg 768w, https:\/\/www.inet.edu.ar\/wp-content\/uploads\/2016\/04\/01-468x312.jpg 468w, https:\/\/www.inet.edu.ar\/wp-content\/uploads\/2016\/04\/01.jpg 1301w\" sizes=\"auto, (max-width: 150px) 100vw, 150px\" \/><\/a>\n\t\t\t<\/dt><\/dl><dl class='gallery-item'>\n\t\t\t<dt class='gallery-icon landscape'>\n\t\t\t\t<a href='https:\/\/www.inet.edu.ar\/index.php\/ciclo-de-debates-sobre-los-jovenes-y-su-futuro-laboral\/03-2\/#main'><img loading=\"lazy\" decoding=\"async\" width=\"150\" height=\"100\" src=\"https:\/\/www.inet.edu.ar\/wp-content\/uploads\/2016\/04\/03-150x100.jpg\" class=\"attachment-thumbnail size-thumbnail\" alt=\"\" srcset=\"https:\/\/www.inet.edu.ar\/wp-content\/uploads\/2016\/04\/03-150x100.jpg 150w, https:\/\/www.inet.edu.ar\/wp-content\/uploads\/2016\/04\/03-240x160.jpg 240w, https:\/\/www.inet.edu.ar\/wp-content\/uploads\/2016\/04\/03-768x512.jpg 768w, https:\/\/www.inet.edu.ar\/wp-content\/uploads\/2016\/04\/03-468x312.jpg 468w, https:\/\/www.inet.edu.ar\/wp-content\/uploads\/2016\/04\/03.jpg 1300w\" sizes=\"auto, (max-width: 150px) 100vw, 150px\" \/><\/a>\n\t\t\t<\/dt><\/dl><dl class='gallery-item'>\n\t\t\t<dt class='gallery-icon landscape'>\n\t\t\t\t<a href='https:\/\/www.inet.edu.ar\/index.php\/ciclo-de-debates-sobre-los-jovenes-y-su-futuro-laboral\/attachment\/05\/#main'><img loading=\"lazy\" decoding=\"async\" width=\"150\" height=\"100\" src=\"https:\/\/www.inet.edu.ar\/wp-content\/uploads\/2016\/04\/05-1-150x100.jpg\" class=\"attachment-thumbnail size-thumbnail\" alt=\"\" srcset=\"https:\/\/www.inet.edu.ar\/wp-content\/uploads\/2016\/04\/05-1-150x100.jpg 150w, https:\/\/www.inet.edu.ar\/wp-content\/uploads\/2016\/04\/05-1-240x160.jpg 240w, https:\/\/www.inet.edu.ar\/wp-content\/uploads\/2016\/04\/05-1-768x512.jpg 768w, https:\/\/www.inet.edu.ar\/wp-content\/uploads\/2016\/04\/05-1-468x312.jpg 468w, https:\/\/www.inet.edu.ar\/wp-content\/uploads\/2016\/04\/05-1.jpg 1205w\" sizes=\"auto, (max-width: 150px) 100vw, 150px\" \/><\/a>\n\t\t\t<\/dt><\/dl><dl class='gallery-item'>\n\t\t\t<dt class='gallery-icon landscape'>\n\t\t\t\t<a href='https:\/\/www.inet.edu.ar\/index.php\/ciclo-de-debates-sobre-los-jovenes-y-su-futuro-laboral\/attachment\/07\/#main'><img loading=\"lazy\" decoding=\"async\" width=\"150\" height=\"100\" src=\"https:\/\/www.inet.edu.ar\/wp-content\/uploads\/2016\/04\/07-150x100.jpg\" class=\"attachment-thumbnail size-thumbnail\" alt=\"\" srcset=\"https:\/\/www.inet.edu.ar\/wp-content\/uploads\/2016\/04\/07-150x100.jpg 150w, https:\/\/www.inet.edu.ar\/wp-content\/uploads\/2016\/04\/07-240x160.jpg 240w, https:\/\/www.inet.edu.ar\/wp-content\/uploads\/2016\/04\/07-768x512.jpg 768w, https:\/\/www.inet.edu.ar\/wp-content\/uploads\/2016\/04\/07-468x312.jpg 468w, https:\/\/www.inet.edu.ar\/wp-content\/uploads\/2016\/04\/07.jpg 1296w\" sizes=\"auto, (max-width: 150px) 100vw, 150px\" \/><\/a>\n\t\t\t<\/dt><\/dl><br style=\"clear: both\" \/>\n\t\t<\/div>\n\n","protected":false},"excerpt":{"rendered":"<p>Ciudad Aut\u00f3noma de Buenos Aires. Hoy realizamos el segundo encuentro del Ciclo de Debates \u00abLa educaci\u00f3n de los j\u00f3venes y su potencial profesional desde la visi\u00f3n de las empresas\u00bb con nuestro director ejecutivo, Gabriel S\u00e1nchez Zinny. Contamos con la presencia de Luis Arag\u00f3n (Director de la divisi\u00f3n de RRHH de IDEA), Mat\u00edas \u00c1lvarez (Subdirector de [&hellip;]<\/p>\n","protected":false},"author":7,"featured_media":11985,"comment_status":"closed","ping_status":"open","sticky":false,"template":"","format":"standard","meta":{"footnotes":""},"categories":[1,14],"tags":[75,33,76,36],"class_list":["post-11148","post","type-post","status-publish","format-standard","has-post-thumbnail","hentry","category-noticias","category-noticias-fijas","tag-ciclo-de-debates","tag-gabriel-sanchez-zinny","tag-idea","tag-inet"],"_links":{"self":[{"href":"https:\/\/www.inet.edu.ar\/index.php\/wp-json\/wp\/v2\/posts\/11148","targetHints":{"allow":["GET"]}}],"collection":[{"href":"https:\/\/www.inet.edu.ar\/index.php\/wp-json\/wp\/v2\/posts"}],"about":[{"href":"https:\/\/www.inet.edu.ar\/index.php\/wp-json\/wp\/v2\/types\/post"}],"author":[{"embeddable":true,"href":"https:\/\/www.inet.edu.ar\/index.php\/wp-json\/wp\/v2\/users\/7"}],"replies":[{"embeddable":true,"href":"https:\/\/www.inet.edu.ar\/index.php\/wp-json\/wp\/v2\/comments?post=11148"}],"version-history":[{"count":2,"href":"https:\/\/www.inet.edu.ar\/index.php\/wp-json\/wp\/v2\/posts\/11148\/revisions"}],"predecessor-version":[{"id":11991,"href":"https:\/\/www.inet.edu.ar\/index.php\/wp-json\/wp\/v2\/posts\/11148\/revisions\/11991"}],"wp:featuredmedia":[{"embeddable":true,"href":"https:\/\/www.inet.edu.ar\/index.php\/wp-json\/wp\/v2\/media\/11985"}],"wp:attachment":[{"href":"https:\/\/www.inet.edu.ar\/index.php\/wp-json\/wp\/v2\/media?parent=11148"}],"wp:term":[{"taxonomy":"category","embeddable":true,"href":"https:\/\/www.inet.edu.ar\/index.php\/wp-json\/wp\/v2\/categories?post=11148"},{"taxonomy":"post_tag","embeddable":true,"href":"https:\/\/www.inet.edu.ar\/index.php\/wp-json\/wp\/v2\/tags?post=11148"}],"curies":[{"name":"wp","href":"https:\/\/api.w.org\/{rel}","templated":true}]}}