{"id":11377,"date":"2016-05-03T17:42:39","date_gmt":"2016-05-03T20:42:39","guid":{"rendered":"https:\/\/www.inet.edu.ar\/?p=11377"},"modified":"2016-05-19T10:59:07","modified_gmt":"2016-05-19T13:59:07","slug":"recibimos-a-estudiantes-de-una-escuela-tecnica-de-provincia-de-buenos-aires-que-representaran-al-pais-en-una-feria-internacional-en-eeuu","status":"publish","type":"post","link":"https:\/\/www.inet.edu.ar\/index.php\/recibimos-a-estudiantes-de-una-escuela-tecnica-de-provincia-de-buenos-aires-que-representaran-al-pais-en-una-feria-internacional-en-eeuu\/","title":{"rendered":"Recibimos a estudiantes de provincia de Buenos Aires que representar\u00e1n al pa\u00eds en una Feria internacional en EEUU"},"content":{"rendered":"<p>Ciudad Aut\u00f3noma de Buenos Aires.<\/p>\n<p>Nos visitaron los estudiantes <strong>Jason Leonel Linares<\/strong> y <strong>Nuria Roc\u00edo Orqu\u00edn<\/strong>, junto al docente <strong>Javier Dar\u00edo Ca\u00f1ete<\/strong>, de la Escuela T\u00e9cnica N\u00b0 1 \u201cRep\u00fablica del Paraguay\u201d de Ituzaing\u00f3, provincia de Buenos Aires y los recibi\u00f3 nuestro director ejecutivo,\u00a0<strong>Gabriel S\u00e1nchez Zinny<\/strong>, en\u00a0la sede del INET.<\/p>\n<p>Ellos representar\u00e1n a la Argentina en la feria \u201cIntel International Science and Engineering Fair\u201d, en Phoenix, Arizona, Estados Unidos, con el proyecto \u201cIntercomunicador por IP\u201d.<\/p>\n<p>Su proyecto, ya hab\u00eda sido desatacado en la Feria Nacional de Educaci\u00f3n, Artes, Ciencias y Tecnolog\u00eda de 2015, en Puerto Iguaz\u00fa. \u00ab<em>B\u00e1sicamente es una comunicaci\u00f3n entre celulares, tel\u00e9fonos de l\u00ednea y computadoras. Desarrollamos un sistema que es capaz de reconocer una red ya existente, de WiFi o cableada, que permite que todo tipo de dispositivo de comunicaci\u00f3n \u2013sea un tel\u00e9fono viejo, Smartphone, computadora, tel\u00e9fono IP\u2013 pueda recibir un n\u00famero de interno y, de esa manera, funcione como una central telef\u00f3nica privada. Pusimos a prueba el proyecto en la escuela y quedaron encantados<\/em>\u00ab, explicaron Jason y Nuria.<\/p>\n<p>Por su parte, el docente\u00a0dio\u00a0detalles acerca de lo que implica trabajar con proyectos: <em>\u00ab<\/em><em>Es arduo, demanda mucho tiempo extra, mucha dedicaci\u00f3n. Coordinar a los alumnos implica organizar mucho el trabajo. No es f\u00e1cil, sobre todo porque nosotros tenemos en una misma aula 4 \u00f3 5 proyectos. Pero es algo que vale la pena.\u201d<\/em><\/p>\n<p><strong>\u00a0<\/strong><\/p>\n<p><strong>Acerca del proyecto: <\/strong><strong>\u201cIntercomunicador por IP\u201d<\/strong><\/p>\n<p>En muchas organizaciones se tiene la necesidad de comunicarse con el personal, para lo que existen soluciones costosas para ser afrontadas por una PYME. Por tal motivo, se pens\u00f3 en buscar alguna soluci\u00f3n alternativa de bajo costo, utilizando equipamiento e infraestructura existente dado que en muchas oficinas ya existe una red de datos. La investigaci\u00f3n comenz\u00f3 con la b\u00fasqueda de un software que permitiera la comunicaci\u00f3n dentro de la organizaci\u00f3n.<\/p>\n<p>El resultado final fue <em>Asterisk,<\/em> un software libre y gratuito, que permite comunicarse entre tel\u00e9fonos IP y cualquier sistema operativo. Funciona sobre una red LAN y a la vez por internet si se desea, con la ventaja de que usa muy pocos recursos tanto del lado servidor como del cliente, y adem\u00e1s contiene un SDK libre para modificarlo con nuestras ideas.<\/p>\n<p><strong>\u00a0<\/strong><\/p>\n<p><strong>Acerca de la Feria Internacional de Ciencia e Ingenier\u00eda INTEL-ISEF<\/strong><\/p>\n<p>La Feria Internacional de Ciencia e Ingenier\u00eda INTEL-ISEF es una de las competencias de Ciencias- Pre universitarias m\u00e1s grandes del mundo y est\u00e1 destinada a estudiantes del Nivel Secundario de 3\u00b0 a 6\u00b0 a\u00f1o. Anualmente participan en ella m\u00e1s de 1.700 j\u00f3venes provenientes de m\u00e1s de 70 pa\u00edses para exponer sus investigaciones independientes en un escenario internacional en el que compiten las mentes cient\u00edficas m\u00e1s brillantes. Sus trabajos son juzgados por un Jurado de excelencia y los premios alcanzan los 5 millones de d\u00f3lares.<\/p>\n<p>&nbsp;<\/p>\n<p><strong>Para m\u00e1s informaci\u00f3n<\/strong><\/p>\n<p><a href=\"http:\/\/portal.educacion.gov.ar\/modalidades\/feria-de-ciencias\/\" target=\"_blank\">Programa Nacional de Feria de Ciencias y Tecnolog\u00eda -sitio web del Ministerio de Educaci\u00f3n y Deportes de la Naci\u00f3n<\/a><\/p>\n<p><a href=\"https:\/\/student.societyforscience.org\/intel-isef\" target=\"_blank\">Sitio web de Intel ISEF<\/a><\/p>\n<p>&nbsp;<\/p>\n<p><strong>Noticias relacionadas<\/strong><\/p>\n<p><a href=\"https:\/\/www.inet.edu.ar\/noticias\/en-la-feria-nacional-de-educacion-artes-ciencias-y-tecnologia-2015-la-modalidad-tecnica-recibio-trece-distinciones\/\" target=\"_blank\">\u201cEn la Feria Nacional de Educaci\u00f3n, Artes, Ciencias y Tecnolog\u00eda 2015 la modalidad T\u00e9cnica recibi\u00f3 trece distinciones\u201d\u00a0<\/a><\/p>\n<p>&nbsp;<\/p>\n<p><strong>Galer\u00eda de im\u00e1genes<\/strong><\/p>\n\n\t\t<style type=\"text\/css\">\n\t\t\t#gallery-1 {\n\t\t\t\tmargin: auto;\n\t\t\t}\n\t\t\t#gallery-1 .gallery-item {\n\t\t\t\tfloat: left;\n\t\t\t\tmargin-top: 10px;\n\t\t\t\ttext-align: center;\n\t\t\t\twidth: 25%;\n\t\t\t}\n\t\t\t#gallery-1 img {\n\t\t\t\tborder: 2px solid #cfcfcf;\n\t\t\t}\n\t\t\t#gallery-1 .gallery-caption {\n\t\t\t\tmargin-left: 0;\n\t\t\t}\n\t\t\t\/* see gallery_shortcode() in wp-includes\/media.php *\/\n\t\t<\/style>\n\t\t<div id='gallery-1' class='gallery galleryid-11377 gallery-columns-4 gallery-size-thumbnail'><dl class='gallery-item'>\n\t\t\t<dt class='gallery-icon landscape'>\n\t\t\t\t<a href='https:\/\/www.inet.edu.ar\/index.php\/recibimos-a-estudiantes-de-una-escuela-tecnica-de-provincia-de-buenos-aires-que-representaran-al-pais-en-una-feria-internacional-en-eeuu\/intercomunicador-por-ip-en-fn2015\/#main'><img loading=\"lazy\" decoding=\"async\" width=\"150\" height=\"100\" src=\"https:\/\/www.inet.edu.ar\/wp-content\/uploads\/2016\/05\/Intercomunicador-por-IP-en-FN2015-1-150x100.jpg\" class=\"attachment-thumbnail size-thumbnail\" alt=\"\" \/><\/a>\n\t\t\t<\/dt><\/dl><dl class='gallery-item'>\n\t\t\t<dt class='gallery-icon landscape'>\n\t\t\t\t<a href='https:\/\/www.inet.edu.ar\/index.php\/recibimos-a-estudiantes-de-una-escuela-tecnica-de-provincia-de-buenos-aires-que-representaran-al-pais-en-una-feria-internacional-en-eeuu\/oficina\/#main'><img loading=\"lazy\" decoding=\"async\" width=\"150\" height=\"100\" src=\"https:\/\/www.inet.edu.ar\/wp-content\/uploads\/2016\/05\/oficina-1-150x100.jpg\" class=\"attachment-thumbnail size-thumbnail\" alt=\"\" \/><\/a>\n\t\t\t<\/dt><\/dl>\n\t\t\t<br style='clear: both' \/>\n\t\t<\/div>\n\n","protected":false},"excerpt":{"rendered":"<p>Ciudad Aut\u00f3noma de Buenos Aires. Nos visitaron los estudiantes Jason Leonel Linares y Nuria Roc\u00edo Orqu\u00edn, junto al docente Javier Dar\u00edo Ca\u00f1ete, de la Escuela T\u00e9cnica N\u00b0 1 \u201cRep\u00fablica del Paraguay\u201d de Ituzaing\u00f3, provincia de Buenos Aires y los recibi\u00f3 nuestro director ejecutivo,\u00a0Gabriel S\u00e1nchez Zinny, en\u00a0la sede del INET. Ellos representar\u00e1n a la Argentina en [&hellip;]<\/p>\n","protected":false},"author":7,"featured_media":11914,"comment_status":"closed","ping_status":"open","sticky":false,"template":"","format":"standard","meta":{"footnotes":""},"categories":[1,14],"tags":[22,20,23,33,21],"class_list":["post-11377","post","type-post","status-publish","format-standard","has-post-thumbnail","hentry","category-noticias","category-noticias-fijas","tag-escuela-tecnica","tag-feria-de-ciencias","tag-feria-internacional-intel","tag-gabriel-sanchez-zinny","tag-ituzaingo"],"_links":{"self":[{"href":"https:\/\/www.inet.edu.ar\/index.php\/wp-json\/wp\/v2\/posts\/11377","targetHints":{"allow":["GET"]}}],"collection":[{"href":"https:\/\/www.inet.edu.ar\/index.php\/wp-json\/wp\/v2\/posts"}],"about":[{"href":"https:\/\/www.inet.edu.ar\/index.php\/wp-json\/wp\/v2\/types\/post"}],"author":[{"embeddable":true,"href":"https:\/\/www.inet.edu.ar\/index.php\/wp-json\/wp\/v2\/users\/7"}],"replies":[{"embeddable":true,"href":"https:\/\/www.inet.edu.ar\/index.php\/wp-json\/wp\/v2\/comments?post=11377"}],"version-history":[{"count":3,"href":"https:\/\/www.inet.edu.ar\/index.php\/wp-json\/wp\/v2\/posts\/11377\/revisions"}],"predecessor-version":[{"id":11918,"href":"https:\/\/www.inet.edu.ar\/index.php\/wp-json\/wp\/v2\/posts\/11377\/revisions\/11918"}],"wp:featuredmedia":[{"embeddable":true,"href":"https:\/\/www.inet.edu.ar\/index.php\/wp-json\/wp\/v2\/media\/11914"}],"wp:attachment":[{"href":"https:\/\/www.inet.edu.ar\/index.php\/wp-json\/wp\/v2\/media?parent=11377"}],"wp:term":[{"taxonomy":"category","embeddable":true,"href":"https:\/\/www.inet.edu.ar\/index.php\/wp-json\/wp\/v2\/categories?post=11377"},{"taxonomy":"post_tag","embeddable":true,"href":"https:\/\/www.inet.edu.ar\/index.php\/wp-json\/wp\/v2\/tags?post=11377"}],"curies":[{"name":"wp","href":"https:\/\/api.w.org\/{rel}","templated":true}]}}