{"id":11421,"date":"2016-05-04T19:03:31","date_gmt":"2016-05-04T22:03:31","guid":{"rendered":"https:\/\/www.inet.edu.ar\/?p=11421"},"modified":"2016-08-09T13:04:38","modified_gmt":"2016-08-09T16:04:38","slug":"se-firmo-un-convenio-marco-de-colaboracion-entre-el-ministerio-de-educacion-y-deportes-y-la-cruz-roja-argentina","status":"publish","type":"post","link":"https:\/\/www.inet.edu.ar\/index.php\/se-firmo-un-convenio-marco-de-colaboracion-entre-el-ministerio-de-educacion-y-deportes-y-la-cruz-roja-argentina\/","title":{"rendered":"Se firm\u00f3 un Convenio Marco de Colaboraci\u00f3n entre el Ministerio de Educaci\u00f3n y Deportes, y la Cruz Roja Argentina"},"content":{"rendered":"<p style=\"text-align: left;\" align=\"center\"><em>Participaron el ministro\u00a0<strong>Esteban Bullrich<\/strong>; el presidente de Cruz Roja Argentina, <strong>Diego Tipping<\/strong>; y el director ejecutivo del INET,\u00a0<strong>Gabriel S\u00e1nchez Zinny<\/strong><\/em><\/p>\n<p>El Ministerio de Educaci\u00f3n y Deportes, a trav\u00e9s del Instituto Nacional de Educaci\u00f3n Tecnol\u00f3gica (INET), firm\u00f3 un Convenio de Colaboraci\u00f3n con la Cruz Roja Argentina para desarrollar\u00a0un Programa Integral de Fortalecimiento en las instituciones formadoras de enfermeros en todo el pa\u00eds, con el prop\u00f3sito de favorecer la retenci\u00f3n de estudiantes, y mejorar la calidad institucional, docente y material.<\/p>\n<p>En el marco del Convenio, se ha decidido implementar en cada establecimiento de la especialidad la Autoevaluaci\u00f3n Institucional (AEI), que constituye una instancia de reflexi\u00f3n sistem\u00e1tica, integral y colectiva entre directivos, docentes y alumnos que brinda a la comunidad educativa de cada escuela de enfermer\u00eda la posibilidad de realizar un balance sobre sus fortalezas, debilidades y desaf\u00edos.<\/p>\n<p>Como resultado de este proceso de Autoevaluaci\u00f3n, cada establecimiento elaborar\u00e1 un Proyecto Colectivo de Fortalecimiento Institucional que identificar\u00e1 aquellos aspectos a resolver para contribuir\u00a0 a la mejora de la calidad educativa.\u00a0Al respecto, la pr\u00f3xima semana se realizar\u00e1 una jornada de capacitaci\u00f3n de AEI a directivos de estas instituciones del nivel Superior T\u00e9cnico de la especialidad Enfermer\u00eda.<\/p>\n<p>En la firma del Convenio estuvieron presentes del equipo INET, el coordinador de Gesti\u00f3n de la Informaci\u00f3n, Gabriel Muntaabski y la coordinadora de Autoevaluaci\u00f3n Institucional, Victoria Barreda.<\/p>\n<p>&nbsp;<\/p>\n<p><strong>Enlaces relacionados<\/strong><\/p>\n<p><a href=\"http:\/\/cruzroja.org.ar\/\" target=\"_blank\">Cruz Roja Argentina<\/a><\/p>\n<p><a href=\"https:\/\/www.inet.edu.ar\/autoevaluacion-institucional\/\" target=\"_blank\">Autoevaluaci\u00f3n Institucional -sitio web del INET<\/a><\/p>\n<p><strong>\u00a0<\/strong><\/p>\n<p><strong>Galer\u00eda de im\u00e1genes<\/strong><\/p>\n<p><a href=\"https:\/\/www.inet.edu.ar\/wp-content\/uploads\/2016\/05\/0.jpg\"><img loading=\"lazy\" decoding=\"async\" class=\"alignleft size-thumbnail wp-image-11437\" title=\"director del INET con presidente de la Cruz Roja y equipo INET\" src=\"https:\/\/www.inet.edu.ar\/wp-content\/uploads\/2016\/05\/0-150x100.jpg\" alt=\"\" width=\"150\" height=\"100\" \/><\/a><\/p>\n","protected":false},"excerpt":{"rendered":"<p>Participaron el ministro\u00a0Esteban Bullrich; el presidente de Cruz Roja Argentina, Diego Tipping; y el director ejecutivo del INET,\u00a0Gabriel S\u00e1nchez Zinny El Ministerio de Educaci\u00f3n y Deportes, a trav\u00e9s del Instituto Nacional de Educaci\u00f3n Tecnol\u00f3gica (INET), firm\u00f3 un Convenio de Colaboraci\u00f3n con la Cruz Roja Argentina para desarrollar\u00a0un Programa Integral de Fortalecimiento en las instituciones formadoras [&hellip;]<\/p>\n","protected":false},"author":7,"featured_media":12275,"comment_status":"closed","ping_status":"open","sticky":false,"template":"","format":"standard","meta":{"footnotes":""},"categories":[1],"tags":[112,31,111,33,36],"class_list":["post-11421","post","type-post","status-publish","format-standard","has-post-thumbnail","hentry","category-noticias","tag-convenio-de-colaboracion","tag-cruz-roja","tag-esteban-bullrich","tag-gabriel-sanchez-zinny","tag-inet"],"_links":{"self":[{"href":"https:\/\/www.inet.edu.ar\/index.php\/wp-json\/wp\/v2\/posts\/11421","targetHints":{"allow":["GET"]}}],"collection":[{"href":"https:\/\/www.inet.edu.ar\/index.php\/wp-json\/wp\/v2\/posts"}],"about":[{"href":"https:\/\/www.inet.edu.ar\/index.php\/wp-json\/wp\/v2\/types\/post"}],"author":[{"embeddable":true,"href":"https:\/\/www.inet.edu.ar\/index.php\/wp-json\/wp\/v2\/users\/7"}],"replies":[{"embeddable":true,"href":"https:\/\/www.inet.edu.ar\/index.php\/wp-json\/wp\/v2\/comments?post=11421"}],"version-history":[{"count":4,"href":"https:\/\/www.inet.edu.ar\/index.php\/wp-json\/wp\/v2\/posts\/11421\/revisions"}],"predecessor-version":[{"id":14429,"href":"https:\/\/www.inet.edu.ar\/index.php\/wp-json\/wp\/v2\/posts\/11421\/revisions\/14429"}],"wp:featuredmedia":[{"embeddable":true,"href":"https:\/\/www.inet.edu.ar\/index.php\/wp-json\/wp\/v2\/media\/12275"}],"wp:attachment":[{"href":"https:\/\/www.inet.edu.ar\/index.php\/wp-json\/wp\/v2\/media?parent=11421"}],"wp:term":[{"taxonomy":"category","embeddable":true,"href":"https:\/\/www.inet.edu.ar\/index.php\/wp-json\/wp\/v2\/categories?post=11421"},{"taxonomy":"post_tag","embeddable":true,"href":"https:\/\/www.inet.edu.ar\/index.php\/wp-json\/wp\/v2\/tags?post=11421"}],"curies":[{"name":"wp","href":"https:\/\/api.w.org\/{rel}","templated":true}]}}