{"id":11609,"date":"2016-05-10T17:08:17","date_gmt":"2016-05-10T20:08:17","guid":{"rendered":"https:\/\/www.inet.edu.ar\/?p=11609"},"modified":"2016-05-18T16:17:06","modified_gmt":"2016-05-18T19:17:06","slug":"junto-al-secretario-de-agricultura-nos-reunimos-en-la-comision-federal-con-referentes-de-etp-de-todas-las-provincias","status":"publish","type":"post","link":"https:\/\/www.inet.edu.ar\/index.php\/junto-al-secretario-de-agricultura-nos-reunimos-en-la-comision-federal-con-referentes-de-etp-de-todas-las-provincias\/","title":{"rendered":"Nos reunimos en la 96\u00b0 Comisi\u00f3n Federal con referentes de ETP de todas las provincias"},"content":{"rendered":"<p>Ciudad Aut\u00f3noma de Buenos Aires.<\/p>\n<p>En la sede del INET, realizamos la 96\u00b0 Comisi\u00f3n Federal con los referentes t\u00e9cnico pol\u00edticos de todas las jurisdicciones.\u00a0Encabez\u00f3 el encuentro nuestro director ejecutivo, <strong>Gabriel S\u00e1nchez Zinny<\/strong>.<\/p>\n<p>Durante la jornada, hablamos sobre Tecnolog\u00eda, Educaci\u00f3n y Trabajo; sobre Innovaci\u00f3n Tecnol\u00f3gica; articulaci\u00f3n entre la Comisi\u00f3n Federal y el CoNETyP; y tem\u00e1ticas relacionadas con los tres niveles de la ETP: Secundaria T\u00e9cnica, Formaci\u00f3n Profesional, y Superior T\u00e9cnica.<\/p>\n<p>Nuestro director ejecutivo comparti\u00f3 acerca de los proyectos en los que estamos involucrados: \u201c<em>Estamos firmando acuerdos con la Cruz Roja; queremos bajar la tasa de deserci\u00f3n de los estudiantes de Enfermer\u00eda. Tambi\u00e9n hemos firmado un acuerdo con Toyota, con el Ministerio de Agroindustria, con la secretaria de PyMEs para dar capacitaci\u00f3n a escuelas secundarias. Adem\u00e1s, est\u00e1 por salir el informe de Capacidades 2020 que es una encuesta y una base de datos de egresados, docentes y padres para saber qu\u00e9 opinan de la modalidad de Secundaria T\u00e9cnica.\u201d <\/em><\/p>\n<p>Contamos con la presencia del Secretario de Agricultura, Ganader\u00eda y Pesca -Ministerio de Agroindustria de la Naci\u00f3n,\u00a0<strong>Ricardo Luis Negri<\/strong>, con quien debatimos la importancia de la implementaci\u00f3n de EscuelAgro: <em>\u201c<\/em><em>Quien trabaja y escucha en la regi\u00f3n sabe que existen muchas cosas en la curr\u00edcula que se pueden hacer. Tenemos que encontrar a las personas que tengan la grandeza y la vocaci\u00f3n para acercar los problemas reales de las empresas y la situaci\u00f3n productiva a las escuelas para resolverlas en conjunto. Nosotros queremos acercar a la comunidad educativas las demandas, ofertas y necesidades y ponernos a disposici\u00f3n para construir juntos\u201d<\/em>, dijo el secretario de Agricultura, Ganader\u00eda y Pesca.<\/p>\n<p>Participaron de la Comisi\u00f3n el secretario permanente del CoNETyP, <strong>Santiago de la Barrera<\/strong>; la directora nacional de Asuntos Federales del INET, <strong>Graciela Uequ\u00edn<\/strong>; el director nacional de Innovaci\u00f3n Tecnol\u00f3gica y Fortalecimiento Institucional, <strong>Ariel Castiglioni<\/strong>; el director nacional de Educaci\u00f3n T\u00e9cnica Superior, <strong>Gustavo Peltzer<\/strong>; el director nacional de Formaci\u00f3n Profesional, <strong>Fabi\u00e1n Prieto<\/strong>; la directora nacional de nivel Secundario T\u00e9cnico, <strong>Mercedes Blanco<\/strong>; y el coordinador de Gesti\u00f3n Administrativa, <strong>Diego Taurizano<\/strong>; entre otros representantes del equipo del INET.<\/p>\n<p>&nbsp;<\/p>\n<p><strong>Acerca de la Comisi\u00f3n Federal de Educaci\u00f3n T\u00e9cnico Profesional<\/strong><\/p>\n<p>La\u00a0<a href=\"https:\/\/www.inet.edu.ar\/institucional\/comision-federal\/\" target=\"_blank\">Comisi\u00f3n Federal de Educaci\u00f3n T\u00e9cnico Profesional<\/a>\u00a0es un \u00e1mbito de discusi\u00f3n de\u00a0los lineamientos y criterios para el desarrollo de los programas federales que implementa el Ministerio de Educaci\u00f3n y Deportes de la Naci\u00f3n a trav\u00e9s del INET.<\/p>\n<p>Re\u00fane a representantes de la modalidad de las 24 jurisdicciones (las provincias y la Ciudad Aut\u00f3noma de Buenos Aires).<\/p>\n<p>Tiene como principal funci\u00f3n elaborar documentos relacionados con las pol\u00edticas a ser implementadas en las instituciones t\u00e9cnico profesionales del pa\u00eds que luego ser\u00e1n presentadas ante el\u00a0<a href=\"http:\/\/portal.educacion.gov.ar\/consejo\/el-consejo\/\" target=\"_blank\">Consejo Federal de Educaci\u00f3n<\/a>.<\/p>\n<p>&nbsp;<\/p>\n<p><strong>Noticias relacionadas<\/strong><\/p>\n<p><a href=\"https:\/\/www.inet.edu.ar\/noticias\/estuvimos-en-escuelagro-fortaleciendo-vinculos-con-el-sector-agroindustrial-junto-al-ministerio-de-agroindustria-de-la-nacion\/\" target=\"_blank\">\u201cEstuvimos en EscuelAgro fortaleciendo v\u00ednculos con el sector agroindustrial, junto al Ministerio de Agroindustria de la Naci\u00f3n\u201d\u00a0<\/a><\/p>\n<p>&nbsp;<\/p>\n<p>&nbsp;<\/p>\n<p><strong>Galer\u00eda de im\u00e1genes<\/strong><\/p>\n\n\t\t<style type=\"text\/css\">\n\t\t\t#gallery-1 {\n\t\t\t\tmargin: auto;\n\t\t\t}\n\t\t\t#gallery-1 .gallery-item {\n\t\t\t\tfloat: left;\n\t\t\t\tmargin-top: 10px;\n\t\t\t\ttext-align: center;\n\t\t\t\twidth: 25%;\n\t\t\t}\n\t\t\t#gallery-1 img {\n\t\t\t\tborder: 2px solid #cfcfcf;\n\t\t\t}\n\t\t\t#gallery-1 .gallery-caption {\n\t\t\t\tmargin-left: 0;\n\t\t\t}\n\t\t\t\/* see gallery_shortcode() in wp-includes\/media.php *\/\n\t\t<\/style>\n\t\t<div id='gallery-1' class='gallery galleryid-11609 gallery-columns-4 gallery-size-thumbnail'><dl class='gallery-item'>\n\t\t\t<dt class='gallery-icon landscape'>\n\t\t\t\t<a href='https:\/\/www.inet.edu.ar\/index.php\/junto-al-secretario-de-agricultura-nos-reunimos-en-la-comision-federal-con-referentes-de-etp-de-todas-las-provincias\/dsc_0067\/#main'><img loading=\"lazy\" decoding=\"async\" width=\"150\" height=\"100\" src=\"https:\/\/www.inet.edu.ar\/wp-content\/uploads\/2016\/05\/DSC_0067-1-150x100.jpg\" class=\"attachment-thumbnail size-thumbnail\" alt=\"\" srcset=\"https:\/\/www.inet.edu.ar\/wp-content\/uploads\/2016\/05\/DSC_0067-1-150x100.jpg 150w, https:\/\/www.inet.edu.ar\/wp-content\/uploads\/2016\/05\/DSC_0067-1-240x160.jpg 240w, https:\/\/www.inet.edu.ar\/wp-content\/uploads\/2016\/05\/DSC_0067-1-768x512.jpg 768w, https:\/\/www.inet.edu.ar\/wp-content\/uploads\/2016\/05\/DSC_0067-1-468x312.jpg 468w\" sizes=\"auto, (max-width: 150px) 100vw, 150px\" \/><\/a>\n\t\t\t<\/dt><\/dl><dl class='gallery-item'>\n\t\t\t<dt class='gallery-icon landscape'>\n\t\t\t\t<a href='https:\/\/www.inet.edu.ar\/index.php\/junto-al-secretario-de-agricultura-nos-reunimos-en-la-comision-federal-con-referentes-de-etp-de-todas-las-provincias\/min-de-agro\/#main'><img loading=\"lazy\" decoding=\"async\" width=\"150\" height=\"100\" src=\"https:\/\/www.inet.edu.ar\/wp-content\/uploads\/2016\/05\/min-de-agro-1-150x100.jpg\" class=\"attachment-thumbnail size-thumbnail\" alt=\"\" \/><\/a>\n\t\t\t<\/dt><\/dl>\n\t\t\t<br style='clear: both' \/>\n\t\t<\/div>\n\n","protected":false},"excerpt":{"rendered":"<p>Ciudad Aut\u00f3noma de Buenos Aires. En la sede del INET, realizamos la 96\u00b0 Comisi\u00f3n Federal con los referentes t\u00e9cnico pol\u00edticos de todas las jurisdicciones.\u00a0Encabez\u00f3 el encuentro nuestro director ejecutivo, Gabriel S\u00e1nchez Zinny. Durante la jornada, hablamos sobre Tecnolog\u00eda, Educaci\u00f3n y Trabajo; sobre Innovaci\u00f3n Tecnol\u00f3gica; articulaci\u00f3n entre la Comisi\u00f3n Federal y el CoNETyP; y tem\u00e1ticas relacionadas [&hellip;]<\/p>\n","protected":false},"author":7,"featured_media":11877,"comment_status":"closed","ping_status":"open","sticky":false,"template":"","format":"standard","meta":{"footnotes":""},"categories":[1,14],"tags":[43,24,18],"class_list":["post-11609","post","type-post","status-publish","format-standard","has-post-thumbnail","hentry","category-noticias","category-noticias-fijas","tag-comision-federal","tag-conetyp","tag-sanchez-zinny"],"_links":{"self":[{"href":"https:\/\/www.inet.edu.ar\/index.php\/wp-json\/wp\/v2\/posts\/11609","targetHints":{"allow":["GET"]}}],"collection":[{"href":"https:\/\/www.inet.edu.ar\/index.php\/wp-json\/wp\/v2\/posts"}],"about":[{"href":"https:\/\/www.inet.edu.ar\/index.php\/wp-json\/wp\/v2\/types\/post"}],"author":[{"embeddable":true,"href":"https:\/\/www.inet.edu.ar\/index.php\/wp-json\/wp\/v2\/users\/7"}],"replies":[{"embeddable":true,"href":"https:\/\/www.inet.edu.ar\/index.php\/wp-json\/wp\/v2\/comments?post=11609"}],"version-history":[{"count":2,"href":"https:\/\/www.inet.edu.ar\/index.php\/wp-json\/wp\/v2\/posts\/11609\/revisions"}],"predecessor-version":[{"id":11881,"href":"https:\/\/www.inet.edu.ar\/index.php\/wp-json\/wp\/v2\/posts\/11609\/revisions\/11881"}],"wp:featuredmedia":[{"embeddable":true,"href":"https:\/\/www.inet.edu.ar\/index.php\/wp-json\/wp\/v2\/media\/11877"}],"wp:attachment":[{"href":"https:\/\/www.inet.edu.ar\/index.php\/wp-json\/wp\/v2\/media?parent=11609"}],"wp:term":[{"taxonomy":"category","embeddable":true,"href":"https:\/\/www.inet.edu.ar\/index.php\/wp-json\/wp\/v2\/categories?post=11609"},{"taxonomy":"post_tag","embeddable":true,"href":"https:\/\/www.inet.edu.ar\/index.php\/wp-json\/wp\/v2\/tags?post=11609"}],"curies":[{"name":"wp","href":"https:\/\/api.w.org\/{rel}","templated":true}]}}