{"id":11623,"date":"2016-05-11T18:50:09","date_gmt":"2016-05-11T21:50:09","guid":{"rendered":"https:\/\/www.inet.edu.ar\/?p=11623"},"modified":"2016-05-18T15:49:05","modified_gmt":"2016-05-18T18:49:05","slug":"educacion-y-tecnologia-participamos-de-la-inauguracion-de-la-feria-fimaqh","status":"publish","type":"post","link":"https:\/\/www.inet.edu.ar\/index.php\/educacion-y-tecnologia-participamos-de-la-inauguracion-de-la-feria-fimaqh\/","title":{"rendered":"Educaci\u00f3n y Tecnolog\u00eda: participamos de la feria FIMAQH junto a alumnos y docentes"},"content":{"rendered":"<p style=\"text-align: left;\">Villa Martelli, Provincia de Buenos Aires.<em><br \/>\nEstuvimos en el acto de inauguraci\u00f3n, y con los alumnos y docentes que visitaron nuestro stand<\/em><\/p>\n<p>Con nuestro director ejecutivo, <strong>Gabriel S\u00e1nchez Zinny<\/strong>, y la directora nacional de Asuntos Federales,\u00a0<strong>Graciela Uequ\u00edn<\/strong>,\u00a0visitamos la\u00a0Feria Internacional de la M\u00e1quina Herramienta y Tecnolog\u00edas para la Producci\u00f3n (FIMAQH) en el predio de Tecn\u00f3polis.<\/p>\n<p>El acto de inauguraci\u00f3n se realiz\u00f3 por la ma\u00f1ana, y cont\u00f3 con la presencia del secretario de Emprendedores y PyMEs, Ministerio de Producci\u00f3n de la Naci\u00f3n,\u00a0<strong>Mariano Mayer.<\/strong><\/p>\n<p>Tambi\u00e9n estuvieron presentes el presidente del INTI (Instituto Nacional de Tecnolog\u00eda Industrial), <strong>Jorge Iba\u00f1ez<\/strong>, junto al presidente de C\u00e1mara Argentina de la M\u00e1quina Herramienta y Tecnolog\u00edas para la Producci\u00f3n (CARMAHE), <strong>Jorge G\u00f6ttert<\/strong>, y otras autoridades a cargo de la organizaci\u00f3n de la feria.<\/p>\n<p>Durante el acto de inauguraci\u00f3n, el secretario Mayer manifest\u00f3: <em>\u201cEn todo el mundo los que m\u00e1s demandan trabajo son las PyMEs, y los 4500 chicos de escuelas t\u00e9cnicas que vendr\u00e1n a visitar esta feria son los futuros emprendedores de este pa\u00eds\u201d.<\/em> Y destac\u00f3: <em>\u00abBasta recorrer la feria para dar cuenta que hay innovaci\u00f3n productiva en Argentina\u00bb<\/em>.<\/p>\n<p>Por su parte, \u00a0el presidente de CARMAHE habl\u00f3 de la importancia de la feria especialmente para el sector industrial manufacturero. <em>\u201cLos chicos de escuelas t\u00e9cnicas vendr\u00e1n a conocer las nuevas m\u00e1quinas herramienta que demanda el actual sector socio productivo\u201d<\/em>.<\/p>\n<p>Hoy y ma\u00f1ana jueves 12, estudiantes mayores de 16 a\u00f1os y docentes de instituciones t\u00e9cnico profesionales \u2013con inscripci\u00f3n previa\u2013 visitar\u00e1n la Feria y nuestro stand sin cargo.<\/p>\n<p>&nbsp;<\/p>\n<p><strong>Acerca de FIMAQH<\/strong><\/p>\n<p>FIMAQH ofrece las \u00faltimas novedades en tecnolog\u00edas aplicadas a la automatizaci\u00f3n, electroerosi\u00f3n, t\u00e9cnicas de control, CAD\/CAM\/CAE, embalaje y rob\u00f3tica.<\/p>\n<p>La Feria FIMAQH es organizada por la C\u00e1mara Argentina de la M\u00e1quina Herramienta y Tecnolog\u00edas para la Producci\u00f3n (CARMAHE), por la Asociaci\u00f3n Argentina de Fabricantes de M\u00e1quinas-Herramientas, Accesorios y Afines (AAFMHA), y C\u00e1mara Argentina de Fabricantes de Herramientas e Instrumentos de Medici\u00f3n (CAFHIM).<\/p>\n<p>&nbsp;<\/p>\n<p><strong>Noticias relacionadas<\/strong><\/p>\n<p><a href=\"https:\/\/www.inet.edu.ar\/noticias\/estaremos-en-fimaqh-feria-internacional-de-la-maquina-herramienta-y-tecnologias-para-la-produccion-en-tecnopolis\/\" target=\"_blank\">\u201cEstaremos en FIMAQH -Feria Internacional de la M\u00e1quina Herramienta y Tecnolog\u00edas para la Producci\u00f3n- en Tecn\u00f3polis\u201d-sitio web del INET\u00a0<\/a><\/p>\n<p><a href=\"http:\/\/www.carmahe.com\/2015\/index.php\/es\/actividades-de-la-camara\/fimaqh\/item\/1508-fimaqh-recibira-a-estudiantes-de-todo-el-pais\" target=\"_blank\">\u201cFIMAQH recibir\u00e1 estudiantes de todo el pa\u00eds\u201d-sitio web de CARMAHE\u00a0<\/a><\/p>\n<p>&nbsp;<\/p>\n<p><strong>Enlaces relacionados:<\/strong><\/p>\n<p><a href=\"http:\/\/www.fimaqh.com\/2016\/index.php\/es\/\" target=\"_blank\">FIMAQH &#8211; Feria Internacional de la M\u00e1quina Herramienta y Tecnolog\u00edas para la Producci\u00f3n<\/a><\/p>\n<p>&nbsp;<\/p>\n<p><strong>Galer\u00eda de im\u00e1genes<\/strong><\/p>\n\n<p>&nbsp;<\/p>\n","protected":false},"excerpt":{"rendered":"<p>Villa Martelli, Provincia de Buenos Aires. Estuvimos en el acto de inauguraci\u00f3n, y con los alumnos y docentes que visitaron nuestro stand Con nuestro director ejecutivo, Gabriel S\u00e1nchez Zinny, y la directora nacional de Asuntos Federales,\u00a0Graciela Uequ\u00edn,\u00a0visitamos la\u00a0Feria Internacional de la M\u00e1quina Herramienta y Tecnolog\u00edas para la Producci\u00f3n (FIMAQH) en el predio de Tecn\u00f3polis. El [&hellip;]<\/p>\n","protected":false},"author":7,"featured_media":11851,"comment_status":"closed","ping_status":"open","sticky":false,"template":"","format":"standard","meta":{"footnotes":""},"categories":[1,14],"tags":[35,33,34],"class_list":["post-11623","post","type-post","status-publish","format-standard","has-post-thumbnail","hentry","category-noticias","category-noticias-fijas","tag-fimaqh","tag-gabriel-sanchez-zinny","tag-graciela-uequin"],"_links":{"self":[{"href":"https:\/\/www.inet.edu.ar\/index.php\/wp-json\/wp\/v2\/posts\/11623","targetHints":{"allow":["GET"]}}],"collection":[{"href":"https:\/\/www.inet.edu.ar\/index.php\/wp-json\/wp\/v2\/posts"}],"about":[{"href":"https:\/\/www.inet.edu.ar\/index.php\/wp-json\/wp\/v2\/types\/post"}],"author":[{"embeddable":true,"href":"https:\/\/www.inet.edu.ar\/index.php\/wp-json\/wp\/v2\/users\/7"}],"replies":[{"embeddable":true,"href":"https:\/\/www.inet.edu.ar\/index.php\/wp-json\/wp\/v2\/comments?post=11623"}],"version-history":[{"count":3,"href":"https:\/\/www.inet.edu.ar\/index.php\/wp-json\/wp\/v2\/posts\/11623\/revisions"}],"predecessor-version":[{"id":11863,"href":"https:\/\/www.inet.edu.ar\/index.php\/wp-json\/wp\/v2\/posts\/11623\/revisions\/11863"}],"wp:featuredmedia":[{"embeddable":true,"href":"https:\/\/www.inet.edu.ar\/index.php\/wp-json\/wp\/v2\/media\/11851"}],"wp:attachment":[{"href":"https:\/\/www.inet.edu.ar\/index.php\/wp-json\/wp\/v2\/media?parent=11623"}],"wp:term":[{"taxonomy":"category","embeddable":true,"href":"https:\/\/www.inet.edu.ar\/index.php\/wp-json\/wp\/v2\/categories?post=11623"},{"taxonomy":"post_tag","embeddable":true,"href":"https:\/\/www.inet.edu.ar\/index.php\/wp-json\/wp\/v2\/tags?post=11623"}],"curies":[{"name":"wp","href":"https:\/\/api.w.org\/{rel}","templated":true}]}}