{"id":11741,"date":"2016-05-13T16:07:48","date_gmt":"2016-05-13T19:07:48","guid":{"rendered":"https:\/\/www.inet.edu.ar\/?p=11741"},"modified":"2016-06-10T12:18:52","modified_gmt":"2016-06-10T15:18:52","slug":"alumnos-de-escuela-tecnica-de-provincia-de-buenos-aires-fueron-premiados-en-feria-internacional-de-ciencias-en-estados-unidos","status":"publish","type":"post","link":"https:\/\/www.inet.edu.ar\/index.php\/alumnos-de-escuela-tecnica-de-provincia-de-buenos-aires-fueron-premiados-en-feria-internacional-de-ciencias-en-estados-unidos\/","title":{"rendered":"Alumnos de Provincia de Buenos Aires fueron premiados en Feria Internacional de Ciencias en Estados Unidos"},"content":{"rendered":"<p style=\"text-align: left;\" align=\"center\"><em>Se expusieron alrededor de 1007 proyectos. El equipo argentino obtuvo el 4to puesto en su categor\u00eda y una distinci\u00f3n de la OEA.<\/em><\/p>\n<p>Phoenix, Arizona, Estados Unidos.<\/p>\n<p>Los estudiantes <strong>Jason Leonel Linares<\/strong>\u00a0y\u00a0<strong>Nuria Roc\u00edo Orqu\u00edn<\/strong>, junto al docente <strong>Javier Dar\u00edo Ca\u00f1ete<\/strong>, de la Escuela T\u00e9cnica N\u00b0 1 \u201cRep\u00fablica del Paraguay\u201d de Ituzaing\u00f3, provincia de Buenos Aires, representaron a la Argentina en la feria \u201cIntel International Science and Engineering Fair\u201d que se desarroll\u00f3 durante la \u00faltima semana.<\/p>\n<p>Su proyecto \u201cIntercomunicador por IP\u201d obtuvo el 4to puesto en la categor\u00eda \u201cEmbedded Systems\u201d entre centenares de trabajos del mismo tema de 75 pa\u00edses del mundo. En el d\u00eda de ayer hab\u00eda recibido un reconocimiento de la Organizaci\u00f3n de Estados Americanos (OEA), la Menci\u00f3n <strong>OEA Intel ISEF 2016 <\/strong>como uno de las 50 mejores propuestas de Am\u00e9rica Latina por sus contribuciones al desarrollo integral y a la innovaci\u00f3n inclusiva de la regi\u00f3n.<\/p>\n<p>El proyecto hab\u00eda sido destacado en la edici\u00f3n 2015 de la Feria Nacional de Educaci\u00f3n, Artes, Ciencias y Tecnolog\u00eda, y luego seleccionado para participar en la Feria Internacional en representaci\u00f3n del Ministerio de Educaci\u00f3n y Deportes de la Naci\u00f3n.<\/p>\n<p>&nbsp;<\/p>\n<p><strong>Acerca del proyecto: \u201cIntercomunicador por IP\u201d<\/strong><\/p>\n<p>En muchas organizaciones se tiene la necesidad de comunicarse con el personal, para lo que existen soluciones costosas para ser afrontadas por una PYME. Por tal motivo, se pens\u00f3 en buscar alguna soluci\u00f3n alternativa de bajo costo, utilizando equipamiento e infraestructura existente dado que en muchas oficinas ya existe una red de datos. La investigaci\u00f3n comenz\u00f3 con la b\u00fasqueda de un software que permitiera la comunicaci\u00f3n dentro de la organizaci\u00f3n.<\/p>\n<p>El resultado final fue Asterisk, un software libre y gratuito, que permite comunicarse entre tel\u00e9fonos IP y cualquier sistema operativo. Funciona sobre una red LAN y a la vez por internet si se desea, con la ventaja de que usa muy pocos recursos tanto del lado servidor como del cliente, y adem\u00e1s contiene un SDK libre para modificarlo con nuestras ideas.<\/p>\n<p>&nbsp;<\/p>\n<p><strong>Acerca del premio <\/strong><\/p>\n<p>El Proyecto obtuvo el cuarto premio en el tema \u201cPhysical Sciences\u201d, de la categor\u00eda \u201cEmbedded Systems\u201d, subcategor\u00eda \u201cNetworking and Data Communications\u201d.<\/p>\n<p>&nbsp;<\/p>\n<p><strong>Acerca del reconocimiento de la OEA<\/strong><\/p>\n<p>La OEA reconoce el desarrollo de iniciativas y procesos educativos que promueven la ciencia, la tecnolog\u00eda y la innovaci\u00f3n en los pa\u00edses miembros y por esto cre\u00f3 en 2014 un reconocimiento para destacar a los j\u00f3venes talentosos de Am\u00e9rica Latina y el Caribe que participan en la Feria Internacional Intel ISEF.<\/p>\n<p>Este reconocimiento que otorga la Organizaci\u00f3n de los Estados Americanos tiene la intenci\u00f3n de identificar y dar visibilidad a los j\u00f3venes talentosos de nuestra regi\u00f3n, que con sus proyectos de investigaci\u00f3n asociados a las disciplinas STEM, contribuyen a la comprensi\u00f3n y soluci\u00f3n de los desaf\u00edos de desarrollo que enfrentan sus pa\u00edses.<\/p>\n<p>&nbsp;<\/p>\n<p><strong>Acerca de la Feria Internacional de Ciencia e Ingenier\u00eda INTEL-ISEF<\/strong><\/p>\n<p>La Feria Internacional de Ciencia e Ingenier\u00eda INTEL-ISEF es una de las competencias de Ciencias pre universitarias m\u00e1s grandes del mundo y est\u00e1 destinada a estudiantes del Nivel Secundario de 3\u00b0 a 6\u00b0 a\u00f1o. Anualmente participan en ella m\u00e1s de 1.700 j\u00f3venes provenientes de m\u00e1s de 70 pa\u00edses para exponer sus investigaciones independientes en un escenario internacional en el que compiten las mentes cient\u00edficas m\u00e1s brillantes. Sus trabajos son juzgados por un Jurado de excelencia y los premios alcanzan los 5 millones de d\u00f3lares.<\/p>\n<p>&nbsp;<\/p>\n<p><strong>Noticias relacionadas<\/strong><\/p>\n<p><a href=\"https:\/\/www.inet.edu.ar\/noticias\/recibimos-a-estudiantes-de-una-escuela-tecnica-de-provincia-de-buenos-aires-que-representaran-al-pais-en-una-feria-internacional-en-eeuu\/\" target=\"_blank\">\u201cRecibimos a estudiantes de una escuela t\u00e9cnica de provincia de Buenos Aires que representar\u00e1n al pa\u00eds en una Feria internacional en EEUU\u201d \u2013sitio web del INET\u00a0<\/a><\/p>\n<p><a href=\"https:\/\/www.facebook.com\/FeriaNacionaldeCiencias\/?fref=ts\" target=\"_blank\">\u201cNueva e importante distinci\u00f3n del equipo argentino en la Feria Internacional INTEL-ISEF de Estados Unidos\u201d \u2013P\u00e1g. de Facebook de la Feria Nacional de Educaci\u00f3n, Artes, Ciencias y Tecnolog\u00eda del Ministerio de Educaci\u00f3n y Deportes\u00a0<\/a><\/p>\n<p>&nbsp;<\/p>\n<p><strong>Galer\u00eda de im\u00e1genes<\/strong><\/p>\n\n\t\t<style type=\"text\/css\">\n\t\t\t#gallery-1 {\n\t\t\t\tmargin: auto;\n\t\t\t}\n\t\t\t#gallery-1 .gallery-item {\n\t\t\t\tfloat: left;\n\t\t\t\tmargin-top: 10px;\n\t\t\t\ttext-align: center;\n\t\t\t\twidth: 33%;\n\t\t\t}\n\t\t\t#gallery-1 img {\n\t\t\t\tborder: 2px solid #cfcfcf;\n\t\t\t}\n\t\t\t#gallery-1 .gallery-caption {\n\t\t\t\tmargin-left: 0;\n\t\t\t}\n\t\t\t\/* see gallery_shortcode() in wp-includes\/media.php *\/\n\t\t<\/style>\n\t\t<div id='gallery-1' class='gallery galleryid-11741 gallery-columns-3 gallery-size-thumbnail'><dl class='gallery-item'>\n\t\t\t<dt class='gallery-icon landscape'>\n\t\t\t\t<a href='https:\/\/www.inet.edu.ar\/index.php\/alumnos-de-escuela-tecnica-de-provincia-de-buenos-aires-fueron-premiados-en-feria-internacional-de-ciencias-en-estados-unidos\/wp-ituzaingo\/#main'><img loading=\"lazy\" decoding=\"async\" width=\"150\" height=\"100\" src=\"https:\/\/www.inet.edu.ar\/wp-content\/uploads\/2016\/05\/wp-ituzaingo-150x100.jpg\" class=\"attachment-thumbnail size-thumbnail\" alt=\"\" \/><\/a>\n\t\t\t<\/dt><\/dl><dl class='gallery-item'>\n\t\t\t<dt class='gallery-icon landscape'>\n\t\t\t\t<a href='https:\/\/www.inet.edu.ar\/index.php\/alumnos-de-escuela-tecnica-de-provincia-de-buenos-aires-fueron-premiados-en-feria-internacional-de-ciencias-en-estados-unidos\/premio-oea\/#main'><img loading=\"lazy\" decoding=\"async\" width=\"150\" height=\"100\" src=\"https:\/\/www.inet.edu.ar\/wp-content\/uploads\/2016\/05\/premio-oea-1-150x100.jpg\" class=\"attachment-thumbnail size-thumbnail\" alt=\"\" \/><\/a>\n\t\t\t<\/dt><\/dl><dl class='gallery-item'>\n\t\t\t<dt class='gallery-icon landscape'>\n\t\t\t\t<a href='https:\/\/www.inet.edu.ar\/index.php\/alumnos-de-escuela-tecnica-de-provincia-de-buenos-aires-fueron-premiados-en-feria-internacional-de-ciencias-en-estados-unidos\/premio-4to-lugar\/#main'><img loading=\"lazy\" decoding=\"async\" width=\"150\" height=\"100\" src=\"https:\/\/www.inet.edu.ar\/wp-content\/uploads\/2016\/05\/premio-4to-lugar-1-150x100.jpg\" class=\"attachment-thumbnail size-thumbnail\" alt=\"\" \/><\/a>\n\t\t\t<\/dt><\/dl><br style=\"clear: both\" \/><dl class='gallery-item'>\n\t\t\t<dt class='gallery-icon landscape'>\n\t\t\t\t<a href='https:\/\/www.inet.edu.ar\/index.php\/alumnos-de-escuela-tecnica-de-provincia-de-buenos-aires-fueron-premiados-en-feria-internacional-de-ciencias-en-estados-unidos\/img-20160508-wa0007\/#main'><img loading=\"lazy\" decoding=\"async\" width=\"150\" height=\"100\" src=\"https:\/\/www.inet.edu.ar\/wp-content\/uploads\/2016\/05\/IMG-20160508-WA0007-1-150x100.jpg\" class=\"attachment-thumbnail size-thumbnail\" alt=\"\" \/><\/a>\n\t\t\t<\/dt><\/dl><dl class='gallery-item'>\n\t\t\t<dt class='gallery-icon portrait'>\n\t\t\t\t<a href='https:\/\/www.inet.edu.ar\/index.php\/alumnos-de-escuela-tecnica-de-provincia-de-buenos-aires-fueron-premiados-en-feria-internacional-de-ciencias-en-estados-unidos\/img-20160507-wa0067\/#main'><img loading=\"lazy\" decoding=\"async\" width=\"150\" height=\"100\" src=\"https:\/\/www.inet.edu.ar\/wp-content\/uploads\/2016\/05\/IMG-20160507-WA0067-150x100.jpg\" class=\"attachment-thumbnail size-thumbnail\" alt=\"\" \/><\/a>\n\t\t\t<\/dt><\/dl><dl class='gallery-item'>\n\t\t\t<dt class='gallery-icon portrait'>\n\t\t\t\t<a href='https:\/\/www.inet.edu.ar\/index.php\/alumnos-de-escuela-tecnica-de-provincia-de-buenos-aires-fueron-premiados-en-feria-internacional-de-ciencias-en-estados-unidos\/img-20160507-wa0066\/#main'><img loading=\"lazy\" decoding=\"async\" width=\"150\" height=\"100\" src=\"https:\/\/www.inet.edu.ar\/wp-content\/uploads\/2016\/05\/IMG-20160507-WA0066-150x100.jpg\" class=\"attachment-thumbnail size-thumbnail\" alt=\"\" \/><\/a>\n\t\t\t<\/dt><\/dl><br style=\"clear: both\" \/><dl class='gallery-item'>\n\t\t\t<dt class='gallery-icon landscape'>\n\t\t\t\t<a href='https:\/\/www.inet.edu.ar\/index.php\/alumnos-de-escuela-tecnica-de-provincia-de-buenos-aires-fueron-premiados-en-feria-internacional-de-ciencias-en-estados-unidos\/img-20160507-wa0065\/#main'><img loading=\"lazy\" decoding=\"async\" width=\"150\" height=\"100\" src=\"https:\/\/www.inet.edu.ar\/wp-content\/uploads\/2016\/05\/IMG-20160507-WA0065-1-150x100.jpg\" class=\"attachment-thumbnail size-thumbnail\" alt=\"\" \/><\/a>\n\t\t\t<\/dt><\/dl><dl class='gallery-item'>\n\t\t\t<dt class='gallery-icon landscape'>\n\t\t\t\t<a href='https:\/\/www.inet.edu.ar\/index.php\/alumnos-de-escuela-tecnica-de-provincia-de-buenos-aires-fueron-premiados-en-feria-internacional-de-ciencias-en-estados-unidos\/13178839_1793070444247823_7186677562449710394_n\/#main'><img loading=\"lazy\" decoding=\"async\" width=\"150\" height=\"100\" src=\"https:\/\/www.inet.edu.ar\/wp-content\/uploads\/2016\/05\/13178839_1793070444247823_7186677562449710394_n-150x100.jpg\" class=\"attachment-thumbnail size-thumbnail\" alt=\"\" \/><\/a>\n\t\t\t<\/dt><\/dl><dl class='gallery-item'>\n\t\t\t<dt class='gallery-icon landscape'>\n\t\t\t\t<a href='https:\/\/www.inet.edu.ar\/index.php\/alumnos-de-escuela-tecnica-de-provincia-de-buenos-aires-fueron-premiados-en-feria-internacional-de-ciencias-en-estados-unidos\/13178042_1793039844250883_6299039532954194916_n\/#main'><img loading=\"lazy\" decoding=\"async\" width=\"150\" height=\"100\" src=\"https:\/\/www.inet.edu.ar\/wp-content\/uploads\/2016\/05\/13178042_1793039844250883_6299039532954194916_n-150x100.jpg\" class=\"attachment-thumbnail size-thumbnail\" alt=\"\" \/><\/a>\n\t\t\t<\/dt><\/dl><br style=\"clear: both\" \/>\n\t\t<\/div>\n\n<p>&nbsp;<\/p>\n","protected":false},"excerpt":{"rendered":"<p>Se expusieron alrededor de 1007 proyectos. El equipo argentino obtuvo el 4to puesto en su categor\u00eda y una distinci\u00f3n de la OEA. Phoenix, Arizona, Estados Unidos. Los estudiantes Jason Leonel Linares\u00a0y\u00a0Nuria Roc\u00edo Orqu\u00edn, junto al docente Javier Dar\u00edo Ca\u00f1ete, de la Escuela T\u00e9cnica N\u00b0 1 \u201cRep\u00fablica del Paraguay\u201d de Ituzaing\u00f3, provincia de Buenos Aires, representaron [&hellip;]<\/p>\n","protected":false},"author":7,"featured_media":11811,"comment_status":"closed","ping_status":"open","sticky":false,"template":"","format":"standard","meta":{"footnotes":""},"categories":[1,14,13],"tags":[22,20,23,21],"class_list":["post-11741","post","type-post","status-publish","format-standard","has-post-thumbnail","hentry","category-noticias","category-noticias-fijas","category-noticias-slider","tag-escuela-tecnica","tag-feria-de-ciencias","tag-feria-internacional-intel","tag-ituzaingo"],"_links":{"self":[{"href":"https:\/\/www.inet.edu.ar\/index.php\/wp-json\/wp\/v2\/posts\/11741","targetHints":{"allow":["GET"]}}],"collection":[{"href":"https:\/\/www.inet.edu.ar\/index.php\/wp-json\/wp\/v2\/posts"}],"about":[{"href":"https:\/\/www.inet.edu.ar\/index.php\/wp-json\/wp\/v2\/types\/post"}],"author":[{"embeddable":true,"href":"https:\/\/www.inet.edu.ar\/index.php\/wp-json\/wp\/v2\/users\/7"}],"replies":[{"embeddable":true,"href":"https:\/\/www.inet.edu.ar\/index.php\/wp-json\/wp\/v2\/comments?post=11741"}],"version-history":[{"count":6,"href":"https:\/\/www.inet.edu.ar\/index.php\/wp-json\/wp\/v2\/posts\/11741\/revisions"}],"predecessor-version":[{"id":12561,"href":"https:\/\/www.inet.edu.ar\/index.php\/wp-json\/wp\/v2\/posts\/11741\/revisions\/12561"}],"wp:featuredmedia":[{"embeddable":true,"href":"https:\/\/www.inet.edu.ar\/index.php\/wp-json\/wp\/v2\/media\/11811"}],"wp:attachment":[{"href":"https:\/\/www.inet.edu.ar\/index.php\/wp-json\/wp\/v2\/media?parent=11741"}],"wp:term":[{"taxonomy":"category","embeddable":true,"href":"https:\/\/www.inet.edu.ar\/index.php\/wp-json\/wp\/v2\/categories?post=11741"},{"taxonomy":"post_tag","embeddable":true,"href":"https:\/\/www.inet.edu.ar\/index.php\/wp-json\/wp\/v2\/tags?post=11741"}],"curies":[{"name":"wp","href":"https:\/\/api.w.org\/{rel}","templated":true}]}}