{"id":12011,"date":"2016-05-19T19:42:37","date_gmt":"2016-05-19T22:42:37","guid":{"rendered":"https:\/\/www.inet.edu.ar\/?p=12011"},"modified":"2016-05-20T17:32:14","modified_gmt":"2016-05-20T20:32:14","slug":"brecha-de-habilidades-en-argentina-y-formacion-tecnico-profesional-seminario-con-la-uca-y-la-oei","status":"publish","type":"post","link":"https:\/\/www.inet.edu.ar\/index.php\/brecha-de-habilidades-en-argentina-y-formacion-tecnico-profesional-seminario-con-la-uca-y-la-oei\/","title":{"rendered":"\u00abBrecha de habilidades en Argentina y formaci\u00f3n T\u00e9cnico Profesional\u00bb-seminario con la UCA y la OEI"},"content":{"rendered":"<p>Ciudad Aut\u00f3noma de Buenos Aires.<\/p>\n<p>Hoy realizamos el Seminario \u00abBrecha de habilidades en Argentina y formaci\u00f3n T\u00e9cnico Profesional\u00bb en conjunto con la Universidad Cat\u00f3lica Argentina (UCA) y la Organizaci\u00f3n de Estados Iberoamericanos (OEI).<\/p>\n<p>Participaron del evento Mar\u00eda Soledad Acu\u00f1a (ministra de Educaci\u00f3n de CABA); Fernando Menchi (ministro de Educaci\u00f3n de Chubut); N\u00e9stor Am\u00e9rico (director de Educaci\u00f3n T\u00e9cnica y Trabajo de Mendoza); Andr\u00e9s Delich (director ejecutivo de la OEI); junto a Dante Sica (economista de ABECEB); Rodrigo Kon (director regional de la Fundaci\u00f3n Forge); Carola Weber (fundadora y directora de CW International Education, Australia); Cynthia Giolito (manager de Ciudadan\u00eda Corporativa de Samsung); y nuestro director ejecutivo, Gabriel S\u00e1nchez Zinny.<\/p>\n<p>Abrieron el seminario el director de Relaciones Institucionales de la UCA, el director ejecutivo de la OEI y nuestro director ejecutivo.<\/p>\n<p>Gabriel S\u00e1nchez Zinny\u00a0manifest\u00f3 que <em>\u00abdesde el INET tenemos que discutir pol\u00edticas p\u00fablicas con todos los sectores: educativo, empresarial, gremial\u00bb. Y agreg\u00f3\u00a0que \u00abno se puede hablar de ETP si no pensamos en el mercado laboral y en tecnolog\u00eda Queremos una ETP ligada a la industria\u00bb<\/em>.<\/p>\n<p>En el primer panel, se expusieron distintos modelos de vinculaci\u00f3n entre Educaci\u00f3n y Trabajo.<\/p>\n<p>La directora de CW International Education, Carola Wober, habl\u00f3 sobre el modelo de Australia. Cynthia Giolito, gerente de Ciudadan\u00eda Corporativa de Samsung, cont\u00f3 sobre la experiencia empresarial. El ministro de Educaci\u00f3n de Chubut, Fernando Menchi, relat\u00f3 la experiencia desde la\u00a0puesta en pr\u00e1ctica en su\u00a0provincia.<\/p>\n<p>En el segundo panel, escuchamos acerca de la matriz productiva en Argentina y la demanda de capacidades hacia el a\u00f1o 2020. El primero en exponer fue el economista de ABECEB, Dante Sica. Luego fue el turno Rodrigo Kon,\u00a0 director regional de la Fundaci\u00f3n Forge. Por \u00faltimo, el director de Educaci\u00f3n T\u00e9cnica y Trabajo de Mendoza, N\u00e9stor Am\u00e9rico, nos cont\u00f3 la experiencia de su provincia.<\/p>\n<p>Finalmente, la ministra de Educaci\u00f3n de CABA, Soledad Acu\u00f1a,\u00a0 cerr\u00f3 el evento hablando de la importancia de la formaci\u00f3n docente, de una curricula flexible y de la convergencia entre los distintos sectores. <em>\u00abLa Educaci\u00f3n no es s\u00f3lo lo que pasa dentro de las aulas El estado necesita de los otros sectores\u00bb.<\/em><\/p>\n<p>El evento se realiz\u00f3 en la sede de la UCA.<\/p>\n<p>&nbsp;<\/p>\n\n\t\t<style type=\"text\/css\">\n\t\t\t#gallery-1 {\n\t\t\t\tmargin: auto;\n\t\t\t}\n\t\t\t#gallery-1 .gallery-item {\n\t\t\t\tfloat: left;\n\t\t\t\tmargin-top: 10px;\n\t\t\t\ttext-align: center;\n\t\t\t\twidth: 33%;\n\t\t\t}\n\t\t\t#gallery-1 img {\n\t\t\t\tborder: 2px solid #cfcfcf;\n\t\t\t}\n\t\t\t#gallery-1 .gallery-caption {\n\t\t\t\tmargin-left: 0;\n\t\t\t}\n\t\t\t\/* see gallery_shortcode() in wp-includes\/media.php *\/\n\t\t<\/style>\n\t\t<div id='gallery-1' class='gallery galleryid-12011 gallery-columns-3 gallery-size-thumbnail'><dl class='gallery-item'>\n\t\t\t<dt class='gallery-icon landscape'>\n\t\t\t\t<a href='https:\/\/www.inet.edu.ar\/index.php\/brecha-de-habilidades-en-argentina-y-formacion-tecnico-profesional-seminario-con-la-uca-y-la-oei\/img-20160519-wa0009\/#main'><img loading=\"lazy\" decoding=\"async\" width=\"150\" height=\"100\" src=\"https:\/\/www.inet.edu.ar\/wp-content\/uploads\/2016\/05\/IMG-20160519-WA0009-150x100.jpg\" class=\"attachment-thumbnail size-thumbnail\" alt=\"\" srcset=\"https:\/\/www.inet.edu.ar\/wp-content\/uploads\/2016\/05\/IMG-20160519-WA0009-150x100.jpg 150w, https:\/\/www.inet.edu.ar\/wp-content\/uploads\/2016\/05\/IMG-20160519-WA0009-240x160.jpg 240w, https:\/\/www.inet.edu.ar\/wp-content\/uploads\/2016\/05\/IMG-20160519-WA0009-768x512.jpg 768w, https:\/\/www.inet.edu.ar\/wp-content\/uploads\/2016\/05\/IMG-20160519-WA0009-468x312.jpg 468w, https:\/\/www.inet.edu.ar\/wp-content\/uploads\/2016\/05\/IMG-20160519-WA0009.jpg 1063w\" sizes=\"auto, (max-width: 150px) 100vw, 150px\" \/><\/a>\n\t\t\t<\/dt><\/dl><dl class='gallery-item'>\n\t\t\t<dt class='gallery-icon landscape'>\n\t\t\t\t<a href='https:\/\/www.inet.edu.ar\/index.php\/brecha-de-habilidades-en-argentina-y-formacion-tecnico-profesional-seminario-con-la-uca-y-la-oei\/img-20160519-wa0010\/#main'><img loading=\"lazy\" decoding=\"async\" width=\"150\" height=\"100\" src=\"https:\/\/www.inet.edu.ar\/wp-content\/uploads\/2016\/05\/IMG-20160519-WA0010-150x100.jpg\" class=\"attachment-thumbnail size-thumbnail\" alt=\"\" srcset=\"https:\/\/www.inet.edu.ar\/wp-content\/uploads\/2016\/05\/IMG-20160519-WA0010-150x100.jpg 150w, https:\/\/www.inet.edu.ar\/wp-content\/uploads\/2016\/05\/IMG-20160519-WA0010-240x160.jpg 240w, https:\/\/www.inet.edu.ar\/wp-content\/uploads\/2016\/05\/IMG-20160519-WA0010-768x512.jpg 768w, https:\/\/www.inet.edu.ar\/wp-content\/uploads\/2016\/05\/IMG-20160519-WA0010-468x312.jpg 468w, https:\/\/www.inet.edu.ar\/wp-content\/uploads\/2016\/05\/IMG-20160519-WA0010.jpg 1063w\" sizes=\"auto, (max-width: 150px) 100vw, 150px\" \/><\/a>\n\t\t\t<\/dt><\/dl><dl class='gallery-item'>\n\t\t\t<dt class='gallery-icon landscape'>\n\t\t\t\t<a href='https:\/\/www.inet.edu.ar\/index.php\/brecha-de-habilidades-en-argentina-y-formacion-tecnico-profesional-seminario-con-la-uca-y-la-oei\/img-20160519-wa0011\/#main'><img loading=\"lazy\" decoding=\"async\" width=\"150\" height=\"100\" src=\"https:\/\/www.inet.edu.ar\/wp-content\/uploads\/2016\/05\/IMG-20160519-WA0011-150x100.jpg\" class=\"attachment-thumbnail size-thumbnail\" alt=\"\" \/><\/a>\n\t\t\t<\/dt><\/dl><br style=\"clear: both\" \/><dl class='gallery-item'>\n\t\t\t<dt class='gallery-icon landscape'>\n\t\t\t\t<a href='https:\/\/www.inet.edu.ar\/index.php\/brecha-de-habilidades-en-argentina-y-formacion-tecnico-profesional-seminario-con-la-uca-y-la-oei\/img-20160519-wa0012\/#main'><img loading=\"lazy\" decoding=\"async\" width=\"150\" height=\"100\" src=\"https:\/\/www.inet.edu.ar\/wp-content\/uploads\/2016\/05\/IMG-20160519-WA0012-150x100.jpg\" class=\"attachment-thumbnail size-thumbnail\" alt=\"\" srcset=\"https:\/\/www.inet.edu.ar\/wp-content\/uploads\/2016\/05\/IMG-20160519-WA0012-150x100.jpg 150w, https:\/\/www.inet.edu.ar\/wp-content\/uploads\/2016\/05\/IMG-20160519-WA0012-240x160.jpg 240w, https:\/\/www.inet.edu.ar\/wp-content\/uploads\/2016\/05\/IMG-20160519-WA0012-768x512.jpg 768w, https:\/\/www.inet.edu.ar\/wp-content\/uploads\/2016\/05\/IMG-20160519-WA0012-468x312.jpg 468w, https:\/\/www.inet.edu.ar\/wp-content\/uploads\/2016\/05\/IMG-20160519-WA0012.jpg 1063w\" sizes=\"auto, (max-width: 150px) 100vw, 150px\" \/><\/a>\n\t\t\t<\/dt><\/dl><dl class='gallery-item'>\n\t\t\t<dt class='gallery-icon landscape'>\n\t\t\t\t<a href='https:\/\/www.inet.edu.ar\/index.php\/brecha-de-habilidades-en-argentina-y-formacion-tecnico-profesional-seminario-con-la-uca-y-la-oei\/img-20160519-wa0013\/#main'><img loading=\"lazy\" decoding=\"async\" width=\"150\" height=\"100\" src=\"https:\/\/www.inet.edu.ar\/wp-content\/uploads\/2016\/05\/IMG-20160519-WA0013-150x100.jpg\" class=\"attachment-thumbnail size-thumbnail\" alt=\"\" \/><\/a>\n\t\t\t<\/dt><\/dl><dl class='gallery-item'>\n\t\t\t<dt class='gallery-icon landscape'>\n\t\t\t\t<a href='https:\/\/www.inet.edu.ar\/index.php\/brecha-de-habilidades-en-argentina-y-formacion-tecnico-profesional-seminario-con-la-uca-y-la-oei\/img-20160519-wa0014\/#main'><img loading=\"lazy\" decoding=\"async\" width=\"150\" height=\"100\" src=\"https:\/\/www.inet.edu.ar\/wp-content\/uploads\/2016\/05\/IMG-20160519-WA0014-150x100.jpg\" class=\"attachment-thumbnail size-thumbnail\" alt=\"\" srcset=\"https:\/\/www.inet.edu.ar\/wp-content\/uploads\/2016\/05\/IMG-20160519-WA0014-150x100.jpg 150w, https:\/\/www.inet.edu.ar\/wp-content\/uploads\/2016\/05\/IMG-20160519-WA0014-240x160.jpg 240w, https:\/\/www.inet.edu.ar\/wp-content\/uploads\/2016\/05\/IMG-20160519-WA0014-768x512.jpg 768w, https:\/\/www.inet.edu.ar\/wp-content\/uploads\/2016\/05\/IMG-20160519-WA0014-468x312.jpg 468w, https:\/\/www.inet.edu.ar\/wp-content\/uploads\/2016\/05\/IMG-20160519-WA0014.jpg 1063w\" sizes=\"auto, (max-width: 150px) 100vw, 150px\" \/><\/a>\n\t\t\t<\/dt><\/dl><br style=\"clear: both\" \/><dl class='gallery-item'>\n\t\t\t<dt class='gallery-icon landscape'>\n\t\t\t\t<a href='https:\/\/www.inet.edu.ar\/index.php\/brecha-de-habilidades-en-argentina-y-formacion-tecnico-profesional-seminario-con-la-uca-y-la-oei\/img-20160519-wa0016\/#main'><img loading=\"lazy\" decoding=\"async\" width=\"150\" height=\"100\" src=\"https:\/\/www.inet.edu.ar\/wp-content\/uploads\/2016\/05\/IMG-20160519-WA0016-150x100.jpg\" class=\"attachment-thumbnail size-thumbnail\" alt=\"\" srcset=\"https:\/\/www.inet.edu.ar\/wp-content\/uploads\/2016\/05\/IMG-20160519-WA0016-150x100.jpg 150w, https:\/\/www.inet.edu.ar\/wp-content\/uploads\/2016\/05\/IMG-20160519-WA0016-240x160.jpg 240w, https:\/\/www.inet.edu.ar\/wp-content\/uploads\/2016\/05\/IMG-20160519-WA0016-768x512.jpg 768w, https:\/\/www.inet.edu.ar\/wp-content\/uploads\/2016\/05\/IMG-20160519-WA0016-468x312.jpg 468w, https:\/\/www.inet.edu.ar\/wp-content\/uploads\/2016\/05\/IMG-20160519-WA0016.jpg 1063w\" sizes=\"auto, (max-width: 150px) 100vw, 150px\" \/><\/a>\n\t\t\t<\/dt><\/dl><dl class='gallery-item'>\n\t\t\t<dt class='gallery-icon landscape'>\n\t\t\t\t<a href='https:\/\/www.inet.edu.ar\/index.php\/brecha-de-habilidades-en-argentina-y-formacion-tecnico-profesional-seminario-con-la-uca-y-la-oei\/img-20160519-wa0017\/#main'><img loading=\"lazy\" decoding=\"async\" width=\"150\" height=\"100\" src=\"https:\/\/www.inet.edu.ar\/wp-content\/uploads\/2016\/05\/IMG-20160519-WA0017-150x100.jpg\" class=\"attachment-thumbnail size-thumbnail\" alt=\"\" \/><\/a>\n\t\t\t<\/dt><\/dl><dl class='gallery-item'>\n\t\t\t<dt class='gallery-icon landscape'>\n\t\t\t\t<a href='https:\/\/www.inet.edu.ar\/index.php\/brecha-de-habilidades-en-argentina-y-formacion-tecnico-profesional-seminario-con-la-uca-y-la-oei\/img-20160519-wa0018\/#main'><img loading=\"lazy\" decoding=\"async\" width=\"150\" height=\"100\" src=\"https:\/\/www.inet.edu.ar\/wp-content\/uploads\/2016\/05\/IMG-20160519-WA0018-150x100.jpg\" class=\"attachment-thumbnail size-thumbnail\" alt=\"\" srcset=\"https:\/\/www.inet.edu.ar\/wp-content\/uploads\/2016\/05\/IMG-20160519-WA0018-150x100.jpg 150w, https:\/\/www.inet.edu.ar\/wp-content\/uploads\/2016\/05\/IMG-20160519-WA0018-240x160.jpg 240w, https:\/\/www.inet.edu.ar\/wp-content\/uploads\/2016\/05\/IMG-20160519-WA0018-768x512.jpg 768w, https:\/\/www.inet.edu.ar\/wp-content\/uploads\/2016\/05\/IMG-20160519-WA0018-468x312.jpg 468w, https:\/\/www.inet.edu.ar\/wp-content\/uploads\/2016\/05\/IMG-20160519-WA0018.jpg 1063w\" sizes=\"auto, (max-width: 150px) 100vw, 150px\" \/><\/a>\n\t\t\t<\/dt><\/dl><br style=\"clear: both\" \/><dl class='gallery-item'>\n\t\t\t<dt class='gallery-icon landscape'>\n\t\t\t\t<a href='https:\/\/www.inet.edu.ar\/index.php\/brecha-de-habilidades-en-argentina-y-formacion-tecnico-profesional-seminario-con-la-uca-y-la-oei\/img-20160519-wa0019\/#main'><img loading=\"lazy\" decoding=\"async\" width=\"150\" height=\"100\" src=\"https:\/\/www.inet.edu.ar\/wp-content\/uploads\/2016\/05\/IMG-20160519-WA0019-150x100.jpg\" class=\"attachment-thumbnail size-thumbnail\" alt=\"\" \/><\/a>\n\t\t\t<\/dt><\/dl><dl class='gallery-item'>\n\t\t\t<dt class='gallery-icon landscape'>\n\t\t\t\t<a href='https:\/\/www.inet.edu.ar\/index.php\/brecha-de-habilidades-en-argentina-y-formacion-tecnico-profesional-seminario-con-la-uca-y-la-oei\/img-20160519-wa0020\/#main'><img loading=\"lazy\" decoding=\"async\" width=\"150\" height=\"100\" src=\"https:\/\/www.inet.edu.ar\/wp-content\/uploads\/2016\/05\/IMG-20160519-WA0020-150x100.jpg\" class=\"attachment-thumbnail size-thumbnail\" alt=\"\" srcset=\"https:\/\/www.inet.edu.ar\/wp-content\/uploads\/2016\/05\/IMG-20160519-WA0020-150x100.jpg 150w, https:\/\/www.inet.edu.ar\/wp-content\/uploads\/2016\/05\/IMG-20160519-WA0020-240x160.jpg 240w, https:\/\/www.inet.edu.ar\/wp-content\/uploads\/2016\/05\/IMG-20160519-WA0020-768x512.jpg 768w, https:\/\/www.inet.edu.ar\/wp-content\/uploads\/2016\/05\/IMG-20160519-WA0020-468x312.jpg 468w, https:\/\/www.inet.edu.ar\/wp-content\/uploads\/2016\/05\/IMG-20160519-WA0020.jpg 1063w\" sizes=\"auto, (max-width: 150px) 100vw, 150px\" \/><\/a>\n\t\t\t<\/dt><\/dl><dl class='gallery-item'>\n\t\t\t<dt class='gallery-icon landscape'>\n\t\t\t\t<a href='https:\/\/www.inet.edu.ar\/index.php\/brecha-de-habilidades-en-argentina-y-formacion-tecnico-profesional-seminario-con-la-uca-y-la-oei\/img-20160519-wa0021\/#main'><img loading=\"lazy\" decoding=\"async\" width=\"150\" height=\"100\" src=\"https:\/\/www.inet.edu.ar\/wp-content\/uploads\/2016\/05\/IMG-20160519-WA0021-150x100.jpg\" class=\"attachment-thumbnail size-thumbnail\" alt=\"\" \/><\/a>\n\t\t\t<\/dt><\/dl><br style=\"clear: both\" \/><dl class='gallery-item'>\n\t\t\t<dt class='gallery-icon landscape'>\n\t\t\t\t<a href='https:\/\/www.inet.edu.ar\/index.php\/brecha-de-habilidades-en-argentina-y-formacion-tecnico-profesional-seminario-con-la-uca-y-la-oei\/img-20160519-wa0022\/#main'><img loading=\"lazy\" decoding=\"async\" width=\"150\" height=\"100\" src=\"https:\/\/www.inet.edu.ar\/wp-content\/uploads\/2016\/05\/IMG-20160519-WA0022-150x100.jpg\" class=\"attachment-thumbnail size-thumbnail\" alt=\"\" srcset=\"https:\/\/www.inet.edu.ar\/wp-content\/uploads\/2016\/05\/IMG-20160519-WA0022-150x100.jpg 150w, https:\/\/www.inet.edu.ar\/wp-content\/uploads\/2016\/05\/IMG-20160519-WA0022-240x160.jpg 240w, https:\/\/www.inet.edu.ar\/wp-content\/uploads\/2016\/05\/IMG-20160519-WA0022-768x512.jpg 768w, https:\/\/www.inet.edu.ar\/wp-content\/uploads\/2016\/05\/IMG-20160519-WA0022-468x312.jpg 468w, https:\/\/www.inet.edu.ar\/wp-content\/uploads\/2016\/05\/IMG-20160519-WA0022.jpg 1063w\" sizes=\"auto, (max-width: 150px) 100vw, 150px\" \/><\/a>\n\t\t\t<\/dt><\/dl><dl class='gallery-item'>\n\t\t\t<dt class='gallery-icon landscape'>\n\t\t\t\t<a href='https:\/\/www.inet.edu.ar\/index.php\/brecha-de-habilidades-en-argentina-y-formacion-tecnico-profesional-seminario-con-la-uca-y-la-oei\/img-20160519-wa0024\/#main'><img loading=\"lazy\" decoding=\"async\" width=\"150\" height=\"100\" src=\"https:\/\/www.inet.edu.ar\/wp-content\/uploads\/2016\/05\/IMG-20160519-WA0024-150x100.jpg\" class=\"attachment-thumbnail size-thumbnail\" alt=\"\" srcset=\"https:\/\/www.inet.edu.ar\/wp-content\/uploads\/2016\/05\/IMG-20160519-WA0024-150x100.jpg 150w, https:\/\/www.inet.edu.ar\/wp-content\/uploads\/2016\/05\/IMG-20160519-WA0024-240x160.jpg 240w, https:\/\/www.inet.edu.ar\/wp-content\/uploads\/2016\/05\/IMG-20160519-WA0024-768x512.jpg 768w, https:\/\/www.inet.edu.ar\/wp-content\/uploads\/2016\/05\/IMG-20160519-WA0024-468x312.jpg 468w, https:\/\/www.inet.edu.ar\/wp-content\/uploads\/2016\/05\/IMG-20160519-WA0024.jpg 1063w\" sizes=\"auto, (max-width: 150px) 100vw, 150px\" \/><\/a>\n\t\t\t<\/dt><\/dl><dl class='gallery-item'>\n\t\t\t<dt class='gallery-icon landscape'>\n\t\t\t\t<a href='https:\/\/www.inet.edu.ar\/index.php\/brecha-de-habilidades-en-argentina-y-formacion-tecnico-profesional-seminario-con-la-uca-y-la-oei\/img-20160519-wa0026\/#main'><img loading=\"lazy\" decoding=\"async\" width=\"150\" height=\"100\" src=\"https:\/\/www.inet.edu.ar\/wp-content\/uploads\/2016\/05\/IMG-20160519-WA0026-150x100.jpg\" class=\"attachment-thumbnail size-thumbnail\" alt=\"\" srcset=\"https:\/\/www.inet.edu.ar\/wp-content\/uploads\/2016\/05\/IMG-20160519-WA0026-150x100.jpg 150w, https:\/\/www.inet.edu.ar\/wp-content\/uploads\/2016\/05\/IMG-20160519-WA0026-240x160.jpg 240w, https:\/\/www.inet.edu.ar\/wp-content\/uploads\/2016\/05\/IMG-20160519-WA0026-768x512.jpg 768w, https:\/\/www.inet.edu.ar\/wp-content\/uploads\/2016\/05\/IMG-20160519-WA0026-468x312.jpg 468w, https:\/\/www.inet.edu.ar\/wp-content\/uploads\/2016\/05\/IMG-20160519-WA0026.jpg 1063w\" sizes=\"auto, (max-width: 150px) 100vw, 150px\" \/><\/a>\n\t\t\t<\/dt><\/dl><br style=\"clear: both\" \/><dl class='gallery-item'>\n\t\t\t<dt class='gallery-icon landscape'>\n\t\t\t\t<a href='https:\/\/www.inet.edu.ar\/index.php\/brecha-de-habilidades-en-argentina-y-formacion-tecnico-profesional-seminario-con-la-uca-y-la-oei\/inet-uca\/#main'><img loading=\"lazy\" decoding=\"async\" width=\"150\" height=\"100\" src=\"https:\/\/www.inet.edu.ar\/wp-content\/uploads\/2016\/05\/INET-UCA-150x100.jpg\" class=\"attachment-thumbnail size-thumbnail\" alt=\"\" srcset=\"https:\/\/www.inet.edu.ar\/wp-content\/uploads\/2016\/05\/INET-UCA-150x100.jpg 150w, https:\/\/www.inet.edu.ar\/wp-content\/uploads\/2016\/05\/INET-UCA-240x158.jpg 240w, https:\/\/www.inet.edu.ar\/wp-content\/uploads\/2016\/05\/INET-UCA-768x505.jpg 768w, https:\/\/www.inet.edu.ar\/wp-content\/uploads\/2016\/05\/INET-UCA-468x308.jpg 468w\" sizes=\"auto, (max-width: 150px) 100vw, 150px\" \/><\/a>\n\t\t\t<\/dt><\/dl><dl class='gallery-item'>\n\t\t\t<dt class='gallery-icon landscape'>\n\t\t\t\t<a href='https:\/\/www.inet.edu.ar\/index.php\/brecha-de-habilidades-en-argentina-y-formacion-tecnico-profesional-seminario-con-la-uca-y-la-oei\/inet-seminario-uca-57\/#main'><img loading=\"lazy\" decoding=\"async\" width=\"150\" height=\"100\" src=\"https:\/\/www.inet.edu.ar\/wp-content\/uploads\/2016\/05\/INET-Seminario-UCA-57-150x100.jpg\" class=\"attachment-thumbnail size-thumbnail\" alt=\"\" srcset=\"https:\/\/www.inet.edu.ar\/wp-content\/uploads\/2016\/05\/INET-Seminario-UCA-57-150x100.jpg 150w, https:\/\/www.inet.edu.ar\/wp-content\/uploads\/2016\/05\/INET-Seminario-UCA-57-240x160.jpg 240w, https:\/\/www.inet.edu.ar\/wp-content\/uploads\/2016\/05\/INET-Seminario-UCA-57-768x512.jpg 768w, https:\/\/www.inet.edu.ar\/wp-content\/uploads\/2016\/05\/INET-Seminario-UCA-57-468x312.jpg 468w\" sizes=\"auto, (max-width: 150px) 100vw, 150px\" \/><\/a>\n\t\t\t<\/dt><\/dl><dl class='gallery-item'>\n\t\t\t<dt class='gallery-icon landscape'>\n\t\t\t\t<a href='https:\/\/www.inet.edu.ar\/index.php\/brecha-de-habilidades-en-argentina-y-formacion-tecnico-profesional-seminario-con-la-uca-y-la-oei\/inet-seminario-uca-55\/#main'><img loading=\"lazy\" decoding=\"async\" width=\"150\" height=\"100\" src=\"https:\/\/www.inet.edu.ar\/wp-content\/uploads\/2016\/05\/INET-Seminario-UCA-55-150x100.jpg\" class=\"attachment-thumbnail size-thumbnail\" alt=\"\" \/><\/a>\n\t\t\t<\/dt><\/dl><br style=\"clear: both\" \/><dl class='gallery-item'>\n\t\t\t<dt class='gallery-icon landscape'>\n\t\t\t\t<a href='https:\/\/www.inet.edu.ar\/index.php\/brecha-de-habilidades-en-argentina-y-formacion-tecnico-profesional-seminario-con-la-uca-y-la-oei\/inet-seminario-uca-54\/#main'><img loading=\"lazy\" decoding=\"async\" width=\"150\" height=\"100\" src=\"https:\/\/www.inet.edu.ar\/wp-content\/uploads\/2016\/05\/INET-Seminario-UCA-54-150x100.jpg\" class=\"attachment-thumbnail size-thumbnail\" alt=\"\" srcset=\"https:\/\/www.inet.edu.ar\/wp-content\/uploads\/2016\/05\/INET-Seminario-UCA-54-150x100.jpg 150w, https:\/\/www.inet.edu.ar\/wp-content\/uploads\/2016\/05\/INET-Seminario-UCA-54-240x160.jpg 240w, https:\/\/www.inet.edu.ar\/wp-content\/uploads\/2016\/05\/INET-Seminario-UCA-54-768x512.jpg 768w, https:\/\/www.inet.edu.ar\/wp-content\/uploads\/2016\/05\/INET-Seminario-UCA-54-468x312.jpg 468w\" sizes=\"auto, (max-width: 150px) 100vw, 150px\" \/><\/a>\n\t\t\t<\/dt><\/dl><dl class='gallery-item'>\n\t\t\t<dt class='gallery-icon landscape'>\n\t\t\t\t<a href='https:\/\/www.inet.edu.ar\/index.php\/brecha-de-habilidades-en-argentina-y-formacion-tecnico-profesional-seminario-con-la-uca-y-la-oei\/inet-seminario-uca-53\/#main'><img loading=\"lazy\" decoding=\"async\" width=\"150\" height=\"100\" src=\"https:\/\/www.inet.edu.ar\/wp-content\/uploads\/2016\/05\/INET-Seminario-UCA-53-150x100.jpg\" class=\"attachment-thumbnail size-thumbnail\" alt=\"\" srcset=\"https:\/\/www.inet.edu.ar\/wp-content\/uploads\/2016\/05\/INET-Seminario-UCA-53-150x100.jpg 150w, https:\/\/www.inet.edu.ar\/wp-content\/uploads\/2016\/05\/INET-Seminario-UCA-53-240x160.jpg 240w, https:\/\/www.inet.edu.ar\/wp-content\/uploads\/2016\/05\/INET-Seminario-UCA-53-768x512.jpg 768w, https:\/\/www.inet.edu.ar\/wp-content\/uploads\/2016\/05\/INET-Seminario-UCA-53-468x312.jpg 468w\" sizes=\"auto, (max-width: 150px) 100vw, 150px\" \/><\/a>\n\t\t\t<\/dt><\/dl><dl class='gallery-item'>\n\t\t\t<dt class='gallery-icon landscape'>\n\t\t\t\t<a href='https:\/\/www.inet.edu.ar\/index.php\/brecha-de-habilidades-en-argentina-y-formacion-tecnico-profesional-seminario-con-la-uca-y-la-oei\/inet-seminario-uca-52\/#main'><img loading=\"lazy\" decoding=\"async\" width=\"150\" height=\"100\" src=\"https:\/\/www.inet.edu.ar\/wp-content\/uploads\/2016\/05\/INET-Seminario-UCA-52-150x100.jpg\" class=\"attachment-thumbnail size-thumbnail\" alt=\"\" \/><\/a>\n\t\t\t<\/dt><\/dl><br style=\"clear: both\" \/><dl class='gallery-item'>\n\t\t\t<dt class='gallery-icon landscape'>\n\t\t\t\t<a href='https:\/\/www.inet.edu.ar\/index.php\/brecha-de-habilidades-en-argentina-y-formacion-tecnico-profesional-seminario-con-la-uca-y-la-oei\/inet-seminario-uca-48\/#main'><img loading=\"lazy\" decoding=\"async\" width=\"150\" height=\"100\" src=\"https:\/\/www.inet.edu.ar\/wp-content\/uploads\/2016\/05\/INET-Seminario-UCA-48-150x100.jpg\" class=\"attachment-thumbnail size-thumbnail\" alt=\"\" \/><\/a>\n\t\t\t<\/dt><\/dl><dl class='gallery-item'>\n\t\t\t<dt class='gallery-icon landscape'>\n\t\t\t\t<a href='https:\/\/www.inet.edu.ar\/index.php\/brecha-de-habilidades-en-argentina-y-formacion-tecnico-profesional-seminario-con-la-uca-y-la-oei\/inet-seminario-uca-47\/#main'><img loading=\"lazy\" decoding=\"async\" width=\"150\" height=\"100\" src=\"https:\/\/www.inet.edu.ar\/wp-content\/uploads\/2016\/05\/INET-Seminario-UCA-47-150x100.jpg\" class=\"attachment-thumbnail size-thumbnail\" alt=\"\" \/><\/a>\n\t\t\t<\/dt><\/dl><dl class='gallery-item'>\n\t\t\t<dt class='gallery-icon landscape'>\n\t\t\t\t<a href='https:\/\/www.inet.edu.ar\/index.php\/brecha-de-habilidades-en-argentina-y-formacion-tecnico-profesional-seminario-con-la-uca-y-la-oei\/inet-seminario-uca-42\/#main'><img loading=\"lazy\" decoding=\"async\" width=\"150\" height=\"100\" src=\"https:\/\/www.inet.edu.ar\/wp-content\/uploads\/2016\/05\/INET-Seminario-UCA-42-150x100.jpg\" class=\"attachment-thumbnail size-thumbnail\" alt=\"\" srcset=\"https:\/\/www.inet.edu.ar\/wp-content\/uploads\/2016\/05\/INET-Seminario-UCA-42-150x100.jpg 150w, https:\/\/www.inet.edu.ar\/wp-content\/uploads\/2016\/05\/INET-Seminario-UCA-42-240x161.jpg 240w, https:\/\/www.inet.edu.ar\/wp-content\/uploads\/2016\/05\/INET-Seminario-UCA-42-768x515.jpg 768w, https:\/\/www.inet.edu.ar\/wp-content\/uploads\/2016\/05\/INET-Seminario-UCA-42-468x314.jpg 468w\" sizes=\"auto, (max-width: 150px) 100vw, 150px\" \/><\/a>\n\t\t\t<\/dt><\/dl><br style=\"clear: both\" \/><dl class='gallery-item'>\n\t\t\t<dt class='gallery-icon landscape'>\n\t\t\t\t<a href='https:\/\/www.inet.edu.ar\/index.php\/brecha-de-habilidades-en-argentina-y-formacion-tecnico-profesional-seminario-con-la-uca-y-la-oei\/inet-seminario-uca-41\/#main'><img loading=\"lazy\" decoding=\"async\" width=\"150\" height=\"100\" src=\"https:\/\/www.inet.edu.ar\/wp-content\/uploads\/2016\/05\/INET-Seminario-UCA-41-150x100.jpg\" class=\"attachment-thumbnail size-thumbnail\" alt=\"\" \/><\/a>\n\t\t\t<\/dt><\/dl><dl class='gallery-item'>\n\t\t\t<dt class='gallery-icon landscape'>\n\t\t\t\t<a href='https:\/\/www.inet.edu.ar\/index.php\/brecha-de-habilidades-en-argentina-y-formacion-tecnico-profesional-seminario-con-la-uca-y-la-oei\/inet-seminario-uca-40\/#main'><img loading=\"lazy\" decoding=\"async\" width=\"150\" height=\"100\" src=\"https:\/\/www.inet.edu.ar\/wp-content\/uploads\/2016\/05\/INET-Seminario-UCA-40-150x100.jpg\" class=\"attachment-thumbnail size-thumbnail\" alt=\"\" srcset=\"https:\/\/www.inet.edu.ar\/wp-content\/uploads\/2016\/05\/INET-Seminario-UCA-40-150x100.jpg 150w, https:\/\/www.inet.edu.ar\/wp-content\/uploads\/2016\/05\/INET-Seminario-UCA-40-240x160.jpg 240w, https:\/\/www.inet.edu.ar\/wp-content\/uploads\/2016\/05\/INET-Seminario-UCA-40-768x512.jpg 768w, https:\/\/www.inet.edu.ar\/wp-content\/uploads\/2016\/05\/INET-Seminario-UCA-40-468x312.jpg 468w\" sizes=\"auto, (max-width: 150px) 100vw, 150px\" \/><\/a>\n\t\t\t<\/dt><\/dl><dl class='gallery-item'>\n\t\t\t<dt class='gallery-icon landscape'>\n\t\t\t\t<a href='https:\/\/www.inet.edu.ar\/index.php\/brecha-de-habilidades-en-argentina-y-formacion-tecnico-profesional-seminario-con-la-uca-y-la-oei\/inet-seminario-uca-36\/#main'><img loading=\"lazy\" decoding=\"async\" width=\"150\" height=\"100\" src=\"https:\/\/www.inet.edu.ar\/wp-content\/uploads\/2016\/05\/INET-Seminario-UCA-36-150x100.jpg\" class=\"attachment-thumbnail size-thumbnail\" alt=\"\" srcset=\"https:\/\/www.inet.edu.ar\/wp-content\/uploads\/2016\/05\/INET-Seminario-UCA-36-150x100.jpg 150w, https:\/\/www.inet.edu.ar\/wp-content\/uploads\/2016\/05\/INET-Seminario-UCA-36-240x160.jpg 240w, https:\/\/www.inet.edu.ar\/wp-content\/uploads\/2016\/05\/INET-Seminario-UCA-36-768x512.jpg 768w, https:\/\/www.inet.edu.ar\/wp-content\/uploads\/2016\/05\/INET-Seminario-UCA-36-468x312.jpg 468w\" sizes=\"auto, (max-width: 150px) 100vw, 150px\" \/><\/a>\n\t\t\t<\/dt><\/dl><br style=\"clear: both\" \/><dl class='gallery-item'>\n\t\t\t<dt class='gallery-icon landscape'>\n\t\t\t\t<a href='https:\/\/www.inet.edu.ar\/index.php\/brecha-de-habilidades-en-argentina-y-formacion-tecnico-profesional-seminario-con-la-uca-y-la-oei\/inet-seminario-uca-34\/#main'><img loading=\"lazy\" decoding=\"async\" width=\"150\" height=\"100\" src=\"https:\/\/www.inet.edu.ar\/wp-content\/uploads\/2016\/05\/INET-Seminario-UCA-34-150x100.jpg\" class=\"attachment-thumbnail size-thumbnail\" alt=\"\" \/><\/a>\n\t\t\t<\/dt><\/dl><dl class='gallery-item'>\n\t\t\t<dt class='gallery-icon landscape'>\n\t\t\t\t<a href='https:\/\/www.inet.edu.ar\/index.php\/brecha-de-habilidades-en-argentina-y-formacion-tecnico-profesional-seminario-con-la-uca-y-la-oei\/inet-seminario-uca-33\/#main'><img loading=\"lazy\" decoding=\"async\" width=\"150\" height=\"100\" src=\"https:\/\/www.inet.edu.ar\/wp-content\/uploads\/2016\/05\/INET-Seminario-UCA-33-150x100.jpg\" class=\"attachment-thumbnail size-thumbnail\" alt=\"\" srcset=\"https:\/\/www.inet.edu.ar\/wp-content\/uploads\/2016\/05\/INET-Seminario-UCA-33-150x100.jpg 150w, https:\/\/www.inet.edu.ar\/wp-content\/uploads\/2016\/05\/INET-Seminario-UCA-33-240x160.jpg 240w, https:\/\/www.inet.edu.ar\/wp-content\/uploads\/2016\/05\/INET-Seminario-UCA-33-768x512.jpg 768w, https:\/\/www.inet.edu.ar\/wp-content\/uploads\/2016\/05\/INET-Seminario-UCA-33-468x312.jpg 468w\" sizes=\"auto, (max-width: 150px) 100vw, 150px\" \/><\/a>\n\t\t\t<\/dt><\/dl><dl class='gallery-item'>\n\t\t\t<dt class='gallery-icon landscape'>\n\t\t\t\t<a href='https:\/\/www.inet.edu.ar\/index.php\/brecha-de-habilidades-en-argentina-y-formacion-tecnico-profesional-seminario-con-la-uca-y-la-oei\/inet-seminario-uca-31\/#main'><img loading=\"lazy\" decoding=\"async\" width=\"150\" height=\"100\" src=\"https:\/\/www.inet.edu.ar\/wp-content\/uploads\/2016\/05\/INET-Seminario-UCA-31-150x100.jpg\" class=\"attachment-thumbnail size-thumbnail\" alt=\"\" \/><\/a>\n\t\t\t<\/dt><\/dl><br style=\"clear: both\" \/><dl class='gallery-item'>\n\t\t\t<dt class='gallery-icon landscape'>\n\t\t\t\t<a href='https:\/\/www.inet.edu.ar\/index.php\/brecha-de-habilidades-en-argentina-y-formacion-tecnico-profesional-seminario-con-la-uca-y-la-oei\/inet-seminario-uca-29\/#main'><img loading=\"lazy\" decoding=\"async\" width=\"150\" height=\"100\" src=\"https:\/\/www.inet.edu.ar\/wp-content\/uploads\/2016\/05\/INET-Seminario-UCA-29-150x100.jpg\" class=\"attachment-thumbnail size-thumbnail\" alt=\"\" srcset=\"https:\/\/www.inet.edu.ar\/wp-content\/uploads\/2016\/05\/INET-Seminario-UCA-29-150x100.jpg 150w, https:\/\/www.inet.edu.ar\/wp-content\/uploads\/2016\/05\/INET-Seminario-UCA-29-240x159.jpg 240w, https:\/\/www.inet.edu.ar\/wp-content\/uploads\/2016\/05\/INET-Seminario-UCA-29-768x508.jpg 768w, https:\/\/www.inet.edu.ar\/wp-content\/uploads\/2016\/05\/INET-Seminario-UCA-29-468x310.jpg 468w\" sizes=\"auto, (max-width: 150px) 100vw, 150px\" \/><\/a>\n\t\t\t<\/dt><\/dl><dl class='gallery-item'>\n\t\t\t<dt class='gallery-icon landscape'>\n\t\t\t\t<a href='https:\/\/www.inet.edu.ar\/index.php\/brecha-de-habilidades-en-argentina-y-formacion-tecnico-profesional-seminario-con-la-uca-y-la-oei\/inet-seminario-uca-1\/#main'><img loading=\"lazy\" decoding=\"async\" width=\"150\" height=\"100\" src=\"https:\/\/www.inet.edu.ar\/wp-content\/uploads\/2016\/05\/INET-Seminario-UCA-1-150x100.jpg\" class=\"attachment-thumbnail size-thumbnail\" alt=\"\" srcset=\"https:\/\/www.inet.edu.ar\/wp-content\/uploads\/2016\/05\/INET-Seminario-UCA-1-150x100.jpg 150w, https:\/\/www.inet.edu.ar\/wp-content\/uploads\/2016\/05\/INET-Seminario-UCA-1-240x160.jpg 240w, https:\/\/www.inet.edu.ar\/wp-content\/uploads\/2016\/05\/INET-Seminario-UCA-1-768x512.jpg 768w, https:\/\/www.inet.edu.ar\/wp-content\/uploads\/2016\/05\/INET-Seminario-UCA-1-468x312.jpg 468w\" sizes=\"auto, (max-width: 150px) 100vw, 150px\" \/><\/a>\n\t\t\t<\/dt><\/dl>\n\t\t\t<br style='clear: both' \/>\n\t\t<\/div>\n\n","protected":false},"excerpt":{"rendered":"<p>Ciudad Aut\u00f3noma de Buenos Aires. Hoy realizamos el Seminario \u00abBrecha de habilidades en Argentina y formaci\u00f3n T\u00e9cnico Profesional\u00bb en conjunto con la Universidad Cat\u00f3lica Argentina (UCA) y la Organizaci\u00f3n de Estados Iberoamericanos (OEI). Participaron del evento Mar\u00eda Soledad Acu\u00f1a (ministra de Educaci\u00f3n de CABA); Fernando Menchi (ministro de Educaci\u00f3n de Chubut); N\u00e9stor Am\u00e9rico (director de [&hellip;]<\/p>\n","protected":false},"author":7,"featured_media":12016,"comment_status":"closed","ping_status":"open","sticky":false,"template":"","format":"standard","meta":{"footnotes":""},"categories":[1,14,13],"tags":[87,88,86,89,83],"class_list":["post-12011","post","type-post","status-publish","format-standard","has-post-thumbnail","hentry","category-noticias","category-noticias-fijas","category-noticias-slider","tag-educacion-y-trabajo","tag-etp","tag-habilidades","tag-sectores-socioproductivos","tag-seminario"],"_links":{"self":[{"href":"https:\/\/www.inet.edu.ar\/index.php\/wp-json\/wp\/v2\/posts\/12011","targetHints":{"allow":["GET"]}}],"collection":[{"href":"https:\/\/www.inet.edu.ar\/index.php\/wp-json\/wp\/v2\/posts"}],"about":[{"href":"https:\/\/www.inet.edu.ar\/index.php\/wp-json\/wp\/v2\/types\/post"}],"author":[{"embeddable":true,"href":"https:\/\/www.inet.edu.ar\/index.php\/wp-json\/wp\/v2\/users\/7"}],"replies":[{"embeddable":true,"href":"https:\/\/www.inet.edu.ar\/index.php\/wp-json\/wp\/v2\/comments?post=12011"}],"version-history":[{"count":10,"href":"https:\/\/www.inet.edu.ar\/index.php\/wp-json\/wp\/v2\/posts\/12011\/revisions"}],"predecessor-version":[{"id":12081,"href":"https:\/\/www.inet.edu.ar\/index.php\/wp-json\/wp\/v2\/posts\/12011\/revisions\/12081"}],"wp:featuredmedia":[{"embeddable":true,"href":"https:\/\/www.inet.edu.ar\/index.php\/wp-json\/wp\/v2\/media\/12016"}],"wp:attachment":[{"href":"https:\/\/www.inet.edu.ar\/index.php\/wp-json\/wp\/v2\/media?parent=12011"}],"wp:term":[{"taxonomy":"category","embeddable":true,"href":"https:\/\/www.inet.edu.ar\/index.php\/wp-json\/wp\/v2\/categories?post=12011"},{"taxonomy":"post_tag","embeddable":true,"href":"https:\/\/www.inet.edu.ar\/index.php\/wp-json\/wp\/v2\/tags?post=12011"}],"curies":[{"name":"wp","href":"https:\/\/api.w.org\/{rel}","templated":true}]}}