{"id":12353,"date":"2016-06-01T19:03:15","date_gmt":"2016-06-01T22:03:15","guid":{"rendered":"https:\/\/www.inet.edu.ar\/?p=12353"},"modified":"2016-06-02T11:42:21","modified_gmt":"2016-06-02T14:42:21","slug":"fortaleciendo-la-educacion-agrotecnica-y-agropecuaria-en-santiago-del-estero","status":"publish","type":"post","link":"https:\/\/www.inet.edu.ar\/index.php\/fortaleciendo-la-educacion-agrotecnica-y-agropecuaria-en-santiago-del-estero\/","title":{"rendered":"Fortaleciendo la Educaci\u00f3n Agrot\u00e9cnica y Agropecuaria en Santiago del Estero"},"content":{"rendered":"<p style=\"text-align: center;\"><em>El INET junto a UCAR -Unidad para el Cambio Rural, Ministerio de Agroindustria de la Naci\u00f3n<\/em><\/p>\n<p>Resistencia, Chaco<\/p>\n<p>El director nacional de Formaci\u00f3n Profesional, Fabi\u00e1n Prieto, acompa\u00f1\u00f3 a autoridades educativas de la Escuela Agrot\u00e9cnica de Fr\u00edas, Santiago del Estero, en su visita a la Escuela de Educaci\u00f3n Agropecuaria N\u00ba13 de Resistencia, Chaco, para conocer sus\u00a0pr\u00e1cticas,\u00a0en el marco de un proyecto para fortalecer la educaci\u00f3n agrot\u00e9cnica y agropecuaria en la Regi\u00f3n del Albigasta (que une las provincias de Catamarca, Tucum\u00e1n, C\u00f3rdoba y Santiago del Estero alrededor del r\u00edo Albigasta).<\/p>\n<p>El objetivo de la visita fue conocer la organizaci\u00f3n y funcionamiento de los invern\u00e1culos, as\u00ed como el modelo de gesti\u00f3n institucional y las ofertas formativas de la escuela de jardiner\u00eda de Resistencia. Adem\u00e1s, analizamos los emprendimientos productivos que se pueden desarrollar en el invern\u00e1culo que la UCAR (Unidad para el Cambio Rural), en un esfuerzo conjunto con el Municipio de Fr\u00edas, instal\u00f3 en la escuela de esta ciudad.<\/p>\n<p>La Escuela de Educaci\u00f3n Agropecuaria N\u00ba 13, m\u00e1s conocida como \u201cEscuela de Jardiner\u00eda\u201d, es un establecimiento educativo dependiente del Ministerio de Educaci\u00f3n, Cultura, Ciencia y Tecnolog\u00eda de la Provincia de Chaco, que se cre\u00f3 en 1982 con escasos recursos y, a partir de un sistema de autogesti\u00f3n,\u00a0 lleg\u00f3 a ser una escuela profesional con la m\u00e1s alta tecnolog\u00eda y procesos de innovaci\u00f3n en lo que hace a la producci\u00f3n de plantas ornamentales. Actualmente brinda cursos de capacitaci\u00f3n laboral de ciclo corto a j\u00f3venes y adultos que quieran emprender actividades relacionadas con la producci\u00f3n, el mantenimiento y la comercializaci\u00f3n de plantas ornamentales.<\/p>\n<p><strong>Enlaces relacionados<\/strong><\/p>\n<p><a href=\"http:\/\/www.ucar.gob.ar\/\">UCAR -Unidad para el Cambio Rural, Ministerio de Agroindustria de la Naci\u00f3n\u00a0<\/a><\/p>\n<p><a href=\"http:\/\/www.escueladejardineria.edu.ar\">Escuela de Educaci\u00f3n Agropecuaria N\u00ba13\u00a0<\/a><\/p>\n<p><strong>Galer\u00eda de im\u00e1genes<\/strong><\/p>\n\n\t\t<style type=\"text\/css\">\n\t\t\t#gallery-1 {\n\t\t\t\tmargin: auto;\n\t\t\t}\n\t\t\t#gallery-1 .gallery-item {\n\t\t\t\tfloat: left;\n\t\t\t\tmargin-top: 10px;\n\t\t\t\ttext-align: center;\n\t\t\t\twidth: 25%;\n\t\t\t}\n\t\t\t#gallery-1 img {\n\t\t\t\tborder: 2px solid #cfcfcf;\n\t\t\t}\n\t\t\t#gallery-1 .gallery-caption {\n\t\t\t\tmargin-left: 0;\n\t\t\t}\n\t\t\t\/* see gallery_shortcode() in wp-includes\/media.php *\/\n\t\t<\/style>\n\t\t<div id='gallery-1' class='gallery galleryid-12353 gallery-columns-4 gallery-size-thumbnail'><dl class='gallery-item'>\n\t\t\t<dt class='gallery-icon landscape'>\n\t\t\t\t<a href='https:\/\/www.inet.edu.ar\/index.php\/fortaleciendo-la-educacion-agrotecnica-y-agropecuaria-en-santiago-del-estero\/img_4026\/#main'><img loading=\"lazy\" decoding=\"async\" width=\"150\" height=\"100\" src=\"https:\/\/www.inet.edu.ar\/wp-content\/uploads\/2016\/06\/IMG_4026-150x100.jpg\" class=\"attachment-thumbnail size-thumbnail\" alt=\"\" \/><\/a>\n\t\t\t<\/dt><\/dl><dl class='gallery-item'>\n\t\t\t<dt class='gallery-icon landscape'>\n\t\t\t\t<a href='https:\/\/www.inet.edu.ar\/index.php\/fortaleciendo-la-educacion-agrotecnica-y-agropecuaria-en-santiago-del-estero\/img_4046\/#main'><img loading=\"lazy\" decoding=\"async\" width=\"150\" height=\"100\" src=\"https:\/\/www.inet.edu.ar\/wp-content\/uploads\/2016\/06\/IMG_4046-150x100.jpg\" class=\"attachment-thumbnail size-thumbnail\" alt=\"\" \/><\/a>\n\t\t\t<\/dt><\/dl><dl class='gallery-item'>\n\t\t\t<dt class='gallery-icon landscape'>\n\t\t\t\t<a href='https:\/\/www.inet.edu.ar\/index.php\/fortaleciendo-la-educacion-agrotecnica-y-agropecuaria-en-santiago-del-estero\/img_4070\/#main'><img loading=\"lazy\" decoding=\"async\" width=\"150\" height=\"100\" src=\"https:\/\/www.inet.edu.ar\/wp-content\/uploads\/2016\/06\/IMG_4070-150x100.jpg\" class=\"attachment-thumbnail size-thumbnail\" alt=\"\" \/><\/a>\n\t\t\t<\/dt><\/dl><dl class='gallery-item'>\n\t\t\t<dt class='gallery-icon landscape'>\n\t\t\t\t<a href='https:\/\/www.inet.edu.ar\/index.php\/fortaleciendo-la-educacion-agrotecnica-y-agropecuaria-en-santiago-del-estero\/img-20160530-wa0003\/#main'><img loading=\"lazy\" decoding=\"async\" width=\"150\" height=\"100\" src=\"https:\/\/www.inet.edu.ar\/wp-content\/uploads\/2016\/06\/IMG-20160530-WA0003-150x100.jpg\" class=\"attachment-thumbnail size-thumbnail\" alt=\"\" \/><\/a>\n\t\t\t<\/dt><\/dl><br style=\"clear: both\" \/><dl class='gallery-item'>\n\t\t\t<dt class='gallery-icon landscape'>\n\t\t\t\t<a href='https:\/\/www.inet.edu.ar\/index.php\/fortaleciendo-la-educacion-agrotecnica-y-agropecuaria-en-santiago-del-estero\/img-20160530-wa0005\/#main'><img loading=\"lazy\" decoding=\"async\" width=\"150\" height=\"100\" src=\"https:\/\/www.inet.edu.ar\/wp-content\/uploads\/2016\/06\/IMG-20160530-WA0005-150x100.jpg\" class=\"attachment-thumbnail size-thumbnail\" alt=\"\" \/><\/a>\n\t\t\t<\/dt><\/dl><dl class='gallery-item'>\n\t\t\t<dt class='gallery-icon landscape'>\n\t\t\t\t<a href='https:\/\/www.inet.edu.ar\/index.php\/fortaleciendo-la-educacion-agrotecnica-y-agropecuaria-en-santiago-del-estero\/img-20160530-wa0007\/#main'><img loading=\"lazy\" decoding=\"async\" width=\"150\" height=\"100\" src=\"https:\/\/www.inet.edu.ar\/wp-content\/uploads\/2016\/06\/IMG-20160530-WA0007-150x100.jpg\" class=\"attachment-thumbnail size-thumbnail\" alt=\"\" \/><\/a>\n\t\t\t<\/dt><\/dl><dl class='gallery-item'>\n\t\t\t<dt class='gallery-icon landscape'>\n\t\t\t\t<a href='https:\/\/www.inet.edu.ar\/index.php\/fortaleciendo-la-educacion-agrotecnica-y-agropecuaria-en-santiago-del-estero\/img-20160530-wa0009\/#main'><img loading=\"lazy\" decoding=\"async\" width=\"150\" height=\"100\" src=\"https:\/\/www.inet.edu.ar\/wp-content\/uploads\/2016\/06\/IMG-20160530-WA0009-150x100.jpg\" class=\"attachment-thumbnail size-thumbnail\" alt=\"\" \/><\/a>\n\t\t\t<\/dt><\/dl>\n\t\t\t<br style='clear: both' \/>\n\t\t<\/div>\n\n","protected":false},"excerpt":{"rendered":"<p>El INET junto a UCAR -Unidad para el Cambio Rural, Ministerio de Agroindustria de la Naci\u00f3n Resistencia, Chaco El director nacional de Formaci\u00f3n Profesional, Fabi\u00e1n Prieto, acompa\u00f1\u00f3 a autoridades educativas de la Escuela Agrot\u00e9cnica de Fr\u00edas, Santiago del Estero, en su visita a la Escuela de Educaci\u00f3n Agropecuaria N\u00ba13 de Resistencia, Chaco, para conocer sus\u00a0pr\u00e1cticas,\u00a0en [&hellip;]<\/p>\n","protected":false},"author":7,"featured_media":12361,"comment_status":"closed","ping_status":"open","sticky":false,"template":"","format":"standard","meta":{"footnotes":""},"categories":[1,14],"tags":[],"class_list":["post-12353","post","type-post","status-publish","format-standard","has-post-thumbnail","hentry","category-noticias","category-noticias-fijas"],"_links":{"self":[{"href":"https:\/\/www.inet.edu.ar\/index.php\/wp-json\/wp\/v2\/posts\/12353","targetHints":{"allow":["GET"]}}],"collection":[{"href":"https:\/\/www.inet.edu.ar\/index.php\/wp-json\/wp\/v2\/posts"}],"about":[{"href":"https:\/\/www.inet.edu.ar\/index.php\/wp-json\/wp\/v2\/types\/post"}],"author":[{"embeddable":true,"href":"https:\/\/www.inet.edu.ar\/index.php\/wp-json\/wp\/v2\/users\/7"}],"replies":[{"embeddable":true,"href":"https:\/\/www.inet.edu.ar\/index.php\/wp-json\/wp\/v2\/comments?post=12353"}],"version-history":[{"count":7,"href":"https:\/\/www.inet.edu.ar\/index.php\/wp-json\/wp\/v2\/posts\/12353\/revisions"}],"predecessor-version":[{"id":12369,"href":"https:\/\/www.inet.edu.ar\/index.php\/wp-json\/wp\/v2\/posts\/12353\/revisions\/12369"}],"wp:featuredmedia":[{"embeddable":true,"href":"https:\/\/www.inet.edu.ar\/index.php\/wp-json\/wp\/v2\/media\/12361"}],"wp:attachment":[{"href":"https:\/\/www.inet.edu.ar\/index.php\/wp-json\/wp\/v2\/media?parent=12353"}],"wp:term":[{"taxonomy":"category","embeddable":true,"href":"https:\/\/www.inet.edu.ar\/index.php\/wp-json\/wp\/v2\/categories?post=12353"},{"taxonomy":"post_tag","embeddable":true,"href":"https:\/\/www.inet.edu.ar\/index.php\/wp-json\/wp\/v2\/tags?post=12353"}],"curies":[{"name":"wp","href":"https:\/\/api.w.org\/{rel}","templated":true}]}}