{"id":12408,"date":"2016-06-02T19:03:06","date_gmt":"2016-06-02T22:03:06","guid":{"rendered":"https:\/\/www.inet.edu.ar\/?p=12408"},"modified":"2016-06-02T19:03:06","modified_gmt":"2016-06-02T22:03:06","slug":"participamos-del-encuentro-argentino-aleman-sobre-educacion-e-innovacion","status":"publish","type":"post","link":"https:\/\/www.inet.edu.ar\/index.php\/participamos-del-encuentro-argentino-aleman-sobre-educacion-e-innovacion\/","title":{"rendered":"Participamos del Encuentro argentino-alem\u00e1n sobre \u201cEducaci\u00f3n e Innovaci\u00f3n\u201d"},"content":{"rendered":"<p style=\"text-align: center;\"><em>Fue organizado por los Ministerios nacionales de Ciencia, Tecnolog\u00eda e Innovaci\u00f3n Productiva; y \u00a0de Educaci\u00f3n y Deportes, y por la embajada de la Rep\u00fablica Federal de Alemania<\/em><\/p>\n<p>Centro Cultural de la Ciencia, Ciudad Aut\u00f3noma de Buenos Aires.<\/p>\n<p>La apertura del Encuentro argentino-alem\u00e1n sobre \u201cEducaci\u00f3n e Innovaci\u00f3n\u201d estuvo a cargo del ministro de Ciencia, Tecnolog\u00eda e Innovaci\u00f3n Productiva, Lino Bara\u00f1ao; del ministro Federal de Relaciones Exteriores de la Rep\u00fablica Federal de Alemania, Frank-Walter Steinmeier; junto al secretario de Pol\u00edticas Universitarias de Argentina, Albor Cantard.<\/p>\n<p>En representaci\u00f3n del INET, participaron la directora nacional de Asuntos Federales, Graciela Uequ\u00edn, y la responsable de Comunicaci\u00f3n y Cooperaci\u00f3n Internacional, Luc\u00eda Orom\u00ed.<\/p>\n<p>Uequ\u00edn fue oradora del panel sobre Cooperaci\u00f3n Acad\u00e9mico-Cient\u00edfica junto a la presidenta del Servicio Alem\u00e1n de Intercambio Acad\u00e9mico (DAAD), Margret Wintermantel, y al director de la Maestr\u00eda binacional en Planificaci\u00f3n y Movilidad Urbana entre la UBA y la TU de Berlin, Mart\u00edn Orduna.<\/p>\n<p>Durante el evento, las autoridades de ambos pa\u00edses hablaron sobre la importancia del conocimiento, la innovaci\u00f3n y la tecnolog\u00eda en el siglo XXI; sobre la cooperaci\u00f3n acompa\u00f1ada de integraci\u00f3n a trav\u00e9s de la cultura y la educaci\u00f3n para luego poder tener integraci\u00f3n econ\u00f3mica. El ministro Bara\u00f1ao manifest\u00f3 que Alemania es un modelo de crecimiento como pa\u00eds dado que all\u00ed el conocimiento se convierte en riqueza.<\/p>\n<p>El Encuentro sell\u00f3 compromisos de colaboraci\u00f3n entre Argentina y Alemania en tem\u00e1ticas relacionadas a Educaci\u00f3n, Ciencia e Innovaci\u00f3n Productiva.<\/p>\n","protected":false},"excerpt":{"rendered":"<p>Fue organizado por los Ministerios nacionales de Ciencia, Tecnolog\u00eda e Innovaci\u00f3n Productiva; y \u00a0de Educaci\u00f3n y Deportes, y por la embajada de la Rep\u00fablica Federal de Alemania Centro Cultural de la Ciencia, Ciudad Aut\u00f3noma de Buenos Aires. La apertura del Encuentro argentino-alem\u00e1n sobre \u201cEducaci\u00f3n e Innovaci\u00f3n\u201d estuvo a cargo del ministro de Ciencia, Tecnolog\u00eda e [&hellip;]<\/p>\n","protected":false},"author":7,"featured_media":12410,"comment_status":"closed","ping_status":"open","sticky":false,"template":"","format":"standard","meta":{"footnotes":""},"categories":[1,14],"tags":[],"class_list":["post-12408","post","type-post","status-publish","format-standard","has-post-thumbnail","hentry","category-noticias","category-noticias-fijas"],"_links":{"self":[{"href":"https:\/\/www.inet.edu.ar\/index.php\/wp-json\/wp\/v2\/posts\/12408","targetHints":{"allow":["GET"]}}],"collection":[{"href":"https:\/\/www.inet.edu.ar\/index.php\/wp-json\/wp\/v2\/posts"}],"about":[{"href":"https:\/\/www.inet.edu.ar\/index.php\/wp-json\/wp\/v2\/types\/post"}],"author":[{"embeddable":true,"href":"https:\/\/www.inet.edu.ar\/index.php\/wp-json\/wp\/v2\/users\/7"}],"replies":[{"embeddable":true,"href":"https:\/\/www.inet.edu.ar\/index.php\/wp-json\/wp\/v2\/comments?post=12408"}],"version-history":[{"count":2,"href":"https:\/\/www.inet.edu.ar\/index.php\/wp-json\/wp\/v2\/posts\/12408\/revisions"}],"predecessor-version":[{"id":12411,"href":"https:\/\/www.inet.edu.ar\/index.php\/wp-json\/wp\/v2\/posts\/12408\/revisions\/12411"}],"wp:featuredmedia":[{"embeddable":true,"href":"https:\/\/www.inet.edu.ar\/index.php\/wp-json\/wp\/v2\/media\/12410"}],"wp:attachment":[{"href":"https:\/\/www.inet.edu.ar\/index.php\/wp-json\/wp\/v2\/media?parent=12408"}],"wp:term":[{"taxonomy":"category","embeddable":true,"href":"https:\/\/www.inet.edu.ar\/index.php\/wp-json\/wp\/v2\/categories?post=12408"},{"taxonomy":"post_tag","embeddable":true,"href":"https:\/\/www.inet.edu.ar\/index.php\/wp-json\/wp\/v2\/tags?post=12408"}],"curies":[{"name":"wp","href":"https:\/\/api.w.org\/{rel}","templated":true}]}}