{"id":12437,"date":"2016-06-06T16:02:41","date_gmt":"2016-06-06T19:02:41","guid":{"rendered":"https:\/\/www.inet.edu.ar\/?p=12437"},"modified":"2016-06-06T18:35:36","modified_gmt":"2016-06-06T21:35:36","slug":"aulas-talleres-moviles-participamos-de-entrega-de-certificados-a-alumnas-en-contexto-de-encierro-de-mendoza","status":"publish","type":"post","link":"https:\/\/www.inet.edu.ar\/index.php\/aulas-talleres-moviles-participamos-de-entrega-de-certificados-a-alumnas-en-contexto-de-encierro-de-mendoza\/","title":{"rendered":"Aulas Talleres M\u00f3viles en Mendoza: Participamos de entrega de certificados a alumnas en contexto de encierro"},"content":{"rendered":"<p>Las Heras<\/p>\n<p>El viernes 03 de junio participamos del acto de entrega de certificados a alumnas del Penal N\u00ba3 de El Borboll\u00f3n, del curso \u201cIndumentaria y Textil\u201d de un aula taller m\u00f3vil.<\/p>\n<p>Estuvo presente el director del Servicio Penitenciario Provincial, Eduardo Orellana; el director de Educaci\u00f3n T\u00e9cnica y Trabajo de la Direcci\u00f3n General de Escuelas, N\u00e9stor Am\u00e9rico; \u00a0la coordinadora provincial del programa \u201cRed Aulas Talleres M\u00f3viles\u201d, Mariela Bigol\u00edn; y representantes de la Fundaci\u00f3n Conin. Como parte del INET, particip\u00f3 el coordinador del programa, Norberto Rejidor.<\/p>\n<p>Como resultado de este trabajo conjunto entre Naci\u00f3n, Provincia y el Servicio Penitenciario, varias instituciones se vieron beneficiadas con lo producido por las alumnas en contexto de encierro: se entregaron mantas a C\u00e1ritas y Conin, y delantales al Mercado de Productores de la provincia.<\/p>\n<p>\u201c<em>Entregarles a estas mujeres sus certificados de su capacitaci\u00f3n es un orgullo enorme porque sabemos lo que significa esto para su mejor calidad de vida<\/em>\u201d, sostuvo Rejidor.<\/p>\n<p>Adem\u00e1s, recorri\u00f3 las distintas unidades m\u00f3viles, y dialog\u00f3 con alumnos y profesores para intercambiar las experiencias de Formaci\u00f3n Profesional que se desarrollan en cada espacio.<\/p>\n<p>Durante la visita a la provincia, se realizaron encuestas an\u00f3nimas a los alumnos y docentes sobre el grado de conformidad con las Aulas, las ofertas educativas, las herramientas, los insumos y la calidad del servicio educativo brindado. Por \u00faltimo, se realiz\u00f3\u00a0 el control de gesti\u00f3n y seguimiento de la planificaci\u00f3n anual de las ATM en cuanto al entorno formativo, ofertas educativas, mantenimiento de\u00a0 las ATM, inventarios y recursos humanos.<\/p>\n<p><strong>Acerca de la <a href=\"https:\/\/www.inet.edu.ar\/index.php\/niveles-educativos\/formacion-profesional\/programa-federal-de-aulas-tecnicas-moviles\/\">Red Nacional Aulas Talleres M\u00f3viles<\/a><\/strong><\/p>\n<p>Es un programa del Ministerio de Educaci\u00f3n y Deportes de la Naci\u00f3n, se cre\u00f3 con el objeto principal de ampliar y facilitar el acceso a la Formaci\u00f3n Profesional y al desarrollo de habilidades en oficios y formaci\u00f3n tecnol\u00f3gica de adolescentes, j\u00f3venes y adultos que actualmente deben alejarse de sus lugares de origen para lograr su formaci\u00f3n.<\/p>\n<p>Las aulas m\u00f3viles \u00a0son estructuras transportables que, mediante un sistema de rotaci\u00f3n interna en cada provincia estimado en cinco localidades por a\u00f1o, se instalan en zonas en donde el acceso a una Formaci\u00f3n Profesional es limitado. El tiempo estimado de permanencia de las unidades en cada localidad oscila entre dos y cuatro meses, dependiendo de la demanda y del tipo de cursos que ofrecen.<\/p>\n<p>&nbsp;<\/p>\n<p><strong>Fuente<\/strong> -prensa de la Direcci\u00f3n General de Escuelas de Mendoza<\/p>\n<p><a href=\"http:\/\/prensa.mendoza.gov.ar\/el-coordinador-nacional-de-red-de-aulas-moviles-del-inet-visito-mendoza\/\">\u201cEl coordinador nacional de la Red de Aulas M\u00f3viles del INET visit\u00f3 Mendoza\u201d\u00a0<\/a><\/p>\n<p>&nbsp;<\/p>\n","protected":false},"excerpt":{"rendered":"<p>Las Heras El viernes 03 de junio participamos del acto de entrega de certificados a alumnas del Penal N\u00ba3 de El Borboll\u00f3n, del curso \u201cIndumentaria y Textil\u201d de un aula taller m\u00f3vil. Estuvo presente el director del Servicio Penitenciario Provincial, Eduardo Orellana; el director de Educaci\u00f3n T\u00e9cnica y Trabajo de la Direcci\u00f3n General de Escuelas, [&hellip;]<\/p>\n","protected":false},"author":7,"featured_media":12439,"comment_status":"closed","ping_status":"open","sticky":false,"template":"","format":"standard","meta":{"footnotes":""},"categories":[1,14],"tags":[70],"class_list":["post-12437","post","type-post","status-publish","format-standard","has-post-thumbnail","hentry","category-noticias","category-noticias-fijas","tag-aulas-talleres-moviles"],"_links":{"self":[{"href":"https:\/\/www.inet.edu.ar\/index.php\/wp-json\/wp\/v2\/posts\/12437","targetHints":{"allow":["GET"]}}],"collection":[{"href":"https:\/\/www.inet.edu.ar\/index.php\/wp-json\/wp\/v2\/posts"}],"about":[{"href":"https:\/\/www.inet.edu.ar\/index.php\/wp-json\/wp\/v2\/types\/post"}],"author":[{"embeddable":true,"href":"https:\/\/www.inet.edu.ar\/index.php\/wp-json\/wp\/v2\/users\/7"}],"replies":[{"embeddable":true,"href":"https:\/\/www.inet.edu.ar\/index.php\/wp-json\/wp\/v2\/comments?post=12437"}],"version-history":[{"count":8,"href":"https:\/\/www.inet.edu.ar\/index.php\/wp-json\/wp\/v2\/posts\/12437\/revisions"}],"predecessor-version":[{"id":12470,"href":"https:\/\/www.inet.edu.ar\/index.php\/wp-json\/wp\/v2\/posts\/12437\/revisions\/12470"}],"wp:featuredmedia":[{"embeddable":true,"href":"https:\/\/www.inet.edu.ar\/index.php\/wp-json\/wp\/v2\/media\/12439"}],"wp:attachment":[{"href":"https:\/\/www.inet.edu.ar\/index.php\/wp-json\/wp\/v2\/media?parent=12437"}],"wp:term":[{"taxonomy":"category","embeddable":true,"href":"https:\/\/www.inet.edu.ar\/index.php\/wp-json\/wp\/v2\/categories?post=12437"},{"taxonomy":"post_tag","embeddable":true,"href":"https:\/\/www.inet.edu.ar\/index.php\/wp-json\/wp\/v2\/tags?post=12437"}],"curies":[{"name":"wp","href":"https:\/\/api.w.org\/{rel}","templated":true}]}}