{"id":12643,"date":"2016-06-14T18:03:50","date_gmt":"2016-06-14T21:03:50","guid":{"rendered":"https:\/\/www.inet.edu.ar\/?p=12643"},"modified":"2016-06-14T18:07:04","modified_gmt":"2016-06-14T21:07:04","slug":"se-presentaron-proyectos-para-nuevas-tecnicaturas-superiores-en-rio-negro","status":"publish","type":"post","link":"https:\/\/www.inet.edu.ar\/index.php\/se-presentaron-proyectos-para-nuevas-tecnicaturas-superiores-en-rio-negro\/","title":{"rendered":"Se presentaron proyectos para nuevas Tecnicaturas Superiores en R\u00edo Negro"},"content":{"rendered":"<p>Ciudad Aut\u00f3noma de Buenos Aires<\/p>\n<p>El d\u00eda 7 de junio la directora de Planeamiento, Educaci\u00f3n Superior y Formaci\u00f3n de R\u00edo Negro, \u00a0Mar\u00eda de las Mercedes Jara Tracchia, nos entreg\u00f3 proyectos de ocho t\u00edtulos de Tecnicaturas Superiores para su provincia.<\/p>\n<p>Para ello, se reuni\u00f3 con el director nacional de nivel T\u00e9cnico Superior, Gustavo Peltzer, a quien entreg\u00f3 los proyectos junto con sus respectivos planes de estudio. El objetivo de la presentaci\u00f3n fue buscar el reconocimiento nacional de esos t\u00edtulos.<\/p>\n<p><strong>M\u00e1s informaci\u00f3n:<\/strong><\/p>\n<p><a href=\"https:\/\/www.inet.edu.ar\/index.php\/curso-de-impresion-3d-en-el-inet\/\">Nivel Superior T\u00e9cnico\u00a0<\/a><\/p>\n<p><a href=\"http:\/\/www3.educacion.rionegro.gov.ar\/\">Ministerio de Educaci\u00f3n y Derechos Humanos de R\u00edo Negro<\/a><\/p>\n<p>&nbsp;<\/p>\n<p><strong>Noticias relacionadas<\/strong><\/p>\n<p><a href=\"https:\/\/www.inet.edu.ar\/index.php\/el-nivel-tecnico-superior-para-una-mejor-especializacion-e-insercion-en-el-mundo-laboral\/\">\u00abEl nivel T\u00e9cnico Superior: para una mejor especializaci\u00f3n e inserci\u00f3n en el mundo laboral\u00bb-entrevista al director nacional de nivel\u00a0T\u00e9cnico Superior, Ing. Gustavo Peltzer<\/a><\/p>\n<p>&nbsp;<\/p>\n","protected":false},"excerpt":{"rendered":"<p>Ciudad Aut\u00f3noma de Buenos Aires El d\u00eda 7 de junio la directora de Planeamiento, Educaci\u00f3n Superior y Formaci\u00f3n de R\u00edo Negro, \u00a0Mar\u00eda de las Mercedes Jara Tracchia, nos entreg\u00f3 proyectos de ocho t\u00edtulos de Tecnicaturas Superiores para su provincia. Para ello, se reuni\u00f3 con el director nacional de nivel T\u00e9cnico Superior, Gustavo Peltzer, a quien [&hellip;]<\/p>\n","protected":false},"author":7,"featured_media":12647,"comment_status":"closed","ping_status":"open","sticky":false,"template":"","format":"standard","meta":{"footnotes":""},"categories":[1,14],"tags":[122],"class_list":["post-12643","post","type-post","status-publish","format-standard","has-post-thumbnail","hentry","category-noticias","category-noticias-fijas","tag-superior-tecnico"],"_links":{"self":[{"href":"https:\/\/www.inet.edu.ar\/index.php\/wp-json\/wp\/v2\/posts\/12643","targetHints":{"allow":["GET"]}}],"collection":[{"href":"https:\/\/www.inet.edu.ar\/index.php\/wp-json\/wp\/v2\/posts"}],"about":[{"href":"https:\/\/www.inet.edu.ar\/index.php\/wp-json\/wp\/v2\/types\/post"}],"author":[{"embeddable":true,"href":"https:\/\/www.inet.edu.ar\/index.php\/wp-json\/wp\/v2\/users\/7"}],"replies":[{"embeddable":true,"href":"https:\/\/www.inet.edu.ar\/index.php\/wp-json\/wp\/v2\/comments?post=12643"}],"version-history":[{"count":4,"href":"https:\/\/www.inet.edu.ar\/index.php\/wp-json\/wp\/v2\/posts\/12643\/revisions"}],"predecessor-version":[{"id":12652,"href":"https:\/\/www.inet.edu.ar\/index.php\/wp-json\/wp\/v2\/posts\/12643\/revisions\/12652"}],"wp:featuredmedia":[{"embeddable":true,"href":"https:\/\/www.inet.edu.ar\/index.php\/wp-json\/wp\/v2\/media\/12647"}],"wp:attachment":[{"href":"https:\/\/www.inet.edu.ar\/index.php\/wp-json\/wp\/v2\/media?parent=12643"}],"wp:term":[{"taxonomy":"category","embeddable":true,"href":"https:\/\/www.inet.edu.ar\/index.php\/wp-json\/wp\/v2\/categories?post=12643"},{"taxonomy":"post_tag","embeddable":true,"href":"https:\/\/www.inet.edu.ar\/index.php\/wp-json\/wp\/v2\/tags?post=12643"}],"curies":[{"name":"wp","href":"https:\/\/api.w.org\/{rel}","templated":true}]}}