{"id":12674,"date":"2016-06-15T17:41:38","date_gmt":"2016-06-15T20:41:38","guid":{"rendered":"https:\/\/www.inet.edu.ar\/?p=12674"},"modified":"2016-06-15T18:25:16","modified_gmt":"2016-06-15T21:25:16","slug":"formacion-docente-inicial-encuentro-para-profesionalizar-la-docencia-en-instituciones-tecnicas","status":"publish","type":"post","link":"https:\/\/www.inet.edu.ar\/index.php\/formacion-docente-inicial-encuentro-para-profesionalizar-la-docencia-en-instituciones-tecnicas\/","title":{"rendered":"Formaci\u00f3n Docente Inicial: encuentro para profesionalizar la docencia en instituciones t\u00e9cnicas"},"content":{"rendered":"<p>Ciudad Aut\u00f3noma de Buenos Aires<\/p>\n<p>En la sede del INET realizamos el cuarto\u00a0encuentro de la Mesa de Trabajo de Formaci\u00f3n Docente Inicial (FDI) con representaciones de todo el pa\u00eds.<\/p>\n<p>Participaron la directora nacional de Asuntos Federales, Graciela Uequ\u00edn; la directora nacional de nivel Secundario T\u00e9cnico, Mercedes Blanco; y equipo INET.<\/p>\n<p>El objetivo del encuentro fue completar el estudio evaluativo de lo actuado hasta el momento desde la creaci\u00f3n del Profesorado de FDI en concurrencia con el t\u00edtulo de base.\u00a0Adem\u00e1s, se repasaron los avances y desaf\u00edos para el relanzamiento del mismo en 2017.<\/p>\n<p>&nbsp;<\/p>\n<p><strong>Acerca de <a href=\"https:\/\/www.inet.edu.ar\/index.php\/niveles-educativos\/educacion-secundaria-tecnica\/formacion-docente-inicial\/\">Formaci\u00f3n Docente Inicial (FDI)<\/a><\/strong><\/p>\n<p>El programa Formaci\u00f3n Docente Inicial fue aprobado bajo las Resoluciones CFE N\u00ba 63\/08 y CFE N\u00b0 64\/08 con el objetivo de profesionalizar a los profesores no docentes de la Educaci\u00f3n T\u00e9cnica.<\/p>\n<p>El trayecto formativo de FDI es de tres a\u00f1os y el programa es implementado por cada una de las jurisdicciones.<\/p>\n<p>&nbsp;<\/p>\n<p><strong>Noticias relacionadas<\/strong><\/p>\n<p class=\"brand-color\"><a href=\"https:\/\/www.inet.edu.ar\/index.php\/realizamos-una-mesa-de-trabajo-de-formacion-docente-inicial-con-todas-las-provincias\/\">\u00abRealizamos una mesa de trabajo de Formaci\u00f3n Docente Inicial con todas las provincias\u00bb\u00a0<\/a><\/p>\n<p class=\"entry-title\"><a href=\"https:\/\/www.inet.edu.ar\/index.php\/formacion-docente-inicial-realizamos-la-tercera-mesa-de-trabajo-con-todas-las-provincias\/\">\u00abFormaci\u00f3n Docente Inicial: realizamos la tercera mesa de trabajo con todas las provincias\u00bb<\/a><\/p>\n<p class=\"entry-title\">\n","protected":false},"excerpt":{"rendered":"<p>Ciudad Aut\u00f3noma de Buenos Aires En la sede del INET realizamos el cuarto\u00a0encuentro de la Mesa de Trabajo de Formaci\u00f3n Docente Inicial (FDI) con representaciones de todo el pa\u00eds. Participaron la directora nacional de Asuntos Federales, Graciela Uequ\u00edn; la directora nacional de nivel Secundario T\u00e9cnico, Mercedes Blanco; y equipo INET. El objetivo del encuentro fue [&hellip;]<\/p>\n","protected":false},"author":7,"featured_media":12703,"comment_status":"closed","ping_status":"open","sticky":false,"template":"","format":"standard","meta":{"footnotes":""},"categories":[1,14],"tags":[39],"class_list":["post-12674","post","type-post","status-publish","format-standard","has-post-thumbnail","hentry","category-noticias","category-noticias-fijas","tag-formacion-docente-inicial"],"_links":{"self":[{"href":"https:\/\/www.inet.edu.ar\/index.php\/wp-json\/wp\/v2\/posts\/12674","targetHints":{"allow":["GET"]}}],"collection":[{"href":"https:\/\/www.inet.edu.ar\/index.php\/wp-json\/wp\/v2\/posts"}],"about":[{"href":"https:\/\/www.inet.edu.ar\/index.php\/wp-json\/wp\/v2\/types\/post"}],"author":[{"embeddable":true,"href":"https:\/\/www.inet.edu.ar\/index.php\/wp-json\/wp\/v2\/users\/7"}],"replies":[{"embeddable":true,"href":"https:\/\/www.inet.edu.ar\/index.php\/wp-json\/wp\/v2\/comments?post=12674"}],"version-history":[{"count":7,"href":"https:\/\/www.inet.edu.ar\/index.php\/wp-json\/wp\/v2\/posts\/12674\/revisions"}],"predecessor-version":[{"id":12704,"href":"https:\/\/www.inet.edu.ar\/index.php\/wp-json\/wp\/v2\/posts\/12674\/revisions\/12704"}],"wp:featuredmedia":[{"embeddable":true,"href":"https:\/\/www.inet.edu.ar\/index.php\/wp-json\/wp\/v2\/media\/12703"}],"wp:attachment":[{"href":"https:\/\/www.inet.edu.ar\/index.php\/wp-json\/wp\/v2\/media?parent=12674"}],"wp:term":[{"taxonomy":"category","embeddable":true,"href":"https:\/\/www.inet.edu.ar\/index.php\/wp-json\/wp\/v2\/categories?post=12674"},{"taxonomy":"post_tag","embeddable":true,"href":"https:\/\/www.inet.edu.ar\/index.php\/wp-json\/wp\/v2\/tags?post=12674"}],"curies":[{"name":"wp","href":"https:\/\/api.w.org\/{rel}","templated":true}]}}