{"id":12688,"date":"2016-06-15T16:24:21","date_gmt":"2016-06-15T19:24:21","guid":{"rendered":"https:\/\/www.inet.edu.ar\/?p=12688"},"modified":"2016-06-15T18:26:25","modified_gmt":"2016-06-15T21:26:25","slug":"trabajando-en-equipo-para-articular-acciones-en-el-conurbano-bonaerense","status":"publish","type":"post","link":"https:\/\/www.inet.edu.ar\/index.php\/trabajando-en-equipo-para-articular-acciones-en-el-conurbano-bonaerense\/","title":{"rendered":"Trabajando en equipo para articular acciones en el conurbano bonaerense"},"content":{"rendered":"<p>Ciudad Aut\u00f3noma de Buenos Aires<\/p>\n<p>En la ma\u00f1ana de hoy participamos de una reuni\u00f3n en Casa Rosada junto a representantes de diferentes organismos nacionales para articular acciones en el conurbano bonaerense.<\/p>\n<p>En representaci\u00f3n del INET asisti\u00f3 la directora nacional de Asuntos Federales, Graciela Uequ\u00edn, a esta convocatoria realizada por Presidencia de la Naci\u00f3n. \u00a0El objetivo de la misma fue trabajar con diversos equipos para acercar soluciones a los problemas de los vecinos del Gran Buenos Aires.<\/p>\n<p>Durante la reuni\u00f3n, se intercambiaron diferentes propuestas de atenci\u00f3n ciudadana.<\/p>\n<p>Desde el INET, participaremos a trav\u00e9s de avanzar en la difusi\u00f3n de nuestros programas; promocionar cursos de capacitaci\u00f3n laboral a personas que actualmente se encuentren afuera del mercado laboral; operacionalizar el Convenio firmado con el PAMI para que alumnos de escuelas t\u00e9cnicas reparen sillas de ruedas; entre otros.<\/p>\n<p>&nbsp;<\/p>\n<p><strong>Noticias relacionadas<\/strong><\/p>\n<p><a href=\"https:\/\/www.inet.edu.ar\/index.php\/se-firmo-un-acuerdo-entre-el-ministerio-de-educacion-y-deportes-y-el-pami-para-que-alumnos-de-escuelas-tecnicas-reparen-sillas-de-ruedas\/\">\u00abSe firm\u00f3 un Acuerdo entre el Ministerio de Educaci\u00f3n y Deportes y el PAMI\u00bb<\/a><\/p>\n","protected":false},"excerpt":{"rendered":"<p>Ciudad Aut\u00f3noma de Buenos Aires En la ma\u00f1ana de hoy participamos de una reuni\u00f3n en Casa Rosada junto a representantes de diferentes organismos nacionales para articular acciones en el conurbano bonaerense. En representaci\u00f3n del INET asisti\u00f3 la directora nacional de Asuntos Federales, Graciela Uequ\u00edn, a esta convocatoria realizada por Presidencia de la Naci\u00f3n. \u00a0El objetivo [&hellip;]<\/p>\n","protected":false},"author":7,"featured_media":12690,"comment_status":"closed","ping_status":"open","sticky":false,"template":"","format":"standard","meta":{"footnotes":""},"categories":[1,14],"tags":[],"class_list":["post-12688","post","type-post","status-publish","format-standard","has-post-thumbnail","hentry","category-noticias","category-noticias-fijas"],"_links":{"self":[{"href":"https:\/\/www.inet.edu.ar\/index.php\/wp-json\/wp\/v2\/posts\/12688","targetHints":{"allow":["GET"]}}],"collection":[{"href":"https:\/\/www.inet.edu.ar\/index.php\/wp-json\/wp\/v2\/posts"}],"about":[{"href":"https:\/\/www.inet.edu.ar\/index.php\/wp-json\/wp\/v2\/types\/post"}],"author":[{"embeddable":true,"href":"https:\/\/www.inet.edu.ar\/index.php\/wp-json\/wp\/v2\/users\/7"}],"replies":[{"embeddable":true,"href":"https:\/\/www.inet.edu.ar\/index.php\/wp-json\/wp\/v2\/comments?post=12688"}],"version-history":[{"count":4,"href":"https:\/\/www.inet.edu.ar\/index.php\/wp-json\/wp\/v2\/posts\/12688\/revisions"}],"predecessor-version":[{"id":12706,"href":"https:\/\/www.inet.edu.ar\/index.php\/wp-json\/wp\/v2\/posts\/12688\/revisions\/12706"}],"wp:featuredmedia":[{"embeddable":true,"href":"https:\/\/www.inet.edu.ar\/index.php\/wp-json\/wp\/v2\/media\/12690"}],"wp:attachment":[{"href":"https:\/\/www.inet.edu.ar\/index.php\/wp-json\/wp\/v2\/media?parent=12688"}],"wp:term":[{"taxonomy":"category","embeddable":true,"href":"https:\/\/www.inet.edu.ar\/index.php\/wp-json\/wp\/v2\/categories?post=12688"},{"taxonomy":"post_tag","embeddable":true,"href":"https:\/\/www.inet.edu.ar\/index.php\/wp-json\/wp\/v2\/tags?post=12688"}],"curies":[{"name":"wp","href":"https:\/\/api.w.org\/{rel}","templated":true}]}}