{"id":12829,"date":"2016-06-24T13:13:21","date_gmt":"2016-06-24T16:13:21","guid":{"rendered":"https:\/\/www.inet.edu.ar\/?p=12829"},"modified":"2016-06-24T13:13:21","modified_gmt":"2016-06-24T16:13:21","slug":"catamarca-apertura-de-cursos-en-aulas-talleres-moviles-en-el-interior-de-la-provincia","status":"publish","type":"post","link":"https:\/\/www.inet.edu.ar\/index.php\/catamarca-apertura-de-cursos-en-aulas-talleres-moviles-en-el-interior-de-la-provincia\/","title":{"rendered":"Catamarca: apertura de cursos en Aulas Talleres M\u00f3viles en el interior de la provincia"},"content":{"rendered":"<p>Bel\u00e9n<\/p>\n<p>El mi\u00e9rcoles 22 de junio se realiz\u00f3 un acto de apertura de cursos del aula\u00a0de Instalaciones Domiciliarias en Hualfin \u2013localidad con menos de mil habitantes. All\u00ed se realiz\u00f3 una exposici\u00f3n de las herramientas del aula, y una charla para explicar las propuestas formativas y el uso de las\u00a0herramientas.<\/p>\n<p>El lunes 27 comenzar\u00e1n cursos en la localidad de Bel\u00e9n, en la unidad m\u00f3vil de Refrigeraci\u00f3n y Climatizaci\u00f3n, en los tres turnos.<\/p>\n<p>Las Aulas Talleres M\u00f3viles son estructuras transportables que, mediante un sistema de rotaci\u00f3n interna en cada provincia, se instalan en zonas en donde el acceso a una Formaci\u00f3n Profesional es limitado.<\/p>\n<p>Para m\u00e1s informaci\u00f3n:<\/p>\n<p><a href=\"https:\/\/www.inet.edu.ar\/index.php\/niveles-educativos\/formacion-profesional\/programa-federal-de-aulas-tecnicas-moviles\/\">Red Nacional Aulas Talleres M\u00f3viles<\/a><\/p>\n<p>&nbsp;<\/p>\n<p><strong>Galer\u00eda de im\u00e1genes<\/strong><\/p>\n\n\t\t<style type=\"text\/css\">\n\t\t\t#gallery-1 {\n\t\t\t\tmargin: auto;\n\t\t\t}\n\t\t\t#gallery-1 .gallery-item {\n\t\t\t\tfloat: left;\n\t\t\t\tmargin-top: 10px;\n\t\t\t\ttext-align: center;\n\t\t\t\twidth: 33%;\n\t\t\t}\n\t\t\t#gallery-1 img {\n\t\t\t\tborder: 2px solid #cfcfcf;\n\t\t\t}\n\t\t\t#gallery-1 .gallery-caption {\n\t\t\t\tmargin-left: 0;\n\t\t\t}\n\t\t\t\/* see gallery_shortcode() in wp-includes\/media.php *\/\n\t\t<\/style>\n\t\t<div id='gallery-1' class='gallery galleryid-12829 gallery-columns-3 gallery-size-thumbnail'><dl class='gallery-item'>\n\t\t\t<dt class='gallery-icon landscape'>\n\t\t\t\t<a href='https:\/\/www.inet.edu.ar\/index.php\/catamarca-apertura-de-cursos-en-aulas-talleres-moviles-en-el-interior-de-la-provincia\/img-20160623-wa0008\/#main'><img loading=\"lazy\" decoding=\"async\" width=\"150\" height=\"100\" src=\"https:\/\/www.inet.edu.ar\/wp-content\/uploads\/2016\/06\/IMG-20160623-WA0008-150x100.jpg\" class=\"attachment-thumbnail size-thumbnail\" alt=\"\" \/><\/a>\n\t\t\t<\/dt><\/dl><dl class='gallery-item'>\n\t\t\t<dt class='gallery-icon landscape'>\n\t\t\t\t<a href='https:\/\/www.inet.edu.ar\/index.php\/catamarca-apertura-de-cursos-en-aulas-talleres-moviles-en-el-interior-de-la-provincia\/img-20160623-wa0006\/#main'><img loading=\"lazy\" decoding=\"async\" width=\"150\" height=\"100\" src=\"https:\/\/www.inet.edu.ar\/wp-content\/uploads\/2016\/06\/IMG-20160623-WA0006-150x100.jpg\" class=\"attachment-thumbnail size-thumbnail\" alt=\"\" \/><\/a>\n\t\t\t<\/dt><\/dl><dl class='gallery-item'>\n\t\t\t<dt class='gallery-icon landscape'>\n\t\t\t\t<a href='https:\/\/www.inet.edu.ar\/index.php\/catamarca-apertura-de-cursos-en-aulas-talleres-moviles-en-el-interior-de-la-provincia\/img-20160623-wa0012\/#main'><img loading=\"lazy\" decoding=\"async\" width=\"150\" height=\"100\" src=\"https:\/\/www.inet.edu.ar\/wp-content\/uploads\/2016\/06\/IMG-20160623-WA0012-150x100.jpg\" class=\"attachment-thumbnail size-thumbnail\" alt=\"\" \/><\/a>\n\t\t\t<\/dt><\/dl><br style=\"clear: both\" \/><dl class='gallery-item'>\n\t\t\t<dt class='gallery-icon landscape'>\n\t\t\t\t<a href='https:\/\/www.inet.edu.ar\/index.php\/catamarca-apertura-de-cursos-en-aulas-talleres-moviles-en-el-interior-de-la-provincia\/img-20160623-wa0014\/#main'><img loading=\"lazy\" decoding=\"async\" width=\"150\" height=\"100\" src=\"https:\/\/www.inet.edu.ar\/wp-content\/uploads\/2016\/06\/IMG-20160623-WA0014-150x100.jpg\" class=\"attachment-thumbnail size-thumbnail\" alt=\"\" \/><\/a>\n\t\t\t<\/dt><\/dl><dl class='gallery-item'>\n\t\t\t<dt class='gallery-icon landscape'>\n\t\t\t\t<a href='https:\/\/www.inet.edu.ar\/index.php\/catamarca-apertura-de-cursos-en-aulas-talleres-moviles-en-el-interior-de-la-provincia\/img-20160623-wa0016\/#main'><img loading=\"lazy\" decoding=\"async\" width=\"150\" height=\"100\" src=\"https:\/\/www.inet.edu.ar\/wp-content\/uploads\/2016\/06\/IMG-20160623-WA0016-150x100.jpg\" class=\"attachment-thumbnail size-thumbnail\" alt=\"\" \/><\/a>\n\t\t\t<\/dt><\/dl><dl class='gallery-item'>\n\t\t\t<dt class='gallery-icon landscape'>\n\t\t\t\t<a href='https:\/\/www.inet.edu.ar\/index.php\/catamarca-apertura-de-cursos-en-aulas-talleres-moviles-en-el-interior-de-la-provincia\/img-20160623-wa0004\/#main'><img loading=\"lazy\" decoding=\"async\" width=\"150\" height=\"100\" src=\"https:\/\/www.inet.edu.ar\/wp-content\/uploads\/2016\/06\/IMG-20160623-WA0004-150x100.jpg\" class=\"attachment-thumbnail size-thumbnail\" alt=\"\" \/><\/a>\n\t\t\t<\/dt><\/dl><br style=\"clear: both\" \/>\n\t\t<\/div>\n\n<p>&nbsp;<\/p>\n<p>&nbsp;<\/p>\n","protected":false},"excerpt":{"rendered":"<p>Bel\u00e9n El mi\u00e9rcoles 22 de junio se realiz\u00f3 un acto de apertura de cursos del aula\u00a0de Instalaciones Domiciliarias en Hualfin \u2013localidad con menos de mil habitantes. All\u00ed se realiz\u00f3 una exposici\u00f3n de las herramientas del aula, y una charla para explicar las propuestas formativas y el uso de las\u00a0herramientas. El lunes 27 comenzar\u00e1n cursos en [&hellip;]<\/p>\n","protected":false},"author":7,"featured_media":12832,"comment_status":"closed","ping_status":"open","sticky":false,"template":"","format":"standard","meta":{"footnotes":""},"categories":[1,14],"tags":[99],"class_list":["post-12829","post","type-post","status-publish","format-standard","has-post-thumbnail","hentry","category-noticias","category-noticias-fijas","tag-aula-taller-movil"],"_links":{"self":[{"href":"https:\/\/www.inet.edu.ar\/index.php\/wp-json\/wp\/v2\/posts\/12829","targetHints":{"allow":["GET"]}}],"collection":[{"href":"https:\/\/www.inet.edu.ar\/index.php\/wp-json\/wp\/v2\/posts"}],"about":[{"href":"https:\/\/www.inet.edu.ar\/index.php\/wp-json\/wp\/v2\/types\/post"}],"author":[{"embeddable":true,"href":"https:\/\/www.inet.edu.ar\/index.php\/wp-json\/wp\/v2\/users\/7"}],"replies":[{"embeddable":true,"href":"https:\/\/www.inet.edu.ar\/index.php\/wp-json\/wp\/v2\/comments?post=12829"}],"version-history":[{"count":4,"href":"https:\/\/www.inet.edu.ar\/index.php\/wp-json\/wp\/v2\/posts\/12829\/revisions"}],"predecessor-version":[{"id":12840,"href":"https:\/\/www.inet.edu.ar\/index.php\/wp-json\/wp\/v2\/posts\/12829\/revisions\/12840"}],"wp:featuredmedia":[{"embeddable":true,"href":"https:\/\/www.inet.edu.ar\/index.php\/wp-json\/wp\/v2\/media\/12832"}],"wp:attachment":[{"href":"https:\/\/www.inet.edu.ar\/index.php\/wp-json\/wp\/v2\/media?parent=12829"}],"wp:term":[{"taxonomy":"category","embeddable":true,"href":"https:\/\/www.inet.edu.ar\/index.php\/wp-json\/wp\/v2\/categories?post=12829"},{"taxonomy":"post_tag","embeddable":true,"href":"https:\/\/www.inet.edu.ar\/index.php\/wp-json\/wp\/v2\/tags?post=12829"}],"curies":[{"name":"wp","href":"https:\/\/api.w.org\/{rel}","templated":true}]}}