{"id":12858,"date":"2016-06-24T18:36:39","date_gmt":"2016-06-24T21:36:39","guid":{"rendered":"https:\/\/www.inet.edu.ar\/?p=12858"},"modified":"2016-06-25T15:09:54","modified_gmt":"2016-06-25T18:09:54","slug":"lanzamos-el-consejo-provincial-de-educacion-trabajo-y-produccion-en-chaco","status":"publish","type":"post","link":"https:\/\/www.inet.edu.ar\/index.php\/lanzamos-el-consejo-provincial-de-educacion-trabajo-y-produccion-en-chaco\/","title":{"rendered":"Lanzamos el Consejo Provincial de Educaci\u00f3n y Trabajo en Chaco"},"content":{"rendered":"<p>Resistencia<\/p>\n<p>El jueves 23 participamos del lanzamiento del CoPET (Consejo Provincial de Educaci\u00f3n y Trabajo) en Chaco\u00a0junto al secretario permanente del <a href=\"https:\/\/www.inet.edu.ar\/index.php\/institucional\/conetyp\/\">CoNETyP<\/a>, Santiago de la Barrera.<\/p>\n<p>Estuvieron presentes la subsecretaria de Calidad y Equidad, Viviam Polini; el director de Educaci\u00f3n T\u00e9cnica y Formaci\u00f3n Profesional, Hugo Carbonelli; junto a otras autoridades educativas de la provincia.<\/p>\n<p>Chaco cuenta con una ley que regula la implementaci\u00f3n del Consejo Provincial de Educaci\u00f3n y Trabajo (CoPET), y su efectiva puesta en marcha fue el eje central de la visita del secretario permanente de CoNETyP. Seg\u00fan\u00a0<a href=\"https:\/\/www.inet.edu.ar\/normativa\/ley-de-educacion-tecnico-profesional\/\" target=\"_blank\">Ley N\u00b0 26.058<\/a>, una de las funciones del Consejo Nacional es la creaci\u00f3n de Consejos Provinciales de Educaci\u00f3n, Trabajo y Producci\u00f3n.<\/p>\n<p>En compa\u00f1\u00eda del director de Educaci\u00f3n T\u00e9cnica de la cartera provincial, de la Barrera recorri\u00f3 el Parque Industrial de Puerto Tirol, la Planta de Reciclado de La Verde y visit\u00f3 la Escuela de Educaci\u00f3n Agropecuaria N\u00b0 13 de Resistencia. Luego, el trabajo continu\u00f3 en una mesa multisectorial encabezada por la subsecretaria de Calidad y Equidad, y que cont\u00f3 con la participaci\u00f3n de la referente del \u00c1rea de Pol\u00edticas Activas del Ministerio de Trabajo, Seguridad y Empleo de la Naci\u00f3n, M\u00f3nica Sanguinetti, representantes de Consejo Econ\u00f3mico y Social (CoNES), del Ministerio de la Producci\u00f3n del Chaco, del Consejo Profesional de Agrimensores, Arquitectos e Ingenieros, de escuelas t\u00e9cnicas, y de diferentes organizaciones sindicales docentes.<\/p>\n<p><em>\u201cEncontr\u00e9 mucha gente muy capaz y comprometida que se ha reunido aqu\u00ed con ganas de colaborar, de integrarse y trabajar en pos de la sociedad y de los alumnos, para mejorar la calidad de vida a trav\u00e9s de la educaci\u00f3n, as\u00ed que auguro un trabajo muy productivo\u201d<\/em>, resumi\u00f3 de la Barrera al cabo del encuentro.<\/p>\n<p>El CoPET tendr\u00e1 entre sus funciones dise\u00f1ar las pol\u00edticas educativas que tengan vinculaci\u00f3n con los sectores de la producci\u00f3n, la industria y el trabajo, y gestionar recursos que permitan concretar equipamiento, capacitaci\u00f3n, y actualizaci\u00f3n pedag\u00f3gica en beneficio de las instituciones de Educaci\u00f3n T\u00e9cnica y Profesional de toda la provincia.<\/p>\n<p>Durante la jornada, las autoridades visitaron el\u00a0Centro de Formaci\u00f3n Profesional N\u00b0 4 y la\u00a0EET N\u00b024 para conocer el trabajo en instituciones de Educaci\u00f3n T\u00e9cnico Profesional de la provincia.<\/p>\n<p><strong>Acerca del <a href=\"https:\/\/www.inet.edu.ar\/index.php\/institucional\/conetyp\/\">CoNETyP<\/a><\/strong><\/p>\n<p>El CoNETyP (Consejo Nacional de Educaci\u00f3n, Trabajo y Producci\u00f3n) es un \u00f3rgano consultivo y propositivo (creado por la Ley de Educaci\u00f3n T\u00e9cnico Profesional N\u00b0 26.058 sobre la base del Consejo Nacional de Educaci\u00f3n-Trabajo) cuya finalidad es asesorar al Ministro de Educaci\u00f3n y Deportes en todos los aspectos relativos al desarrollo y fortalecimiento de la educaci\u00f3n t\u00e9cnico profesional, y articular las pol\u00edticas de Educaci\u00f3n T\u00e9cnico Profesional con las de otras \u00e1reas del Estado.<\/p>\n<p>Seg\u00fan Ley N\u00b0 26.058 una de sus funciones es promover la vinculaci\u00f3n de la Educaci\u00f3n T\u00e9cnico Profesional con el mundo laboral a trav\u00e9s de las entidades que cada miembro representa, as\u00ed como la creaci\u00f3n de Consejos Provinciales de Educaci\u00f3n, Trabajo y Producci\u00f3n (CoPETyP).<\/p>\n<p><strong>Noticias relacionadas<\/strong><\/p>\n<p class=\"entry-title brand-color\"><a href=\"https:\/\/www.inet.edu.ar\/index.php\/conetyp-vinculando-educacion-empleo-y-produccion\/\">CoNETyP: vinculando Educaci\u00f3n, empleo y producci\u00f3n &#8211; entrevista al secretario permanente, Ing. Santiago de la Barrera<\/a><\/p>\n<p class=\"entry-title brand-color\"><strong>Galer\u00eda de im\u00e1genes <\/strong>(gentileza prensa Ministerio de Educaci\u00f3n de Chaco)<strong><br \/>\n<\/strong><\/p>\n\n\t\t<style type=\"text\/css\">\n\t\t\t#gallery-1 {\n\t\t\t\tmargin: auto;\n\t\t\t}\n\t\t\t#gallery-1 .gallery-item {\n\t\t\t\tfloat: left;\n\t\t\t\tmargin-top: 10px;\n\t\t\t\ttext-align: center;\n\t\t\t\twidth: 25%;\n\t\t\t}\n\t\t\t#gallery-1 img {\n\t\t\t\tborder: 2px solid #cfcfcf;\n\t\t\t}\n\t\t\t#gallery-1 .gallery-caption {\n\t\t\t\tmargin-left: 0;\n\t\t\t}\n\t\t\t\/* see gallery_shortcode() in wp-includes\/media.php *\/\n\t\t<\/style>\n\t\t<div id='gallery-1' class='gallery galleryid-12858 gallery-columns-4 gallery-size-thumbnail'><dl class='gallery-item'>\n\t\t\t<dt class='gallery-icon landscape'>\n\t\t\t\t<a href='https:\/\/www.inet.edu.ar\/index.php\/lanzamos-el-consejo-provincial-de-educacion-trabajo-y-produccion-en-chaco\/eet-chaco\/#main'><img loading=\"lazy\" decoding=\"async\" width=\"150\" height=\"100\" src=\"https:\/\/www.inet.edu.ar\/wp-content\/uploads\/2016\/06\/eet-chaco-150x100.jpg\" class=\"attachment-thumbnail size-thumbnail\" alt=\"\" \/><\/a>\n\t\t\t<\/dt><\/dl><dl class='gallery-item'>\n\t\t\t<dt class='gallery-icon landscape'>\n\t\t\t\t<a href='https:\/\/www.inet.edu.ar\/index.php\/lanzamos-el-consejo-provincial-de-educacion-trabajo-y-produccion-en-chaco\/en-cfp-4\/#main'><img loading=\"lazy\" decoding=\"async\" width=\"150\" height=\"100\" src=\"https:\/\/www.inet.edu.ar\/wp-content\/uploads\/2016\/06\/en-cfp-4-150x100.jpg\" class=\"attachment-thumbnail size-thumbnail\" alt=\"\" \/><\/a>\n\t\t\t<\/dt><\/dl><dl class='gallery-item'>\n\t\t\t<dt class='gallery-icon landscape'>\n\t\t\t\t<a href='https:\/\/www.inet.edu.ar\/index.php\/lanzamos-el-consejo-provincial-de-educacion-trabajo-y-produccion-en-chaco\/p1990635\/#main'><img loading=\"lazy\" decoding=\"async\" width=\"150\" height=\"100\" src=\"https:\/\/www.inet.edu.ar\/wp-content\/uploads\/2016\/06\/P1990635-150x100.jpg\" class=\"attachment-thumbnail size-thumbnail\" alt=\"\" \/><\/a>\n\t\t\t<\/dt><\/dl><dl class='gallery-item'>\n\t\t\t<dt class='gallery-icon landscape'>\n\t\t\t\t<a href='https:\/\/www.inet.edu.ar\/index.php\/lanzamos-el-consejo-provincial-de-educacion-trabajo-y-produccion-en-chaco\/p1990639\/#main'><img loading=\"lazy\" decoding=\"async\" width=\"150\" height=\"100\" src=\"https:\/\/www.inet.edu.ar\/wp-content\/uploads\/2016\/06\/P1990639-150x100.jpg\" class=\"attachment-thumbnail size-thumbnail\" alt=\"\" \/><\/a>\n\t\t\t<\/dt><\/dl><br style=\"clear: both\" \/>\n\t\t<\/div>\n\n<p>&nbsp;<\/p>\n","protected":false},"excerpt":{"rendered":"<p>Resistencia El jueves 23 participamos del lanzamiento del CoPET (Consejo Provincial de Educaci\u00f3n y Trabajo) en Chaco\u00a0junto al secretario permanente del CoNETyP, Santiago de la Barrera. Estuvieron presentes la subsecretaria de Calidad y Equidad, Viviam Polini; el director de Educaci\u00f3n T\u00e9cnica y Formaci\u00f3n Profesional, Hugo Carbonelli; junto a otras autoridades educativas de la provincia. Chaco [&hellip;]<\/p>\n","protected":false},"author":7,"featured_media":12862,"comment_status":"closed","ping_status":"open","sticky":false,"template":"","format":"standard","meta":{"footnotes":""},"categories":[1,14],"tags":[24,25],"class_list":["post-12858","post","type-post","status-publish","format-standard","has-post-thumbnail","hentry","category-noticias","category-noticias-fijas","tag-conetyp","tag-copetyp"],"_links":{"self":[{"href":"https:\/\/www.inet.edu.ar\/index.php\/wp-json\/wp\/v2\/posts\/12858","targetHints":{"allow":["GET"]}}],"collection":[{"href":"https:\/\/www.inet.edu.ar\/index.php\/wp-json\/wp\/v2\/posts"}],"about":[{"href":"https:\/\/www.inet.edu.ar\/index.php\/wp-json\/wp\/v2\/types\/post"}],"author":[{"embeddable":true,"href":"https:\/\/www.inet.edu.ar\/index.php\/wp-json\/wp\/v2\/users\/7"}],"replies":[{"embeddable":true,"href":"https:\/\/www.inet.edu.ar\/index.php\/wp-json\/wp\/v2\/comments?post=12858"}],"version-history":[{"count":18,"href":"https:\/\/www.inet.edu.ar\/index.php\/wp-json\/wp\/v2\/posts\/12858\/revisions"}],"predecessor-version":[{"id":12902,"href":"https:\/\/www.inet.edu.ar\/index.php\/wp-json\/wp\/v2\/posts\/12858\/revisions\/12902"}],"wp:featuredmedia":[{"embeddable":true,"href":"https:\/\/www.inet.edu.ar\/index.php\/wp-json\/wp\/v2\/media\/12862"}],"wp:attachment":[{"href":"https:\/\/www.inet.edu.ar\/index.php\/wp-json\/wp\/v2\/media?parent=12858"}],"wp:term":[{"taxonomy":"category","embeddable":true,"href":"https:\/\/www.inet.edu.ar\/index.php\/wp-json\/wp\/v2\/categories?post=12858"},{"taxonomy":"post_tag","embeddable":true,"href":"https:\/\/www.inet.edu.ar\/index.php\/wp-json\/wp\/v2\/tags?post=12858"}],"curies":[{"name":"wp","href":"https:\/\/api.w.org\/{rel}","templated":true}]}}