{"id":13033,"date":"2016-07-01T14:40:50","date_gmt":"2016-07-01T17:40:50","guid":{"rendered":"https:\/\/www.inet.edu.ar\/?p=13033"},"modified":"2016-07-01T19:36:39","modified_gmt":"2016-07-01T22:36:39","slug":"participamos-en-el-ii-congreso-de-educacion-y-desarrollo-economico","status":"publish","type":"post","link":"https:\/\/www.inet.edu.ar\/index.php\/participamos-en-el-ii-congreso-de-educacion-y-desarrollo-economico\/","title":{"rendered":"Participamos en el II Congreso de Educaci\u00f3n y Desarrollo Econ\u00f3mico"},"content":{"rendered":"<p style=\"text-align: center;\"><em>Reuni\u00f3 a referentes de los diferentes sectores para hablar sobre Educaci\u00f3n<\/em><\/p>\n<p>Ciudad Aut\u00f3noma de Buenos Aires<\/p>\n<p>Nuestro director ejecutivo, Gabriel S\u00e1nchez Zinny, particip\u00f3 del panel sobre Formaci\u00f3n T\u00e9cnico Profesional en el II Congreso de Educaci\u00f3n y Desarrollo Econ\u00f3mico que se realiz\u00f3 ayer en la Usina del Arte.<\/p>\n<p>El Congreso reuni\u00f3 a expertos en Educaci\u00f3n, representantes de empresas, agencias oficiales y sindicatos, comprometidos con el desarrollo del capital humano y el crecimiento econ\u00f3mico. El objetivo del encuentro fue constituirse en un espacio para pensar la Educaci\u00f3n como una plataforma hacia el futuro.<\/p>\n<p>En el panel participaron tambi\u00e9n\u00a0la ministra de Educaci\u00f3n y Derechos Humanos de R\u00edo Negro, M\u00f3nica Silva, junto al director ejecutivo de Fundaci\u00f3n UOCRA, Gustavo Gandara.<\/p>\n<p><em>\u00abEstamos trabajando en alianzas con los distintos sectores para expandir la formaci\u00f3n profesional\u00bb<\/em>, manifest\u00f3 S\u00e1nchez Zinny, a la vez que comparti\u00f3\u00a0sobre las l\u00edneas de acci\u00f3n del INET y de la importancia de la introducci\u00f3n de la tecnolog\u00eda en la Educaci\u00f3n. Asimismo,\u00a0coment\u00f3 el trabajo que estamos organizando en las provincias para vincular el sistema educativo al sector socioproductivo.<\/p>\n<p>A su vez, la ministra Silva comparti\u00f3 acerca del gran crecimiento de la matr\u00edcula de las escuelas t\u00e9cnicas en R\u00edo Negro, y sobre la certificaci\u00f3n de saberes en distintas especialidades.<\/p>\n<p>Por su parte, Gustavo Gandara habl\u00f3 del trabajo que desde la UOCRA est\u00e1n realizando de capacitaci\u00f3n laboral de trabajadores y afirm\u00f3 la necesidad de articular el trabajo entre todos los actores <em>\u00abpara aumentar la capacitaci\u00f3n laboral\u00bb<\/em><\/p>\n<p>El ministro de Educaci\u00f3n y Deportes cerr\u00f3 el evento revelando que s\u00f3lo \u00a01 de cada 4 alumnos llega a tener un t\u00edtulo terciario. Asimismo, manifest\u00f3 que el r\u00e1pido proceso de cambio que se est\u00e1 dando en la sociedad lleva necesariamente a una actualizaci\u00f3n en los conocimientos y en la curr\u00edcula que se imparte en las escuelas.\u00a0El ministro llam\u00f3 a toda la sociedad a hacer un compromiso firme con la Educaci\u00f3n porque sin ella, asever\u00f3 <em>\u00abno hay desarrollo\u00bb.<\/em><\/p>\n<p>&nbsp;<\/p>\n<p><strong>Galer\u00eda de im\u00e1genes<\/strong><\/p>\n\n\t\t<style type=\"text\/css\">\n\t\t\t#gallery-1 {\n\t\t\t\tmargin: auto;\n\t\t\t}\n\t\t\t#gallery-1 .gallery-item {\n\t\t\t\tfloat: left;\n\t\t\t\tmargin-top: 10px;\n\t\t\t\ttext-align: center;\n\t\t\t\twidth: 33%;\n\t\t\t}\n\t\t\t#gallery-1 img {\n\t\t\t\tborder: 2px solid #cfcfcf;\n\t\t\t}\n\t\t\t#gallery-1 .gallery-caption {\n\t\t\t\tmargin-left: 0;\n\t\t\t}\n\t\t\t\/* see gallery_shortcode() in wp-includes\/media.php *\/\n\t\t<\/style>\n\t\t<div id='gallery-1' class='gallery galleryid-13033 gallery-columns-3 gallery-size-medium'><dl class='gallery-item'>\n\t\t\t<dt class='gallery-icon landscape'>\n\t\t\t\t<a href='https:\/\/www.inet.edu.ar\/index.php\/participamos-en-el-ii-congreso-de-educacion-y-desarrollo-economico\/foto-4\/#main'><img loading=\"lazy\" decoding=\"async\" width=\"240\" height=\"180\" src=\"https:\/\/www.inet.edu.ar\/wp-content\/uploads\/2016\/06\/foto-4-240x180.jpg\" class=\"attachment-medium size-medium\" alt=\"\" srcset=\"https:\/\/www.inet.edu.ar\/wp-content\/uploads\/2016\/06\/foto-4-240x180.jpg 240w, https:\/\/www.inet.edu.ar\/wp-content\/uploads\/2016\/06\/foto-4-768x576.jpg 768w, https:\/\/www.inet.edu.ar\/wp-content\/uploads\/2016\/06\/foto-4-468x351.jpg 468w, https:\/\/www.inet.edu.ar\/wp-content\/uploads\/2016\/06\/foto-4.jpg 1200w\" sizes=\"auto, (max-width: 240px) 100vw, 240px\" \/><\/a>\n\t\t\t<\/dt><\/dl><dl class='gallery-item'>\n\t\t\t<dt class='gallery-icon landscape'>\n\t\t\t\t<a href='https:\/\/www.inet.edu.ar\/index.php\/participamos-en-el-ii-congreso-de-educacion-y-desarrollo-economico\/foto-3-2\/#main'><img loading=\"lazy\" decoding=\"async\" width=\"240\" height=\"180\" src=\"https:\/\/www.inet.edu.ar\/wp-content\/uploads\/2016\/06\/foto-3-240x180.jpg\" class=\"attachment-medium size-medium\" alt=\"\" srcset=\"https:\/\/www.inet.edu.ar\/wp-content\/uploads\/2016\/06\/foto-3-240x180.jpg 240w, https:\/\/www.inet.edu.ar\/wp-content\/uploads\/2016\/06\/foto-3-768x576.jpg 768w, https:\/\/www.inet.edu.ar\/wp-content\/uploads\/2016\/06\/foto-3-468x351.jpg 468w, https:\/\/www.inet.edu.ar\/wp-content\/uploads\/2016\/06\/foto-3.jpg 2048w\" sizes=\"auto, (max-width: 240px) 100vw, 240px\" \/><\/a>\n\t\t\t<\/dt><\/dl><dl class='gallery-item'>\n\t\t\t<dt class='gallery-icon landscape'>\n\t\t\t\t<a href='https:\/\/www.inet.edu.ar\/index.php\/participamos-en-el-ii-congreso-de-educacion-y-desarrollo-economico\/foto-2-3\/#main'><img loading=\"lazy\" decoding=\"async\" width=\"240\" height=\"180\" src=\"https:\/\/www.inet.edu.ar\/wp-content\/uploads\/2016\/06\/foto-2-240x180.jpg\" class=\"attachment-medium size-medium\" alt=\"\" srcset=\"https:\/\/www.inet.edu.ar\/wp-content\/uploads\/2016\/06\/foto-2-240x180.jpg 240w, https:\/\/www.inet.edu.ar\/wp-content\/uploads\/2016\/06\/foto-2-768x576.jpg 768w, https:\/\/www.inet.edu.ar\/wp-content\/uploads\/2016\/06\/foto-2-468x351.jpg 468w, https:\/\/www.inet.edu.ar\/wp-content\/uploads\/2016\/06\/foto-2.jpg 1200w\" sizes=\"auto, (max-width: 240px) 100vw, 240px\" \/><\/a>\n\t\t\t<\/dt><\/dl><br style=\"clear: both\" \/><dl class='gallery-item'>\n\t\t\t<dt class='gallery-icon landscape'>\n\t\t\t\t<a href='https:\/\/www.inet.edu.ar\/index.php\/participamos-en-el-ii-congreso-de-educacion-y-desarrollo-economico\/director-del-inet-disertando\/#main'><img loading=\"lazy\" decoding=\"async\" width=\"240\" height=\"160\" src=\"https:\/\/www.inet.edu.ar\/wp-content\/uploads\/2016\/07\/director-del-inet-disertando-240x160.jpg\" class=\"attachment-medium size-medium\" alt=\"\" srcset=\"https:\/\/www.inet.edu.ar\/wp-content\/uploads\/2016\/07\/director-del-inet-disertando-240x160.jpg 240w, https:\/\/www.inet.edu.ar\/wp-content\/uploads\/2016\/07\/director-del-inet-disertando-150x100.jpg 150w, https:\/\/www.inet.edu.ar\/wp-content\/uploads\/2016\/07\/director-del-inet-disertando-768x512.jpg 768w, https:\/\/www.inet.edu.ar\/wp-content\/uploads\/2016\/07\/director-del-inet-disertando-468x312.jpg 468w, https:\/\/www.inet.edu.ar\/wp-content\/uploads\/2016\/07\/director-del-inet-disertando.jpg 1064w\" sizes=\"auto, (max-width: 240px) 100vw, 240px\" \/><\/a>\n\t\t\t<\/dt><\/dl><dl class='gallery-item'>\n\t\t\t<dt class='gallery-icon landscape'>\n\t\t\t\t<a href='https:\/\/www.inet.edu.ar\/index.php\/participamos-en-el-ii-congreso-de-educacion-y-desarrollo-economico\/foto-1-2\/#main'><img loading=\"lazy\" decoding=\"async\" width=\"240\" height=\"180\" src=\"https:\/\/www.inet.edu.ar\/wp-content\/uploads\/2016\/06\/foto-1-240x180.jpg\" class=\"attachment-medium size-medium\" alt=\"\" srcset=\"https:\/\/www.inet.edu.ar\/wp-content\/uploads\/2016\/06\/foto-1-240x180.jpg 240w, https:\/\/www.inet.edu.ar\/wp-content\/uploads\/2016\/06\/foto-1-768x576.jpg 768w, https:\/\/www.inet.edu.ar\/wp-content\/uploads\/2016\/06\/foto-1-468x351.jpg 468w, https:\/\/www.inet.edu.ar\/wp-content\/uploads\/2016\/06\/foto-1.jpg 1200w\" sizes=\"auto, (max-width: 240px) 100vw, 240px\" \/><\/a>\n\t\t\t<\/dt><\/dl><dl class='gallery-item'>\n\t\t\t<dt class='gallery-icon landscape'>\n\t\t\t\t<a href='https:\/\/www.inet.edu.ar\/index.php\/participamos-en-el-ii-congreso-de-educacion-y-desarrollo-economico\/sin-titulo-3-2\/#main'><img loading=\"lazy\" decoding=\"async\" width=\"240\" height=\"160\" src=\"https:\/\/www.inet.edu.ar\/wp-content\/uploads\/2016\/07\/Sin-t\u00edtulo-3-240x160.jpg\" class=\"attachment-medium size-medium\" alt=\"\" srcset=\"https:\/\/www.inet.edu.ar\/wp-content\/uploads\/2016\/07\/Sin-t\u00edtulo-3-240x160.jpg 240w, https:\/\/www.inet.edu.ar\/wp-content\/uploads\/2016\/07\/Sin-t\u00edtulo-3-150x100.jpg 150w, https:\/\/www.inet.edu.ar\/wp-content\/uploads\/2016\/07\/Sin-t\u00edtulo-3-768x512.jpg 768w, https:\/\/www.inet.edu.ar\/wp-content\/uploads\/2016\/07\/Sin-t\u00edtulo-3-468x312.jpg 468w, https:\/\/www.inet.edu.ar\/wp-content\/uploads\/2016\/07\/Sin-t\u00edtulo-3.jpg 1064w\" sizes=\"auto, (max-width: 240px) 100vw, 240px\" \/><\/a>\n\t\t\t<\/dt><\/dl><br style=\"clear: both\" \/>\n\t\t<\/div>\n\n","protected":false},"excerpt":{"rendered":"<p>Reuni\u00f3 a referentes de los diferentes sectores para hablar sobre Educaci\u00f3n Ciudad Aut\u00f3noma de Buenos Aires Nuestro director ejecutivo, Gabriel S\u00e1nchez Zinny, particip\u00f3 del panel sobre Formaci\u00f3n T\u00e9cnico Profesional en el II Congreso de Educaci\u00f3n y Desarrollo Econ\u00f3mico que se realiz\u00f3 ayer en la Usina del Arte. El Congreso reuni\u00f3 a expertos en Educaci\u00f3n, representantes [&hellip;]<\/p>\n","protected":false},"author":7,"featured_media":13050,"comment_status":"closed","ping_status":"open","sticky":false,"template":"","format":"standard","meta":{"footnotes":""},"categories":[1,14,13],"tags":[147],"class_list":["post-13033","post","type-post","status-publish","format-standard","has-post-thumbnail","hentry","category-noticias","category-noticias-fijas","category-noticias-slider","tag-educacion-y-desarrollo"],"_links":{"self":[{"href":"https:\/\/www.inet.edu.ar\/index.php\/wp-json\/wp\/v2\/posts\/13033","targetHints":{"allow":["GET"]}}],"collection":[{"href":"https:\/\/www.inet.edu.ar\/index.php\/wp-json\/wp\/v2\/posts"}],"about":[{"href":"https:\/\/www.inet.edu.ar\/index.php\/wp-json\/wp\/v2\/types\/post"}],"author":[{"embeddable":true,"href":"https:\/\/www.inet.edu.ar\/index.php\/wp-json\/wp\/v2\/users\/7"}],"replies":[{"embeddable":true,"href":"https:\/\/www.inet.edu.ar\/index.php\/wp-json\/wp\/v2\/comments?post=13033"}],"version-history":[{"count":18,"href":"https:\/\/www.inet.edu.ar\/index.php\/wp-json\/wp\/v2\/posts\/13033\/revisions"}],"predecessor-version":[{"id":13091,"href":"https:\/\/www.inet.edu.ar\/index.php\/wp-json\/wp\/v2\/posts\/13033\/revisions\/13091"}],"wp:featuredmedia":[{"embeddable":true,"href":"https:\/\/www.inet.edu.ar\/index.php\/wp-json\/wp\/v2\/media\/13050"}],"wp:attachment":[{"href":"https:\/\/www.inet.edu.ar\/index.php\/wp-json\/wp\/v2\/media?parent=13033"}],"wp:term":[{"taxonomy":"category","embeddable":true,"href":"https:\/\/www.inet.edu.ar\/index.php\/wp-json\/wp\/v2\/categories?post=13033"},{"taxonomy":"post_tag","embeddable":true,"href":"https:\/\/www.inet.edu.ar\/index.php\/wp-json\/wp\/v2\/tags?post=13033"}],"curies":[{"name":"wp","href":"https:\/\/api.w.org\/{rel}","templated":true}]}}