{"id":13052,"date":"2016-07-01T17:12:54","date_gmt":"2016-07-01T20:12:54","guid":{"rendered":"https:\/\/www.inet.edu.ar\/?p=13052"},"modified":"2016-07-01T19:39:19","modified_gmt":"2016-07-01T22:39:19","slug":"el-inet-presente-en-el-72-consejo-federal-de-educacion-en-tucuman","status":"publish","type":"post","link":"https:\/\/www.inet.edu.ar\/index.php\/el-inet-presente-en-el-72-consejo-federal-de-educacion-en-tucuman\/","title":{"rendered":"El INET presente en el 72\u00b0 Consejo Federal de Educaci\u00f3n en Tucum\u00e1n"},"content":{"rendered":"<p style=\"text-align: center;\"><em>Particip\u00f3 el gobernador de la provincia, Juan Manzur<\/em><\/p>\n<p>San Javier<\/p>\n<p>El Consejo Federal de Educaci\u00f3n (CFE) es la reuni\u00f3n de los titulares de las carteras educativas de todo el pa\u00eds con el objetivo de\u00a0debatir sobre las pol\u00edticas nacionales a trav\u00e9s de un trabajo articulado.<\/p>\n<p>El mi\u00e9rcoles 29 y jueves 30 de junio el 72\u00b0 CFE se reuni\u00f3 en Tucum\u00e1n.\u00a0El evento fue presidido por el ministro de Educaci\u00f3n y Deportes, Esteban Bullrich,\u00a0<!-- meta -->\u00a0y cont\u00f3 con la participaci\u00f3n del secretario de Consejo Federal, Orlando Macci\u00f3; el secretario de Gesti\u00f3n Educativa, Max Gulmanelli; y miembros del gabinete educativo nacional. Por parte del INET, particip\u00f3 nuestro director ejecutivo, Gabriel S\u00e1nchez Zinny.<\/p>\n<p>El ministro Bullrich\u00a0se mostr\u00f3 entusiasmado por participar del CFE en Tucum\u00e1n\u00a0en el marco del Bicentenario de la Independencia: \u00a0<em>\u00abNo se puede generar verdadera independencia si no hay Educaci\u00f3n\u00bb<\/em>, dijo. <em>\u00abNuestro objetivo es que todos tengan las mismas oportunidades independientemente de donde hayan nacido. Y ese desaf\u00edo demanda otros m\u00e1s peque\u00f1os como el de la relaci\u00f3n entre el trabajo y la educaci\u00f3n, el tema de la educaci\u00f3n inicial y la innovaci\u00f3n permanente\u201d.<\/em><\/p>\n<p>Las tem\u00e1ticas que se abordaron durante el encuentro fueron: la Red Federal de los Aprendizajes por parte de la Secretar\u00eda de Innovaci\u00f3n y Calidad Educativa; el Programa Nacional \u201cNuestra Escuela\u201d del Instituto Nacional de Formaci\u00f3n Docente; adem\u00e1s de cambios en las normativas del INET.<\/p>\n<p>Gabriel S\u00e1nchez Zinny manifest\u00f3 que avances importantes en la Educaci\u00f3n T\u00e9cnico Profesional se aprobaron durante la reuni\u00f3n del Consejo.<\/p>\n<p>Como balance de las jornadas, Bullrich concluy\u00f3: <em>\u201cTenemos que trabajar en conjunto entre el Ministerio de Educaci\u00f3n de la Naci\u00f3n y todas las provincias para brindar calidad en educaci\u00f3n y las mismas oportunidades en cualquier lugar del pa\u00eds. Una revoluci\u00f3n educativa que garantice que nazca en donde uno nazca en la Argentina, tenga las mismas oportunidades\u201d.\u00a0<\/em><\/p>\n<p><strong>Noticias relacionadas<\/strong><\/p>\n<p><!-- meta --><a href=\"http:\/\/www.educaciontuc.gov.ar\/nsitio\/?p=4680\">\u00abConcluy\u00f3 la 72\u00b0 asamblea del Consejo Federal de Educaci\u00f3n en Tucum\u00e1n\u00bb &#8211; sitio web del Ministerio de Educaci\u00f3n de Tucum\u00e1n<\/a><\/p>\n<p>&nbsp;<\/p>\n<p><strong>Galer\u00eda de im\u00e1genes<\/strong> -gentileza prensa Ministerio de Educaci\u00f3n de Tucum\u00e1n<\/p>\n\n\t\t<style type=\"text\/css\">\n\t\t\t#gallery-1 {\n\t\t\t\tmargin: auto;\n\t\t\t}\n\t\t\t#gallery-1 .gallery-item {\n\t\t\t\tfloat: left;\n\t\t\t\tmargin-top: 10px;\n\t\t\t\ttext-align: center;\n\t\t\t\twidth: 33%;\n\t\t\t}\n\t\t\t#gallery-1 img {\n\t\t\t\tborder: 2px solid #cfcfcf;\n\t\t\t}\n\t\t\t#gallery-1 .gallery-caption {\n\t\t\t\tmargin-left: 0;\n\t\t\t}\n\t\t\t\/* see gallery_shortcode() in wp-includes\/media.php *\/\n\t\t<\/style>\n\t\t<div id='gallery-1' class='gallery galleryid-13052 gallery-columns-3 gallery-size-medium'><dl class='gallery-item'>\n\t\t\t<dt class='gallery-icon landscape'>\n\t\t\t\t<a href='https:\/\/www.inet.edu.ar\/index.php\/el-inet-presente-en-el-72-consejo-federal-de-educacion-en-tucuman\/web-3-2\/#main'><img loading=\"lazy\" decoding=\"async\" width=\"240\" height=\"160\" src=\"https:\/\/www.inet.edu.ar\/wp-content\/uploads\/2016\/07\/web-3-240x160.jpg\" class=\"attachment-medium size-medium\" alt=\"\" srcset=\"https:\/\/www.inet.edu.ar\/wp-content\/uploads\/2016\/07\/web-3-240x160.jpg 240w, https:\/\/www.inet.edu.ar\/wp-content\/uploads\/2016\/07\/web-3-150x100.jpg 150w, https:\/\/www.inet.edu.ar\/wp-content\/uploads\/2016\/07\/web-3-468x312.jpg 468w, https:\/\/www.inet.edu.ar\/wp-content\/uploads\/2016\/07\/web-3.jpg 600w\" sizes=\"auto, (max-width: 240px) 100vw, 240px\" \/><\/a>\n\t\t\t<\/dt><\/dl><dl class='gallery-item'>\n\t\t\t<dt class='gallery-icon landscape'>\n\t\t\t\t<a href='https:\/\/www.inet.edu.ar\/index.php\/el-inet-presente-en-el-72-consejo-federal-de-educacion-en-tucuman\/para-web-3\/#main'><img loading=\"lazy\" decoding=\"async\" width=\"240\" height=\"160\" src=\"https:\/\/www.inet.edu.ar\/wp-content\/uploads\/2016\/07\/para-web-240x160.jpg\" class=\"attachment-medium size-medium\" alt=\"\" srcset=\"https:\/\/www.inet.edu.ar\/wp-content\/uploads\/2016\/07\/para-web-240x160.jpg 240w, https:\/\/www.inet.edu.ar\/wp-content\/uploads\/2016\/07\/para-web-150x100.jpg 150w, https:\/\/www.inet.edu.ar\/wp-content\/uploads\/2016\/07\/para-web-468x312.jpg 468w, https:\/\/www.inet.edu.ar\/wp-content\/uploads\/2016\/07\/para-web.jpg 600w\" sizes=\"auto, (max-width: 240px) 100vw, 240px\" \/><\/a>\n\t\t\t<\/dt><\/dl><dl class='gallery-item'>\n\t\t\t<dt class='gallery-icon landscape'>\n\t\t\t\t<a href='https:\/\/www.inet.edu.ar\/index.php\/el-inet-presente-en-el-72-consejo-federal-de-educacion-en-tucuman\/web-2-2\/#main'><img loading=\"lazy\" decoding=\"async\" width=\"240\" height=\"160\" src=\"https:\/\/www.inet.edu.ar\/wp-content\/uploads\/2016\/07\/web-2-240x160.jpg\" class=\"attachment-medium size-medium\" alt=\"\" srcset=\"https:\/\/www.inet.edu.ar\/wp-content\/uploads\/2016\/07\/web-2-240x160.jpg 240w, https:\/\/www.inet.edu.ar\/wp-content\/uploads\/2016\/07\/web-2-150x100.jpg 150w, https:\/\/www.inet.edu.ar\/wp-content\/uploads\/2016\/07\/web-2-468x312.jpg 468w, https:\/\/www.inet.edu.ar\/wp-content\/uploads\/2016\/07\/web-2.jpg 600w\" sizes=\"auto, (max-width: 240px) 100vw, 240px\" \/><\/a>\n\t\t\t<\/dt><\/dl><br style=\"clear: both\" \/>\n\t\t<\/div>\n\n<p>&nbsp;<\/p>\n<p>&nbsp;<\/p>\n<p><noscript>&amp;lt;style type=\u00bbtext\/css\u00bb&amp;gt; .wpb_animate_when_almost_visible { opacity: 1; }&amp;lt;\/style&amp;gt;<\/noscript><script src=\"https:\/\/platform.twitter.com\/js\/timeline.1de68eca487d0f8716b7f8b1abf6b94e.js\" async=\"\" type=\"text\/javascript\" charset=\"utf-8\"><\/script><script src=\"http:\/\/wd.sharethis.com\/api\/getCount2.php?cb=stButtons.processCB&amp;refDomain=&amp;refQuery=&amp;pgurl=http%3A%2F%2Fwww.educaciontuc.gov.ar%2Fnsitio%2F%3Fp%3D4680&amp;pubKey=1390eb48-c3c3-409a-903a-ca202d50de91&amp;url=http%3A%2F%2Fwww.educaciontuc.gov.ar%2Fnsitio%2F%3Fp%3D4680%23sthash.KcmNF8ni\" type=\"text\/javascript\"><\/script><\/p>\n<div id=\"stcpDiv\"><\/div>\n<p><noscript>&amp;amp;lt;style type=\u00bbtext\/css\u00bb&amp;amp;gt; .wpb_animate_when_almost_visible { opacity: 1; }&amp;amp;lt;\/style&amp;amp;gt;<\/noscript><script src=\"https:\/\/platform.twitter.com\/js\/timeline.1de68eca487d0f8716b7f8b1abf6b94e.js\" async=\"\" type=\"text\/javascript\" charset=\"utf-8\"><\/script><script src=\"http:\/\/wd.sharethis.com\/api\/getCount2.php?cb=stButtons.processCB&amp;refDomain=&amp;refQuery=&amp;pgurl=http%3A%2F%2Fwww.educaciontuc.gov.ar%2Fnsitio%2F%3Fp%3D4676&amp;pubKey=1390eb48-c3c3-409a-903a-ca202d50de91&amp;url=http%3A%2F%2Fwww.educaciontuc.gov.ar%2Fnsitio%2F%3Fp%3D4676%23sthash.nyygklbB\" type=\"text\/javascript\"><\/script><\/p>\n<div id=\"stcpDiv\"><\/div>\n<p>&nbsp;<\/p>\n","protected":false},"excerpt":{"rendered":"<p>Particip\u00f3 el gobernador de la provincia, Juan Manzur San Javier El Consejo Federal de Educaci\u00f3n (CFE) es la reuni\u00f3n de los titulares de las carteras educativas de todo el pa\u00eds con el objetivo de\u00a0debatir sobre las pol\u00edticas nacionales a trav\u00e9s de un trabajo articulado. El mi\u00e9rcoles 29 y jueves 30 de junio el 72\u00b0 CFE [&hellip;]<\/p>\n","protected":false},"author":7,"featured_media":13055,"comment_status":"closed","ping_status":"open","sticky":false,"template":"","format":"standard","meta":{"footnotes":""},"categories":[1,14,13],"tags":[149],"class_list":["post-13052","post","type-post","status-publish","format-standard","has-post-thumbnail","hentry","category-noticias","category-noticias-fijas","category-noticias-slider","tag-consejo-federal-de-educacion"],"_links":{"self":[{"href":"https:\/\/www.inet.edu.ar\/index.php\/wp-json\/wp\/v2\/posts\/13052","targetHints":{"allow":["GET"]}}],"collection":[{"href":"https:\/\/www.inet.edu.ar\/index.php\/wp-json\/wp\/v2\/posts"}],"about":[{"href":"https:\/\/www.inet.edu.ar\/index.php\/wp-json\/wp\/v2\/types\/post"}],"author":[{"embeddable":true,"href":"https:\/\/www.inet.edu.ar\/index.php\/wp-json\/wp\/v2\/users\/7"}],"replies":[{"embeddable":true,"href":"https:\/\/www.inet.edu.ar\/index.php\/wp-json\/wp\/v2\/comments?post=13052"}],"version-history":[{"count":15,"href":"https:\/\/www.inet.edu.ar\/index.php\/wp-json\/wp\/v2\/posts\/13052\/revisions"}],"predecessor-version":[{"id":13093,"href":"https:\/\/www.inet.edu.ar\/index.php\/wp-json\/wp\/v2\/posts\/13052\/revisions\/13093"}],"wp:featuredmedia":[{"embeddable":true,"href":"https:\/\/www.inet.edu.ar\/index.php\/wp-json\/wp\/v2\/media\/13055"}],"wp:attachment":[{"href":"https:\/\/www.inet.edu.ar\/index.php\/wp-json\/wp\/v2\/media?parent=13052"}],"wp:term":[{"taxonomy":"category","embeddable":true,"href":"https:\/\/www.inet.edu.ar\/index.php\/wp-json\/wp\/v2\/categories?post=13052"},{"taxonomy":"post_tag","embeddable":true,"href":"https:\/\/www.inet.edu.ar\/index.php\/wp-json\/wp\/v2\/tags?post=13052"}],"curies":[{"name":"wp","href":"https:\/\/api.w.org\/{rel}","templated":true}]}}