{"id":13215,"date":"2016-07-06T17:08:09","date_gmt":"2016-07-06T20:08:09","guid":{"rendered":"https:\/\/www.inet.edu.ar\/?p=13215"},"modified":"2016-07-06T18:59:04","modified_gmt":"2016-07-06T21:59:04","slug":"reparo-tu-netbook-primeras-jornadas-de-capacitacion-para-que-alumnos-de-escuelas-tecnicas-reparen-netbooks","status":"publish","type":"post","link":"https:\/\/www.inet.edu.ar\/index.php\/reparo-tu-netbook-primeras-jornadas-de-capacitacion-para-que-alumnos-de-escuelas-tecnicas-reparen-netbooks\/","title":{"rendered":"\u201cReparo tu netbook\u201d: Primeras jornadas de capacitaci\u00f3n para que alumnos de escuelas t\u00e9cnicas reparen netbooks"},"content":{"rendered":"<p>Ciudad Aut\u00f3noma de Buenos Aires<\/p>\n<p>El Programa \u201cReparo tu netbook\u201d consiste en la participaci\u00f3n activa de estudiantes de escuelas t\u00e9cnicas de todo el pa\u00eds en el diagn\u00f3stico y reparaci\u00f3n de las netbook del \u201c<a href=\"http:\/\/www.conectarigualdad.gob.ar\/\">Programa Conectar Igualdad<\/a>\u201d que fueron distribuidas a todos los alumnos y docentes de las escuelas Secundarias, de Educaci\u00f3n Especial y de institutos de Formaci\u00f3n Docente de gesti\u00f3n estatal del pa\u00eds. El objetivo es que los alumnos t\u00e9cnicos reparen los equipos como parte de sus pr\u00e1cticas profesionalizantes.<\/p>\n<p>Hoy en el INET dimos inicio a una capacitaci\u00f3n a profesionales t\u00e9cnico\/docentes de Provincia de Buenos Aires, C\u00f3rdoba, La Pampa, San Luis, Mendoza y San Juan, que luego replicar\u00e1n en sus jurisdicciones. En las pr\u00f3ximas dos fechas \u2013mitad de julio y principios de agosto- ser\u00e1n capacitados representantes del resto de las jurisdicciones.<\/p>\n<p>En esta primer jornada, estuvieron presentes el coordinador de TICs, Alejandro Frankel; el coordinador de Innovaci\u00f3n Tecnol\u00f3gica, Ariel Castiglioni; y equipo INET. Tambi\u00e9n convers\u00f3 con los asistentes\u00a0nuestro\u00a0director ejecutivo, Gabriel S\u00e1nchez Zinny.<\/p>\n<p>La capacitaci\u00f3n consiste en diagnosticar equipos con fallas de funcionamiento a nivel software (Nivel \u00a01 de Reparaci\u00f3n). M\u00e1s adelante se realizar\u00e1 el Nivel 2, que incluye la soluci\u00f3n de problemas de software y a nivel de hardware.<\/p>\n<p>\u00abReparo tu netbook\u00bb es\u00a0un\u00a0Programa que coordinamos con equipos t\u00e9cnicos de ANSES y de Educ.ar. Se trata de un proyecto en construcci\u00f3n constante, que incluye a m\u00faltiples equipos de gesti\u00f3n trabajando en forma conjunta, y que se ir\u00e1 implementando en funci\u00f3n de las realidades de cada jurisdicci\u00f3n.<\/p>\n<p>Con este nuevo Programa, creemos que mejorar\u00e1n las pr\u00e1cticas y la empleabilidad de alumnos y egresados de escuelas t\u00e9cnicas, bajar\u00e1n los costos de reparaci\u00f3n de las netbooks,\u00a0 y se agilizar\u00e1n los tiempos para los estudiantes no dejen de trabajar en sus equipos.<\/p>\n<p>&nbsp;<\/p>\n<p><strong>Enlaces relacionados<\/strong><\/p>\n<p><a href=\"http:\/\/www.conectarigualdad.gob.ar\/\">Programa Conectar Igualdad \u2013ANSES<\/a><\/p>\n<p><a href=\"https:\/\/www.inet.edu.ar\/index.php\/programa-federal-piso-tics\/\">Acerca de TICs -sitio web del INET<\/a><\/p>\n<p>&nbsp;<\/p>\n<p><strong>Galer\u00eda de im\u00e1genes<\/strong><\/p>\n\n\t\t<style type=\"text\/css\">\n\t\t\t#gallery-1 {\n\t\t\t\tmargin: auto;\n\t\t\t}\n\t\t\t#gallery-1 .gallery-item {\n\t\t\t\tfloat: left;\n\t\t\t\tmargin-top: 10px;\n\t\t\t\ttext-align: center;\n\t\t\t\twidth: 25%;\n\t\t\t}\n\t\t\t#gallery-1 img {\n\t\t\t\tborder: 2px solid #cfcfcf;\n\t\t\t}\n\t\t\t#gallery-1 .gallery-caption {\n\t\t\t\tmargin-left: 0;\n\t\t\t}\n\t\t\t\/* see gallery_shortcode() in wp-includes\/media.php *\/\n\t\t<\/style>\n\t\t<div id='gallery-1' class='gallery galleryid-13215 gallery-columns-4 gallery-size-medium'><dl class='gallery-item'>\n\t\t\t<dt class='gallery-icon landscape'>\n\t\t\t\t<a href='https:\/\/www.inet.edu.ar\/index.php\/reparo-tu-netbook-primeras-jornadas-de-capacitacion-para-que-alumnos-de-escuelas-tecnicas-reparen-netbooks\/dsc_0003\/#main'><img loading=\"lazy\" decoding=\"async\" width=\"240\" height=\"160\" src=\"https:\/\/www.inet.edu.ar\/wp-content\/uploads\/2016\/07\/DSC_0003-240x160.jpg\" class=\"attachment-medium size-medium\" alt=\"\" srcset=\"https:\/\/www.inet.edu.ar\/wp-content\/uploads\/2016\/07\/DSC_0003-240x160.jpg 240w, https:\/\/www.inet.edu.ar\/wp-content\/uploads\/2016\/07\/DSC_0003-150x100.jpg 150w, https:\/\/www.inet.edu.ar\/wp-content\/uploads\/2016\/07\/DSC_0003-768x512.jpg 768w, https:\/\/www.inet.edu.ar\/wp-content\/uploads\/2016\/07\/DSC_0003-468x312.jpg 468w\" sizes=\"auto, (max-width: 240px) 100vw, 240px\" \/><\/a>\n\t\t\t<\/dt><\/dl><dl class='gallery-item'>\n\t\t\t<dt class='gallery-icon landscape'>\n\t\t\t\t<a href='https:\/\/www.inet.edu.ar\/index.php\/reparo-tu-netbook-primeras-jornadas-de-capacitacion-para-que-alumnos-de-escuelas-tecnicas-reparen-netbooks\/dsc_0563\/#main'><img loading=\"lazy\" decoding=\"async\" width=\"240\" height=\"160\" src=\"https:\/\/www.inet.edu.ar\/wp-content\/uploads\/2016\/07\/DSC_0563-240x160.jpg\" class=\"attachment-medium size-medium\" alt=\"\" srcset=\"https:\/\/www.inet.edu.ar\/wp-content\/uploads\/2016\/07\/DSC_0563-240x160.jpg 240w, https:\/\/www.inet.edu.ar\/wp-content\/uploads\/2016\/07\/DSC_0563-150x100.jpg 150w, https:\/\/www.inet.edu.ar\/wp-content\/uploads\/2016\/07\/DSC_0563-768x512.jpg 768w, https:\/\/www.inet.edu.ar\/wp-content\/uploads\/2016\/07\/DSC_0563-468x312.jpg 468w\" sizes=\"auto, (max-width: 240px) 100vw, 240px\" \/><\/a>\n\t\t\t<\/dt><\/dl><dl class='gallery-item'>\n\t\t\t<dt class='gallery-icon landscape'>\n\t\t\t\t<a href='https:\/\/www.inet.edu.ar\/index.php\/reparo-tu-netbook-primeras-jornadas-de-capacitacion-para-que-alumnos-de-escuelas-tecnicas-reparen-netbooks\/dsc_0569\/#main'><img loading=\"lazy\" decoding=\"async\" width=\"240\" height=\"160\" src=\"https:\/\/www.inet.edu.ar\/wp-content\/uploads\/2016\/07\/DSC_0569-240x160.jpg\" class=\"attachment-medium size-medium\" alt=\"\" srcset=\"https:\/\/www.inet.edu.ar\/wp-content\/uploads\/2016\/07\/DSC_0569-240x160.jpg 240w, https:\/\/www.inet.edu.ar\/wp-content\/uploads\/2016\/07\/DSC_0569-150x100.jpg 150w, https:\/\/www.inet.edu.ar\/wp-content\/uploads\/2016\/07\/DSC_0569-768x512.jpg 768w, https:\/\/www.inet.edu.ar\/wp-content\/uploads\/2016\/07\/DSC_0569-468x312.jpg 468w\" sizes=\"auto, (max-width: 240px) 100vw, 240px\" \/><\/a>\n\t\t\t<\/dt><\/dl><dl class='gallery-item'>\n\t\t\t<dt class='gallery-icon landscape'>\n\t\t\t\t<a href='https:\/\/www.inet.edu.ar\/index.php\/reparo-tu-netbook-primeras-jornadas-de-capacitacion-para-que-alumnos-de-escuelas-tecnicas-reparen-netbooks\/reparo-tu-netbook-ariel\/#main'><img loading=\"lazy\" decoding=\"async\" width=\"240\" height=\"160\" src=\"https:\/\/www.inet.edu.ar\/wp-content\/uploads\/2016\/07\/reparo-tu-netbook-ariel-240x160.jpg\" class=\"attachment-medium size-medium\" alt=\"\" srcset=\"https:\/\/www.inet.edu.ar\/wp-content\/uploads\/2016\/07\/reparo-tu-netbook-ariel-240x160.jpg 240w, https:\/\/www.inet.edu.ar\/wp-content\/uploads\/2016\/07\/reparo-tu-netbook-ariel-150x100.jpg 150w, https:\/\/www.inet.edu.ar\/wp-content\/uploads\/2016\/07\/reparo-tu-netbook-ariel-768x512.jpg 768w, https:\/\/www.inet.edu.ar\/wp-content\/uploads\/2016\/07\/reparo-tu-netbook-ariel-468x312.jpg 468w\" sizes=\"auto, (max-width: 240px) 100vw, 240px\" \/><\/a>\n\t\t\t<\/dt><\/dl><br style=\"clear: both\" \/>\n\t\t<\/div>\n\n","protected":false},"excerpt":{"rendered":"<p>Ciudad Aut\u00f3noma de Buenos Aires El Programa \u201cReparo tu netbook\u201d consiste en la participaci\u00f3n activa de estudiantes de escuelas t\u00e9cnicas de todo el pa\u00eds en el diagn\u00f3stico y reparaci\u00f3n de las netbook del \u201cPrograma Conectar Igualdad\u201d que fueron distribuidas a todos los alumnos y docentes de las escuelas Secundarias, de Educaci\u00f3n Especial y de institutos [&hellip;]<\/p>\n","protected":false},"author":7,"featured_media":13235,"comment_status":"closed","ping_status":"open","sticky":false,"template":"","format":"standard","meta":{"footnotes":""},"categories":[1,14,13],"tags":[153,154,113],"class_list":["post-13215","post","type-post","status-publish","format-standard","has-post-thumbnail","hentry","category-noticias","category-noticias-fijas","category-noticias-slider","tag-conectar-igualdad","tag-reparto-tu-netbook","tag-tics"],"_links":{"self":[{"href":"https:\/\/www.inet.edu.ar\/index.php\/wp-json\/wp\/v2\/posts\/13215","targetHints":{"allow":["GET"]}}],"collection":[{"href":"https:\/\/www.inet.edu.ar\/index.php\/wp-json\/wp\/v2\/posts"}],"about":[{"href":"https:\/\/www.inet.edu.ar\/index.php\/wp-json\/wp\/v2\/types\/post"}],"author":[{"embeddable":true,"href":"https:\/\/www.inet.edu.ar\/index.php\/wp-json\/wp\/v2\/users\/7"}],"replies":[{"embeddable":true,"href":"https:\/\/www.inet.edu.ar\/index.php\/wp-json\/wp\/v2\/comments?post=13215"}],"version-history":[{"count":14,"href":"https:\/\/www.inet.edu.ar\/index.php\/wp-json\/wp\/v2\/posts\/13215\/revisions"}],"predecessor-version":[{"id":13261,"href":"https:\/\/www.inet.edu.ar\/index.php\/wp-json\/wp\/v2\/posts\/13215\/revisions\/13261"}],"wp:featuredmedia":[{"embeddable":true,"href":"https:\/\/www.inet.edu.ar\/index.php\/wp-json\/wp\/v2\/media\/13235"}],"wp:attachment":[{"href":"https:\/\/www.inet.edu.ar\/index.php\/wp-json\/wp\/v2\/media?parent=13215"}],"wp:term":[{"taxonomy":"category","embeddable":true,"href":"https:\/\/www.inet.edu.ar\/index.php\/wp-json\/wp\/v2\/categories?post=13215"},{"taxonomy":"post_tag","embeddable":true,"href":"https:\/\/www.inet.edu.ar\/index.php\/wp-json\/wp\/v2\/tags?post=13215"}],"curies":[{"name":"wp","href":"https:\/\/api.w.org\/{rel}","templated":true}]}}