{"id":13325,"date":"2016-07-11T16:59:16","date_gmt":"2016-07-11T19:59:16","guid":{"rendered":"https:\/\/www.inet.edu.ar\/?p=13325"},"modified":"2016-07-11T17:00:12","modified_gmt":"2016-07-11T20:00:12","slug":"educacion-tecnica-superior-visitamos-instituto-de-tecnologia-alimentaria","status":"publish","type":"post","link":"https:\/\/www.inet.edu.ar\/index.php\/educacion-tecnica-superior-visitamos-instituto-de-tecnologia-alimentaria\/","title":{"rendered":"Educaci\u00f3n T\u00e9cnica Superior: visitamos instituto de Tecnolog\u00eda Alimentaria"},"content":{"rendered":"<p>Nueve de Julio, Provincia de Buenos Aires<\/p>\n<p>La Educaci\u00f3n T\u00e9cnico Profesional de nivel Superior desarrolla aquellas formaciones post secundarias de la modalidad t\u00e9cnica no universitaria. Est\u00e1 pensanda para los estudiantes que quieran especializarse en un campo determinado e insertarse r\u00e1pidamente en el mundo laboral.<\/p>\n<p>En el d\u00eda de hoy, junto a nuestro director ejecutivo, Gabriel S\u00e1nchez Zinny, visitamos el\u00a0<strong>\u00abInstituto Superior Experimental de\u00a0Tecnolog\u00eda\u00a0Alimentaria (ISETA)\u00bb, <\/strong>ejemplo de ense\u00f1anza y desarrollo de tecnolog\u00eda alimentaria.<\/p>\n<p>Nos recibi\u00f3 su director, \u00c1lvaro Amaya P\u00e9rez, con quien recorrimos las instalaciones de la instituci\u00f3n.<\/p>\n<p>El ISETA ofrece Tecnicaturas Superiores en:<\/p>\n<ul>\n<li>Analista de Sistemas (T\u00e9cnico Superior en An\u00e1lisis de Sistemas)<\/li>\n<li>Analista en Calidad de Alimentos (T\u00e9cnico Superior Analista en Calidad de Alimentos)<\/li>\n<li>T\u00e9cnico Superior Analista en Servicios Gastron\u00f3micos<\/li>\n<li>T\u00e9cnico Superior en Laboratorio de An\u00e1lisis Cl\u00ednicos<\/li>\n<li>T\u00e9cnico Superior en Mantenimiento Industrial<\/li>\n<li>T\u00e9cnico Superior en Producci\u00f3n Agr\u00edcola Ganadera<\/li>\n<li>T\u00e9cnico Superior Tecnolog\u00eda de los Alimentos (T\u00e9cnico Superior en Tecnolog\u00eda de los Alimentos)<\/li>\n<\/ul>\n<p>&nbsp;<\/p>\n<p><strong>Enlaces relacionados<\/strong><\/p>\n<p><a href=\"http:\/\/www.iseta.edu.ar\/institucional.htm\">Sitio web\u00a0Instituto Superior Experimental de\u00a0Tecnolog\u00eda\u00a0Alimentaria (ISETA)<\/a><\/p>\n<p>&nbsp;<\/p>\n<p><strong>Noticias relacionadas<\/strong><\/p>\n<p><a href=\"https:\/\/www.inet.edu.ar\/index.php\/el-nivel-tecnico-superior-para-una-mejor-especializacion-e-insercion-en-el-mundo-laboral\/\">\u00abEl nivel T\u00e9cnico Superior: para una mejor especializaci\u00f3n e inserci\u00f3n en el mundo laboral\u00bb-entrevista al\u00a0Ing. Gustavo Peltzer, coordinador\u00a0nacional del nivel Superior T\u00e9cnico<\/a><\/p>\n<p>&nbsp;<\/p>\n<p><strong>Galer\u00eda de im\u00e1genes<\/strong><\/p>\n<p>&nbsp;<\/p>\n\n\t\t<style type=\"text\/css\">\n\t\t\t#gallery-1 {\n\t\t\t\tmargin: auto;\n\t\t\t}\n\t\t\t#gallery-1 .gallery-item {\n\t\t\t\tfloat: left;\n\t\t\t\tmargin-top: 10px;\n\t\t\t\ttext-align: center;\n\t\t\t\twidth: 100%;\n\t\t\t}\n\t\t\t#gallery-1 img {\n\t\t\t\tborder: 2px solid #cfcfcf;\n\t\t\t}\n\t\t\t#gallery-1 .gallery-caption {\n\t\t\t\tmargin-left: 0;\n\t\t\t}\n\t\t\t\/* see gallery_shortcode() in wp-includes\/media.php *\/\n\t\t<\/style>\n\t\t<div id='gallery-1' class='gallery galleryid-13325 gallery-columns-1 gallery-size-medium'><dl class='gallery-item'>\n\t\t\t<dt class='gallery-icon portrait'>\n\t\t\t\t<a href='https:\/\/www.inet.edu.ar\/index.php\/educacion-tecnica-superior-visitamos-instituto-de-tecnologia-alimentaria\/sin-titulo-2-7\/#main'><img loading=\"lazy\" decoding=\"async\" width=\"240\" height=\"241\" src=\"https:\/\/www.inet.edu.ar\/wp-content\/uploads\/2016\/07\/Sin-t\u00edtulo-2-4-240x241.jpg\" class=\"attachment-medium size-medium\" alt=\"\" srcset=\"https:\/\/www.inet.edu.ar\/wp-content\/uploads\/2016\/07\/Sin-t\u00edtulo-2-4-240x241.jpg 240w, https:\/\/www.inet.edu.ar\/wp-content\/uploads\/2016\/07\/Sin-t\u00edtulo-2-4-468x471.jpg 468w, https:\/\/www.inet.edu.ar\/wp-content\/uploads\/2016\/07\/Sin-t\u00edtulo-2-4.jpg 688w\" sizes=\"auto, (max-width: 240px) 100vw, 240px\" \/><\/a>\n\t\t\t<\/dt><\/dl><br style=\"clear: both\" \/>\n\t\t<\/div>\n\n","protected":false},"excerpt":{"rendered":"<p>Nueve de Julio, Provincia de Buenos Aires La Educaci\u00f3n T\u00e9cnico Profesional de nivel Superior desarrolla aquellas formaciones post secundarias de la modalidad t\u00e9cnica no universitaria. Est\u00e1 pensanda para los estudiantes que quieran especializarse en un campo determinado e insertarse r\u00e1pidamente en el mundo laboral. En el d\u00eda de hoy, junto a nuestro director ejecutivo, Gabriel [&hellip;]<\/p>\n","protected":false},"author":7,"featured_media":13328,"comment_status":"closed","ping_status":"open","sticky":false,"template":"","format":"standard","meta":{"footnotes":""},"categories":[1,14],"tags":[158],"class_list":["post-13325","post","type-post","status-publish","format-standard","has-post-thumbnail","hentry","category-noticias","category-noticias-fijas","tag-educacion-tecnica-superior"],"_links":{"self":[{"href":"https:\/\/www.inet.edu.ar\/index.php\/wp-json\/wp\/v2\/posts\/13325","targetHints":{"allow":["GET"]}}],"collection":[{"href":"https:\/\/www.inet.edu.ar\/index.php\/wp-json\/wp\/v2\/posts"}],"about":[{"href":"https:\/\/www.inet.edu.ar\/index.php\/wp-json\/wp\/v2\/types\/post"}],"author":[{"embeddable":true,"href":"https:\/\/www.inet.edu.ar\/index.php\/wp-json\/wp\/v2\/users\/7"}],"replies":[{"embeddable":true,"href":"https:\/\/www.inet.edu.ar\/index.php\/wp-json\/wp\/v2\/comments?post=13325"}],"version-history":[{"count":7,"href":"https:\/\/www.inet.edu.ar\/index.php\/wp-json\/wp\/v2\/posts\/13325\/revisions"}],"predecessor-version":[{"id":13335,"href":"https:\/\/www.inet.edu.ar\/index.php\/wp-json\/wp\/v2\/posts\/13325\/revisions\/13335"}],"wp:featuredmedia":[{"embeddable":true,"href":"https:\/\/www.inet.edu.ar\/index.php\/wp-json\/wp\/v2\/media\/13328"}],"wp:attachment":[{"href":"https:\/\/www.inet.edu.ar\/index.php\/wp-json\/wp\/v2\/media?parent=13325"}],"wp:term":[{"taxonomy":"category","embeddable":true,"href":"https:\/\/www.inet.edu.ar\/index.php\/wp-json\/wp\/v2\/categories?post=13325"},{"taxonomy":"post_tag","embeddable":true,"href":"https:\/\/www.inet.edu.ar\/index.php\/wp-json\/wp\/v2\/tags?post=13325"}],"curies":[{"name":"wp","href":"https:\/\/api.w.org\/{rel}","templated":true}]}}