{"id":13351,"date":"2016-07-12T11:51:06","date_gmt":"2016-07-12T14:51:06","guid":{"rendered":"https:\/\/www.inet.edu.ar\/?p=13351"},"modified":"2016-07-12T11:51:06","modified_gmt":"2016-07-12T14:51:06","slug":"entrega-de-certificados-en-aula-taller-movil-de-santa-cruz","status":"publish","type":"post","link":"https:\/\/www.inet.edu.ar\/index.php\/entrega-de-certificados-en-aula-taller-movil-de-santa-cruz\/","title":{"rendered":"Entrega de certificados en Aula Taller M\u00f3vil de Santa Cruz"},"content":{"rendered":"<p>El Calafate<\/p>\n<p>Las Aulas Talleres M\u00f3viles son estructuras transportables que, mediante un sistema de rotaci\u00f3n interna en cada provincia, se instalan en zonas de acceso limitado para brindar cursos de Formaci\u00f3n Profesional y Capacitaci\u00f3n laboral a los habitantes de la zona.<\/p>\n<p>Ayer, lunes 11 de julio, se realiz\u00f3 una entrega de certificados de los cursos realizados en la unidad m\u00f3vil de El Calafate.<\/p>\n<p>En un peque\u00f1o pero emotivo acto, 73 estudiantes recibieron sus certificados de la especialidad <em>Instalaciones Domiciliarias<\/em>.\u00a0Particip\u00f3 el director de Educaci\u00f3n T\u00e9cnico Profesional de Santa Cruz, Rodrigo Gojan, junto a otras autoridades educativas de\u00a0 la provincia.<\/p>\n<p>La <a href=\"https:\/\/www.inet.edu.ar\/index.php\/niveles-educativos\/formacion-profesional\/programa-federal-de-aulas-tecnicas-moviles\/\">Red Nacional Aulas Talleres M\u00f3viles<\/a>,\u00a0programa del Ministerio de Educaci\u00f3n y Deportes de la Naci\u00f3n, se cre\u00f3 con el objeto principal de ampliar y facilitar el acceso a la Formaci\u00f3n Profesional y al desarrollo de habilidades en oficios y formaci\u00f3n tecnol\u00f3gica de adolescentes, j\u00f3venes y adultos que actualmente deben alejarse de sus lugares de origen para lograr su formaci\u00f3n.<\/p>\n<p>&nbsp;<\/p>\n<p><strong>Galer\u00eda de im\u00e1genes<\/strong><\/p>\n\n\t\t<style type=\"text\/css\">\n\t\t\t#gallery-1 {\n\t\t\t\tmargin: auto;\n\t\t\t}\n\t\t\t#gallery-1 .gallery-item {\n\t\t\t\tfloat: left;\n\t\t\t\tmargin-top: 10px;\n\t\t\t\ttext-align: center;\n\t\t\t\twidth: 33%;\n\t\t\t}\n\t\t\t#gallery-1 img {\n\t\t\t\tborder: 2px solid #cfcfcf;\n\t\t\t}\n\t\t\t#gallery-1 .gallery-caption {\n\t\t\t\tmargin-left: 0;\n\t\t\t}\n\t\t\t\/* see gallery_shortcode() in wp-includes\/media.php *\/\n\t\t<\/style>\n\t\t<div id='gallery-1' class='gallery galleryid-13351 gallery-columns-3 gallery-size-medium'><dl class='gallery-item'>\n\t\t\t<dt class='gallery-icon portrait'>\n\t\t\t\t<a href='https:\/\/www.inet.edu.ar\/index.php\/entrega-de-certificados-en-aula-taller-movil-de-santa-cruz\/img-20160712-wa0002\/#main'><img loading=\"lazy\" decoding=\"async\" width=\"240\" height=\"320\" src=\"https:\/\/www.inet.edu.ar\/wp-content\/uploads\/2016\/07\/IMG-20160712-WA0002-240x320.jpg\" class=\"attachment-medium size-medium\" alt=\"\" srcset=\"https:\/\/www.inet.edu.ar\/wp-content\/uploads\/2016\/07\/IMG-20160712-WA0002-240x320.jpg 240w, https:\/\/www.inet.edu.ar\/wp-content\/uploads\/2016\/07\/IMG-20160712-WA0002-768x1024.jpg 768w, https:\/\/www.inet.edu.ar\/wp-content\/uploads\/2016\/07\/IMG-20160712-WA0002-468x624.jpg 468w, https:\/\/www.inet.edu.ar\/wp-content\/uploads\/2016\/07\/IMG-20160712-WA0002.jpg 960w\" sizes=\"auto, (max-width: 240px) 100vw, 240px\" \/><\/a>\n\t\t\t<\/dt><\/dl><dl class='gallery-item'>\n\t\t\t<dt class='gallery-icon landscape'>\n\t\t\t\t<a href='https:\/\/www.inet.edu.ar\/index.php\/entrega-de-certificados-en-aula-taller-movil-de-santa-cruz\/img-20160712-wa0004\/#main'><img loading=\"lazy\" decoding=\"async\" width=\"240\" height=\"180\" src=\"https:\/\/www.inet.edu.ar\/wp-content\/uploads\/2016\/07\/IMG-20160712-WA0004-240x180.jpg\" class=\"attachment-medium size-medium\" alt=\"\" srcset=\"https:\/\/www.inet.edu.ar\/wp-content\/uploads\/2016\/07\/IMG-20160712-WA0004-240x180.jpg 240w, https:\/\/www.inet.edu.ar\/wp-content\/uploads\/2016\/07\/IMG-20160712-WA0004-768x576.jpg 768w, https:\/\/www.inet.edu.ar\/wp-content\/uploads\/2016\/07\/IMG-20160712-WA0004-468x351.jpg 468w, https:\/\/www.inet.edu.ar\/wp-content\/uploads\/2016\/07\/IMG-20160712-WA0004.jpg 1280w\" sizes=\"auto, (max-width: 240px) 100vw, 240px\" \/><\/a>\n\t\t\t<\/dt><\/dl><dl class='gallery-item'>\n\t\t\t<dt class='gallery-icon portrait'>\n\t\t\t\t<a href='https:\/\/www.inet.edu.ar\/index.php\/entrega-de-certificados-en-aula-taller-movil-de-santa-cruz\/img-20160712-wa0008\/#main'><img loading=\"lazy\" decoding=\"async\" width=\"240\" height=\"320\" src=\"https:\/\/www.inet.edu.ar\/wp-content\/uploads\/2016\/07\/IMG-20160712-WA0008-240x320.jpg\" class=\"attachment-medium size-medium\" alt=\"\" srcset=\"https:\/\/www.inet.edu.ar\/wp-content\/uploads\/2016\/07\/IMG-20160712-WA0008-240x320.jpg 240w, https:\/\/www.inet.edu.ar\/wp-content\/uploads\/2016\/07\/IMG-20160712-WA0008-768x1024.jpg 768w, https:\/\/www.inet.edu.ar\/wp-content\/uploads\/2016\/07\/IMG-20160712-WA0008-468x624.jpg 468w, https:\/\/www.inet.edu.ar\/wp-content\/uploads\/2016\/07\/IMG-20160712-WA0008.jpg 960w\" sizes=\"auto, (max-width: 240px) 100vw, 240px\" \/><\/a>\n\t\t\t<\/dt><\/dl><br style=\"clear: both\" \/>\n\t\t<\/div>\n\n","protected":false},"excerpt":{"rendered":"<p>El Calafate Las Aulas Talleres M\u00f3viles son estructuras transportables que, mediante un sistema de rotaci\u00f3n interna en cada provincia, se instalan en zonas de acceso limitado para brindar cursos de Formaci\u00f3n Profesional y Capacitaci\u00f3n laboral a los habitantes de la zona. Ayer, lunes 11 de julio, se realiz\u00f3 una entrega de certificados de los cursos [&hellip;]<\/p>\n","protected":false},"author":7,"featured_media":13355,"comment_status":"closed","ping_status":"open","sticky":false,"template":"","format":"standard","meta":{"footnotes":""},"categories":[1,14],"tags":[70],"class_list":["post-13351","post","type-post","status-publish","format-standard","has-post-thumbnail","hentry","category-noticias","category-noticias-fijas","tag-aulas-talleres-moviles"],"_links":{"self":[{"href":"https:\/\/www.inet.edu.ar\/index.php\/wp-json\/wp\/v2\/posts\/13351","targetHints":{"allow":["GET"]}}],"collection":[{"href":"https:\/\/www.inet.edu.ar\/index.php\/wp-json\/wp\/v2\/posts"}],"about":[{"href":"https:\/\/www.inet.edu.ar\/index.php\/wp-json\/wp\/v2\/types\/post"}],"author":[{"embeddable":true,"href":"https:\/\/www.inet.edu.ar\/index.php\/wp-json\/wp\/v2\/users\/7"}],"replies":[{"embeddable":true,"href":"https:\/\/www.inet.edu.ar\/index.php\/wp-json\/wp\/v2\/comments?post=13351"}],"version-history":[{"count":4,"href":"https:\/\/www.inet.edu.ar\/index.php\/wp-json\/wp\/v2\/posts\/13351\/revisions"}],"predecessor-version":[{"id":13359,"href":"https:\/\/www.inet.edu.ar\/index.php\/wp-json\/wp\/v2\/posts\/13351\/revisions\/13359"}],"wp:featuredmedia":[{"embeddable":true,"href":"https:\/\/www.inet.edu.ar\/index.php\/wp-json\/wp\/v2\/media\/13355"}],"wp:attachment":[{"href":"https:\/\/www.inet.edu.ar\/index.php\/wp-json\/wp\/v2\/media?parent=13351"}],"wp:term":[{"taxonomy":"category","embeddable":true,"href":"https:\/\/www.inet.edu.ar\/index.php\/wp-json\/wp\/v2\/categories?post=13351"},{"taxonomy":"post_tag","embeddable":true,"href":"https:\/\/www.inet.edu.ar\/index.php\/wp-json\/wp\/v2\/tags?post=13351"}],"curies":[{"name":"wp","href":"https:\/\/api.w.org\/{rel}","templated":true}]}}