{"id":13819,"date":"2016-07-28T14:53:55","date_gmt":"2016-07-28T17:53:55","guid":{"rendered":"https:\/\/www.inet.edu.ar\/?p=13819"},"modified":"2016-07-31T22:27:19","modified_gmt":"2016-08-01T01:27:19","slug":"mesa-de-innovacion-informatica-en-rio-negro","status":"publish","type":"post","link":"https:\/\/www.inet.edu.ar\/index.php\/mesa-de-innovacion-informatica-en-rio-negro\/","title":{"rendered":"Mesa de Innovaci\u00f3n Inform\u00e1tica en R\u00edo Negro"},"content":{"rendered":"<p>Cipolletti<\/p>\n<p>La demanda de talentos y perfiles t\u00e9cnicos en Inform\u00e1tica es actualmente una de las m\u00e1s importantes de nuestro pa\u00eds. Seg\u00fan el informe \u201cDemanda de Capacidades 2020\u201d, en los pr\u00f3ximos 5 a\u00f1os, esta demanda crecer\u00e1 casi un 80%. Sin embargo, en la Patagonia, las empresas que brindan <em>Servicios de software, telecomunicaciones y multimedia<\/em> representan todav\u00eda una proporci\u00f3n muy peque\u00f1a del sector socioproductivo de la zona (5%), frente, por ejemplo, a las empresas de <em>Mano de obra intensiva<\/em>.<\/p>\n<p>Es por ello que hoy, jueves 28 de julio, el INET, y el Ministerio de Educaci\u00f3n y Derechos Humanos de R\u00edo Negro (MEyDDHH) realizaron la Mesa de Innovaci\u00f3n Inform\u00e1tica en Cipoletti, junto a Samsung Electronics S.A., Cisco Systems, Microsoft, Kimberley-Clark, y Red Hat, entre otras empresas del sector que viajaron desde Buenos aires, y empresas locales.<\/p>\n<p>Abrieron el encuentro la ministra de Educaci\u00f3n y Derechos Humanos de R\u00edo Negro, M\u00f3nica Silva; el director ejecutivo del Instituto Nacional de Educaci\u00f3n Tecnol\u00f3gica (INET), Gabriel S\u00e1nchez Zinny; y el Subsecretario\u00a0de\u00a0Emprendedores\u00a0 del Ministerio de\u00a0Producci\u00f3n, Esteban\u00a0Campero; junto al intendente de Cipolletti, An\u00edbal Tortoriello; y el\u00a0referente t\u00e9cnico pol\u00edtico de la provincia ante el INET, Pablo N\u00fa\u00f1ez. Desde el INET, acompa\u00f1\u00f3\u00a0el coordinador de TICs, Alejandro Frankel.<\/p>\n<p>Estuvieron presentes Sergio \u00c1ngel, de Desarrollo de Negocios de Cisco; \u00a0Mariana Maggio, gerente de Alianzas para el Acceso Tecnol\u00f3gico de Microsoft;\u00a0Cynthia Giolito, Sr. Manager Ciudadan\u00eda Corporativa de Samsung SA; Mauro Chemor de Blink SRL; Alejandra Bujniewicz de Red Hat; y Lucas L\u00f3pez de Kimberley-Clark; entre otros.<\/p>\n<p>La ministra Silva agradeci\u00f3 la presencia de alumnos de algunas escuelas t\u00e9cnicas, y manifest\u00f3 que el evento tiene como objetivo seguir\u00a0trabajando juntos para fortalecer la educaci\u00f3n t\u00e9cnica de la\u00a0provincia.<\/p>\n<p>Nuestro director ejecutivo, Gabriel S\u00e1nchez Zinny, se mostr\u00f3 entusiasmado ante la posibilidad de mejorar las relaciones entre Naci\u00f3n, Provincia y Municipio, entre el sector p\u00fablico y el privado. Y afirm\u00f3: <em>\u00abEl avance tecnol\u00f3gico no s\u00f3lo va a requerir programadores, tambi\u00e9n m\u00e1s puestos de trabajo en todos los sectores\u00bb<\/em>.<\/p>\n<p>Durante la ma\u00f1ana, se firmaron\u00a0de Convenios de Colaboraci\u00f3n entre el INET, el MEyDDHH, con ALTEC S.E., y con\u00a0INVAP S.A.<\/p>\n<p>Por otro lado, las autoridades anunciaron obras de infraestructura para instituciones educativas t\u00e9cnicas de la provincia.<\/p>\n<p>Durante el tarde, las autoridades visitaron el Centro de Educaci\u00f3n T\u00e9cnica (CET) N\u00b0 30.<\/p>\n<p>La Mesa de innovaci\u00f3n inform\u00e1tica se realiz\u00f3 en el sal\u00f3n Roda de la C\u00e1mara Patag\u00f3nica de empresas de Autotransporte de Cargas (CAPEAC).<\/p>\n<p>&nbsp;<\/p>\n<p><strong>Noticias relacionadas<\/strong><\/p>\n<p><a href=\"https:\/\/www.inet.edu.ar\/index.php\/reunion-con-empresas-de-tecnologia-e-informatica-para-desarrollar-programa-de-capacitacion-en-el-sector\/\">\u201cReuni\u00f3n con empresas de Tecnolog\u00eda e Inform\u00e1tica para desarrollar programa de capacitaci\u00f3n en el sector\u201d<\/a><\/p>\n<p><a href=\"https:\/\/www.inet.edu.ar\/index.php\/mesa-ejecutiva-de-software-y-servicios-informaticos-en-provincia-de-buenos-aires\/\">\u201cMesa Ejecutiva de Software y Servicios Inform\u00e1ticos en Provincia de Buenos Aires\u201d\u00a0<\/a><\/p>\n<p>&nbsp;<\/p>\n<p><strong>Galer\u00eda de im\u00e1genes<\/strong><\/p>\n\n\t\t<style type=\"text\/css\">\n\t\t\t#gallery-1 {\n\t\t\t\tmargin: auto;\n\t\t\t}\n\t\t\t#gallery-1 .gallery-item {\n\t\t\t\tfloat: left;\n\t\t\t\tmargin-top: 10px;\n\t\t\t\ttext-align: center;\n\t\t\t\twidth: 33%;\n\t\t\t}\n\t\t\t#gallery-1 img {\n\t\t\t\tborder: 2px solid #cfcfcf;\n\t\t\t}\n\t\t\t#gallery-1 .gallery-caption {\n\t\t\t\tmargin-left: 0;\n\t\t\t}\n\t\t\t\/* see gallery_shortcode() in wp-includes\/media.php *\/\n\t\t<\/style>\n\t\t<div id='gallery-1' class='gallery galleryid-13819 gallery-columns-3 gallery-size-thumbnail'><dl class='gallery-item'>\n\t\t\t<dt class='gallery-icon landscape'>\n\t\t\t\t<a href='https:\/\/www.inet.edu.ar\/index.php\/mesa-de-innovacion-informatica-en-rio-negro\/mesa\/#main'><img loading=\"lazy\" decoding=\"async\" width=\"150\" height=\"100\" src=\"https:\/\/www.inet.edu.ar\/wp-content\/uploads\/2016\/07\/mesa-150x100.jpg\" class=\"attachment-thumbnail size-thumbnail\" alt=\"\" \/><\/a>\n\t\t\t<\/dt><\/dl><dl class='gallery-item'>\n\t\t\t<dt class='gallery-icon landscape'>\n\t\t\t\t<a href='https:\/\/www.inet.edu.ar\/index.php\/mesa-de-innovacion-informatica-en-rio-negro\/firma-altecc\/#main'><img loading=\"lazy\" decoding=\"async\" width=\"150\" height=\"100\" src=\"https:\/\/www.inet.edu.ar\/wp-content\/uploads\/2016\/07\/firma-altecc-150x100.jpg\" class=\"attachment-thumbnail size-thumbnail\" alt=\"\" \/><\/a>\n\t\t\t<\/dt><\/dl><dl class='gallery-item'>\n\t\t\t<dt class='gallery-icon landscape'>\n\t\t\t\t<a href='https:\/\/www.inet.edu.ar\/index.php\/mesa-de-innovacion-informatica-en-rio-negro\/firma-invap\/#main'><img loading=\"lazy\" decoding=\"async\" width=\"150\" height=\"100\" src=\"https:\/\/www.inet.edu.ar\/wp-content\/uploads\/2016\/07\/firma-invap-150x100.jpg\" class=\"attachment-thumbnail size-thumbnail\" alt=\"\" \/><\/a>\n\t\t\t<\/dt><\/dl><br style=\"clear: both\" \/>\n\t\t<\/div>\n\n<p>&nbsp;<\/p>\n","protected":false},"excerpt":{"rendered":"<p>Cipolletti La demanda de talentos y perfiles t\u00e9cnicos en Inform\u00e1tica es actualmente una de las m\u00e1s importantes de nuestro pa\u00eds. Seg\u00fan el informe \u201cDemanda de Capacidades 2020\u201d, en los pr\u00f3ximos 5 a\u00f1os, esta demanda crecer\u00e1 casi un 80%. Sin embargo, en la Patagonia, las empresas que brindan Servicios de software, telecomunicaciones y multimedia representan todav\u00eda [&hellip;]<\/p>\n","protected":false},"author":7,"featured_media":13820,"comment_status":"closed","ping_status":"open","sticky":false,"template":"","format":"standard","meta":{"footnotes":""},"categories":[1,14,13],"tags":[166,160],"class_list":["post-13819","post","type-post","status-publish","format-standard","has-post-thumbnail","hentry","category-noticias","category-noticias-fijas","category-noticias-slider","tag-innovacion-tecnologica","tag-reparo-tu-netbook"],"_links":{"self":[{"href":"https:\/\/www.inet.edu.ar\/index.php\/wp-json\/wp\/v2\/posts\/13819","targetHints":{"allow":["GET"]}}],"collection":[{"href":"https:\/\/www.inet.edu.ar\/index.php\/wp-json\/wp\/v2\/posts"}],"about":[{"href":"https:\/\/www.inet.edu.ar\/index.php\/wp-json\/wp\/v2\/types\/post"}],"author":[{"embeddable":true,"href":"https:\/\/www.inet.edu.ar\/index.php\/wp-json\/wp\/v2\/users\/7"}],"replies":[{"embeddable":true,"href":"https:\/\/www.inet.edu.ar\/index.php\/wp-json\/wp\/v2\/comments?post=13819"}],"version-history":[{"count":33,"href":"https:\/\/www.inet.edu.ar\/index.php\/wp-json\/wp\/v2\/posts\/13819\/revisions"}],"predecessor-version":[{"id":13986,"href":"https:\/\/www.inet.edu.ar\/index.php\/wp-json\/wp\/v2\/posts\/13819\/revisions\/13986"}],"wp:featuredmedia":[{"embeddable":true,"href":"https:\/\/www.inet.edu.ar\/index.php\/wp-json\/wp\/v2\/media\/13820"}],"wp:attachment":[{"href":"https:\/\/www.inet.edu.ar\/index.php\/wp-json\/wp\/v2\/media?parent=13819"}],"wp:term":[{"taxonomy":"category","embeddable":true,"href":"https:\/\/www.inet.edu.ar\/index.php\/wp-json\/wp\/v2\/categories?post=13819"},{"taxonomy":"post_tag","embeddable":true,"href":"https:\/\/www.inet.edu.ar\/index.php\/wp-json\/wp\/v2\/tags?post=13819"}],"curies":[{"name":"wp","href":"https:\/\/api.w.org\/{rel}","templated":true}]}}