{"id":13848,"date":"2016-07-28T16:08:17","date_gmt":"2016-07-28T19:08:17","guid":{"rendered":"https:\/\/www.inet.edu.ar\/?p=13848"},"modified":"2016-07-29T15:48:38","modified_gmt":"2016-07-29T18:48:38","slug":"se-fortalece-la-etp-en-rio-negro-en-un-trabajo-conjunto-entre-nacion-provincia-y-el-municipio-de-cipolletti","status":"publish","type":"post","link":"https:\/\/www.inet.edu.ar\/index.php\/se-fortalece-la-etp-en-rio-negro-en-un-trabajo-conjunto-entre-nacion-provincia-y-el-municipio-de-cipolletti\/","title":{"rendered":"Se fortalece la ETP en R\u00edo Negro en un trabajo conjunto entre Naci\u00f3n, Provincia y el Municipio de Cipolletti"},"content":{"rendered":"<p>Hoy estuvimos en Cipolletti, R\u00edo Negro, visitando instituciones, realizando anuncios y poniendo en marcha programas para el fortalecimiento de la Educaci\u00f3n T\u00e9cnico Profesional en un trabajo conjunto entre Naci\u00f3n, Provincia y Municipio.<\/p>\n<p>Todas las actividades se realizaron en el marco de la <a href=\"https:\/\/www.inet.edu.ar\/index.php\/mesa-de-innovacion-informatica-en-rio-negro\/\">Mesa de\u00a0Innovaci\u00f3n Inform\u00e1tica<\/a> que se realiz\u00f3\u00a0en la C\u00e1mara Patag\u00f3nica de empresas de Autotransporte de Cargas (CAPEAC), de la que participaron\u00a0la ministra de Educaci\u00f3n y Derechos Humanos de R\u00edo Negro, M\u00f3nica Silva; el director ejecutivo del Instituto Nacional de Educaci\u00f3n Tecnol\u00f3gica (INET), Gabriel S\u00e1nchez Zinny; y el Subsecretario\u00a0de\u00a0Emprendedores del Ministerio de\u00a0Producci\u00f3n, Esteban\u00a0Campero; junto al intendente de Cipolletti, An\u00edbal Tortoriello; y el\u00a0referente t\u00e9cnico pol\u00edtico de la provincia ante el INET, Pablo N\u00fa\u00f1ez. Acompa\u00f1\u00f3\u00a0el coordinador de TICs, Alejandro Frankel.<\/p>\n<p>Durante la tarde, las autoridades visitaron el Centro de Educaci\u00f3n T\u00e9cnica (CET) N\u00b0 30, que se transform\u00f3 en una instituci\u00f3n de la modalidad\u00a0gracias a una propuesta de la cartera educativa provincial. El CET participa en el programa\u00a0\u201cReparo tu netbook\u201d (para que estudiantes de escuelas t\u00e9cnicas reparen netbooks de Conectar Igualdad) ya que se constituir\u00e1 como un centro de reparaci\u00f3n (CER). <em>\u00abDesde el INET, queremos mejorar las pr\u00e1cticas y la empleabilidad de alumnos y egresados de escuelas t\u00e9cnicas\u00bb<\/em>, asegur\u00f3 nuestro director ejecutivo.<\/p>\n<p>Por su parte, el Subsecretario Esteban Campero manifest\u00f3 que desde el\u00a0<a class=\"account-group js-account-group js-action-profile js-user-profile-link js-nav\" href=\"https:\/\/twitter.com\/esteban_campero\" data-user-id=\"51867607\">\u200f<\/a>Ministerio de\u00a0Producci\u00f3n se acompa\u00f1ar\u00e1 a los estudiantes en el programa\u00a0con capacitaci\u00f3n, asistencia t\u00e9cnica y financiamiento para acompa\u00f1ar\u00a0a\u00a0emprendedores a trav\u00e9s del denominado <a href=\"http:\/\/www.produccion.gob.ar\/fondo-semilla-abrio-la-inscripcion-para-fortalecer-emprendimientos-en-su-etapa-inicial\/\">\u00abFondo Semilla\u00bb<\/a>. <em>\u00ab\u00c9sta es una excelente iniciativa, de acercar empresas, sectores del conocimiento a las escuelas t\u00e9cnicas de la comunidad. Creo que es muy importante ir a las provincias, escuchar, ponerse en los zapatos del otro, y pensar pol\u00edticas activas para futuros emprendedores\u00bb.<\/em><\/p>\n<p>El CET 30 es una de las instituciones que ser\u00e1 beneficiada con una obra de infraestructura -entre otras que se realizar\u00e1n en la provincia.<\/p>\n<p>Asimismo, se anunci\u00f3 la puesta en marcha del programa de Cisco System en R\u00edo Negro para integrar a centros de Formaci\u00f3n Profesional como sedes para impartir capacitaciones.<\/p>\n<div class=\"stream-item-header\"><\/div>\n<p><strong>Noticias relacionadas<\/strong><\/p>\n<p class=\"entry-title\"><a href=\"https:\/\/www.inet.edu.ar\/index.php\/mesa-de-innovacion-informatica-en-rio-negro\/\">\u00abMesa de Innovaci\u00f3n Inform\u00e1tica en R\u00edo Negro\u00bb<\/a><\/p>\n<p><a href=\"https:\/\/www.inet.edu.ar\/index.php\/reparo-tu-netbook-primeras-jornadas-de-capacitacion-para-que-alumnos-de-escuelas-tecnicas-reparen-netbooks\/\">\u201cReparo tu netbook\u201d: Primeras jornadas de capacitaci\u00f3n para que alumnos de escuelas t\u00e9cnicas reparen netbooks\u201d<\/a><\/p>\n<p><a href=\"https:\/\/www.inet.edu.ar\/index.php\/realizamos-un-entrenamiento-para-instructores-junto-con-cisco-system\/\">\u201cRealizamos un entrenamiento para instructores de Formaci\u00f3n Profesional junto con Cisco System\u201d\u00a0<\/a><\/p>\n<p><a href=\"http:\/\/www.produccion.gob.ar\/fondo-semilla-abrio-la-inscripcion-para-fortalecer-emprendimientos-en-su-etapa-inicial\/\">\u00abFondo Semilla: abri\u00f3 la inscripci\u00f3n para fortalecer emprendimientos en su etapa inicial\u00bb &#8211; sitio web del Ministerio de Producci\u00f3n de la Naci\u00f3n<\/a><\/p>\n<p>&nbsp;<\/p>\n<p><strong>Galer\u00eda de im\u00e1genes<\/strong><\/p>\n\n\t\t<style type=\"text\/css\">\n\t\t\t#gallery-1 {\n\t\t\t\tmargin: auto;\n\t\t\t}\n\t\t\t#gallery-1 .gallery-item {\n\t\t\t\tfloat: left;\n\t\t\t\tmargin-top: 10px;\n\t\t\t\ttext-align: center;\n\t\t\t\twidth: 20%;\n\t\t\t}\n\t\t\t#gallery-1 img {\n\t\t\t\tborder: 2px solid #cfcfcf;\n\t\t\t}\n\t\t\t#gallery-1 .gallery-caption {\n\t\t\t\tmargin-left: 0;\n\t\t\t}\n\t\t\t\/* see gallery_shortcode() in wp-includes\/media.php *\/\n\t\t<\/style>\n\t\t<div id='gallery-1' class='gallery galleryid-13848 gallery-columns-5 gallery-size-thumbnail'><dl class='gallery-item'>\n\t\t\t<dt class='gallery-icon landscape'>\n\t\t\t\t<a href='https:\/\/www.inet.edu.ar\/index.php\/mesa-de-innovacion-informatica-en-rio-negro\/docentes-cet-30\/#main'><img loading=\"lazy\" decoding=\"async\" width=\"150\" height=\"100\" src=\"https:\/\/www.inet.edu.ar\/wp-content\/uploads\/2016\/07\/docentes-cet-30-150x100.jpg\" class=\"attachment-thumbnail size-thumbnail\" alt=\"\" \/><\/a>\n\t\t\t<\/dt><\/dl><dl class='gallery-item'>\n\t\t\t<dt class='gallery-icon landscape'>\n\t\t\t\t<a href='https:\/\/www.inet.edu.ar\/index.php\/mesa-de-innovacion-informatica-en-rio-negro\/cet-30-cipolletti\/#main'><img loading=\"lazy\" decoding=\"async\" width=\"150\" height=\"100\" src=\"https:\/\/www.inet.edu.ar\/wp-content\/uploads\/2016\/07\/cet-30-cipolletti-150x100.jpg\" class=\"attachment-thumbnail size-thumbnail\" alt=\"\" \/><\/a>\n\t\t\t<\/dt><\/dl><dl class='gallery-item'>\n\t\t\t<dt class='gallery-icon landscape'>\n\t\t\t\t<a href='https:\/\/www.inet.edu.ar\/index.php\/se-fortalece-la-etp-en-rio-negro-en-un-trabajo-conjunto-entre-nacion-provincia-y-el-municipio-de-cipolletti\/escuela-2\/#main'><img loading=\"lazy\" decoding=\"async\" width=\"150\" height=\"100\" src=\"https:\/\/www.inet.edu.ar\/wp-content\/uploads\/2016\/07\/escuela-150x100.jpg\" class=\"attachment-thumbnail size-thumbnail\" alt=\"\" \/><\/a>\n\t\t\t<\/dt><\/dl><dl class='gallery-item'>\n\t\t\t<dt class='gallery-icon landscape'>\n\t\t\t\t<a href='https:\/\/www.inet.edu.ar\/index.php\/se-fortalece-la-etp-en-rio-negro-en-un-trabajo-conjunto-entre-nacion-provincia-y-el-municipio-de-cipolletti\/fin\/#main'><img loading=\"lazy\" decoding=\"async\" width=\"150\" height=\"100\" src=\"https:\/\/www.inet.edu.ar\/wp-content\/uploads\/2016\/07\/fin-150x100.jpg\" class=\"attachment-thumbnail size-thumbnail\" alt=\"\" \/><\/a>\n\t\t\t<\/dt><\/dl><dl class='gallery-item'>\n\t\t\t<dt class='gallery-icon landscape'>\n\t\t\t\t<a href='https:\/\/www.inet.edu.ar\/index.php\/se-fortalece-la-etp-en-rio-negro-en-un-trabajo-conjunto-entre-nacion-provincia-y-el-municipio-de-cipolletti\/reparo-2\/#main'><img loading=\"lazy\" decoding=\"async\" width=\"150\" height=\"100\" src=\"https:\/\/www.inet.edu.ar\/wp-content\/uploads\/2016\/07\/reparo-1-150x100.jpg\" class=\"attachment-thumbnail size-thumbnail\" alt=\"\" \/><\/a>\n\t\t\t<\/dt><\/dl><br style=\"clear: both\" \/>\n\t\t<\/div>\n\n","protected":false},"excerpt":{"rendered":"<p>Hoy estuvimos en Cipolletti, R\u00edo Negro, visitando instituciones, realizando anuncios y poniendo en marcha programas para el fortalecimiento de la Educaci\u00f3n T\u00e9cnico Profesional en un trabajo conjunto entre Naci\u00f3n, Provincia y Municipio. Todas las actividades se realizaron en el marco de la Mesa de\u00a0Innovaci\u00f3n Inform\u00e1tica que se realiz\u00f3\u00a0en la C\u00e1mara Patag\u00f3nica de empresas de Autotransporte [&hellip;]<\/p>\n","protected":false},"author":7,"featured_media":13854,"comment_status":"closed","ping_status":"open","sticky":false,"template":"","format":"standard","meta":{"footnotes":""},"categories":[14,13],"tags":[146,167,166,160],"class_list":["post-13848","post","type-post","status-publish","format-standard","has-post-thumbnail","hentry","category-noticias-fijas","category-noticias-slider","tag-emprendedorismo","tag-fondo-semilla","tag-innovacion-tecnologica","tag-reparo-tu-netbook"],"_links":{"self":[{"href":"https:\/\/www.inet.edu.ar\/index.php\/wp-json\/wp\/v2\/posts\/13848","targetHints":{"allow":["GET"]}}],"collection":[{"href":"https:\/\/www.inet.edu.ar\/index.php\/wp-json\/wp\/v2\/posts"}],"about":[{"href":"https:\/\/www.inet.edu.ar\/index.php\/wp-json\/wp\/v2\/types\/post"}],"author":[{"embeddable":true,"href":"https:\/\/www.inet.edu.ar\/index.php\/wp-json\/wp\/v2\/users\/7"}],"replies":[{"embeddable":true,"href":"https:\/\/www.inet.edu.ar\/index.php\/wp-json\/wp\/v2\/comments?post=13848"}],"version-history":[{"count":21,"href":"https:\/\/www.inet.edu.ar\/index.php\/wp-json\/wp\/v2\/posts\/13848\/revisions"}],"predecessor-version":[{"id":13955,"href":"https:\/\/www.inet.edu.ar\/index.php\/wp-json\/wp\/v2\/posts\/13848\/revisions\/13955"}],"wp:featuredmedia":[{"embeddable":true,"href":"https:\/\/www.inet.edu.ar\/index.php\/wp-json\/wp\/v2\/media\/13854"}],"wp:attachment":[{"href":"https:\/\/www.inet.edu.ar\/index.php\/wp-json\/wp\/v2\/media?parent=13848"}],"wp:term":[{"taxonomy":"category","embeddable":true,"href":"https:\/\/www.inet.edu.ar\/index.php\/wp-json\/wp\/v2\/categories?post=13848"},{"taxonomy":"post_tag","embeddable":true,"href":"https:\/\/www.inet.edu.ar\/index.php\/wp-json\/wp\/v2\/tags?post=13848"}],"curies":[{"name":"wp","href":"https:\/\/api.w.org\/{rel}","templated":true}]}}