{"id":14324,"date":"2016-08-05T15:51:42","date_gmt":"2016-08-05T18:51:42","guid":{"rendered":"https:\/\/www.inet.edu.ar\/?p=14324"},"modified":"2016-08-05T17:33:21","modified_gmt":"2016-08-05T20:33:21","slug":"seminario-internacional-educacion-tecnica-y-formacion-profesional-en-america-latina","status":"publish","type":"post","link":"https:\/\/www.inet.edu.ar\/index.php\/seminario-internacional-educacion-tecnica-y-formacion-profesional-en-america-latina\/","title":{"rendered":"Seminario Internacional: Educaci\u00f3n T\u00e9cnica y Formaci\u00f3n Profesional en Am\u00e9rica Latina"},"content":{"rendered":"<p style=\"text-align: center;\"><em>Organizado por el Ministerio de Educaci\u00f3n y Deportes, la Cooperaci\u00f3n Andina de Fomento (CAF), y la organizaci\u00f3n El Di\u00e1logo Interamericano<\/em><\/p>\n<p>Con el objetivo de discutir e intercambiar ideas acerca de los programas y desaf\u00edos de la Educaci\u00f3n T\u00e9cnica y Formaci\u00f3n Profesional en Latinoam\u00e9rica, el <strong>jueves 11 de agosto<\/strong> se realizar\u00e1 un Seminario Internacional que reunir\u00e1 a referentes nacionales e internacionales de la modalidad, representantes de c\u00e1maras empresariales y sindicales, y expertos en la tem\u00e1tica. El encuentro se realizar\u00e1 en la<strong> sede del INET<\/strong>,\u00a0a partir de las 9 am.<\/p>\n<p>La apertura estar\u00e1 a cargo del ministro de Educaci\u00f3n y Deportes de la Naci\u00f3n, Esteban Bullrich, junto al director de\u00a0la Cooperaci\u00f3n Andina de Fomento\u00a0(CAF-Development Bank of Latin America), Rub\u00e9n Ram\u00edrez.<\/p>\n<p>El Seminario se dividir\u00e1 en dos paneles:\u00a0<em>\u201cEl desarrollo de habilidades para el empleo en Am\u00e9rica Latina: El reto de la productividad y la pertinencia\u201dy<\/em> <em>\u201cProgramas y Desaf\u00edos de la Educaci\u00f3n T\u00e9cnica y Formaci\u00f3n Profesional en la Regi\u00f3n\u201d.\u00a0<\/em><\/p>\n<p><a href=\"https:\/\/www.inet.edu.ar\/wp-content\/uploads\/2016\/08\/Seminario-Internacional-agenda-.pdf\">Agenda\u00a0<\/a><\/p>\n<p><a href=\"https:\/\/docs.google.com\/forms\/d\/e\/1FAIpQLScfyjSQtwgE14WW2OlbuwlvMAu9ptpvYgmr071AXyLels3tBg\/viewform?c=0&amp;w=1\">Formulario de inscripci\u00f3n<\/a><\/p>\n","protected":false},"excerpt":{"rendered":"<p>Organizado por el Ministerio de Educaci\u00f3n y Deportes, la Cooperaci\u00f3n Andina de Fomento (CAF), y la organizaci\u00f3n El Di\u00e1logo Interamericano Con el objetivo de discutir e intercambiar ideas acerca de los programas y desaf\u00edos de la Educaci\u00f3n T\u00e9cnica y Formaci\u00f3n Profesional en Latinoam\u00e9rica, el jueves 11 de agosto se realizar\u00e1 un Seminario Internacional que reunir\u00e1 [&hellip;]<\/p>\n","protected":false},"author":7,"featured_media":14331,"comment_status":"closed","ping_status":"open","sticky":false,"template":"","format":"standard","meta":{"footnotes":""},"categories":[13],"tags":[169],"class_list":["post-14324","post","type-post","status-publish","format-standard","has-post-thumbnail","hentry","category-noticias-slider","tag-seminario-internacional-educacion-tecnica-y-formacion-profesional-en-america-latina"],"_links":{"self":[{"href":"https:\/\/www.inet.edu.ar\/index.php\/wp-json\/wp\/v2\/posts\/14324","targetHints":{"allow":["GET"]}}],"collection":[{"href":"https:\/\/www.inet.edu.ar\/index.php\/wp-json\/wp\/v2\/posts"}],"about":[{"href":"https:\/\/www.inet.edu.ar\/index.php\/wp-json\/wp\/v2\/types\/post"}],"author":[{"embeddable":true,"href":"https:\/\/www.inet.edu.ar\/index.php\/wp-json\/wp\/v2\/users\/7"}],"replies":[{"embeddable":true,"href":"https:\/\/www.inet.edu.ar\/index.php\/wp-json\/wp\/v2\/comments?post=14324"}],"version-history":[{"count":7,"href":"https:\/\/www.inet.edu.ar\/index.php\/wp-json\/wp\/v2\/posts\/14324\/revisions"}],"predecessor-version":[{"id":14337,"href":"https:\/\/www.inet.edu.ar\/index.php\/wp-json\/wp\/v2\/posts\/14324\/revisions\/14337"}],"wp:featuredmedia":[{"embeddable":true,"href":"https:\/\/www.inet.edu.ar\/index.php\/wp-json\/wp\/v2\/media\/14331"}],"wp:attachment":[{"href":"https:\/\/www.inet.edu.ar\/index.php\/wp-json\/wp\/v2\/media?parent=14324"}],"wp:term":[{"taxonomy":"category","embeddable":true,"href":"https:\/\/www.inet.edu.ar\/index.php\/wp-json\/wp\/v2\/categories?post=14324"},{"taxonomy":"post_tag","embeddable":true,"href":"https:\/\/www.inet.edu.ar\/index.php\/wp-json\/wp\/v2\/tags?post=14324"}],"curies":[{"name":"wp","href":"https:\/\/api.w.org\/{rel}","templated":true}]}}