{"id":14336,"date":"2016-08-05T17:49:38","date_gmt":"2016-08-05T20:49:38","guid":{"rendered":"https:\/\/www.inet.edu.ar\/?p=14336"},"modified":"2016-08-05T17:49:38","modified_gmt":"2016-08-05T20:49:38","slug":"programa-el-estado-en-tu-barrio-en-lanus-acercando-soluciones-a-los-vecinos-bonaerenses","status":"publish","type":"post","link":"https:\/\/www.inet.edu.ar\/index.php\/programa-el-estado-en-tu-barrio-en-lanus-acercando-soluciones-a-los-vecinos-bonaerenses\/","title":{"rendered":"Programa \u00abEl Estado en tu barrio\u00bb en Lan\u00fas: acercando soluciones a los vecinos bonaerenses"},"content":{"rendered":"<p>Villa Jard\u00edn, Lan\u00fas Oeste<\/p>\n<p>Participamos hoy del\u00a0programa \u201cEl Estado en tu barrio\u201d a\u00a0trav\u00e9s de un aula taller instalada en Villa Jard\u00edn. Estuvieron presentes la vicepresidenta, Gabriela Michetti; la gobernadora de Provincia de Buenos Aires, Mar\u00eda Eugenia Vidal; la ministra de Desarrollo Social, Carolina Stanley; y\u00a0el jefe de Gabinete, Marcos Pe\u00f1a. Particip\u00f3 tambi\u00e9n\u00a0el intendente del Municipio, N\u00e9stor Grindetti.<\/p>\n<p>El objetivo del programa es garantizar el acceso a los servicios y prestaciones del Estado a los sectores m\u00e1s vulnerables. \u00a0La iniciativa promueve un abordaje conjunto entre diversas dependencias de Naci\u00f3n, la Provincia y los municipios con el fin de articular una red de contenci\u00f3n social.<\/p>\n<p>En el d\u00eda de hoy, entregamos libros y difundimos nuestros programas de terminalidad de estudios &#8211;<a href=\"https:\/\/www.inet.edu.ar\/index.php\/niveles-educativos\/educacion-secundaria-tecnica\/finestec\/\">FinEsTec<\/a>&#8211; y cursos de capacitaci\u00f3n.<\/p>\n<p><strong>Acerca del programa \u201cEl Estado en tu barrio\u201d<\/strong><\/p>\n<p>El programa ofrece a los vecinos asistencia m\u00e9dica (cl\u00ednica, pedi\u00e1trica, odontol\u00f3gica y vacunaci\u00f3n), adem\u00e1s de brindar informaci\u00f3n sobre la prevenci\u00f3n de adicciones o enfermedades y capacitaci\u00f3n para primeros auxilios y tareas de emergencia como la reanimaci\u00f3n cardiopulmonar (RCP).\u00a0Contempla tambi\u00e9n la posibilidad de realizar tr\u00e1mites de documentaci\u00f3n con representantes del Registro Nacional de las Personas (Renaper) y del registro provincial, y consultas a trav\u00e9s de la ANSES sobre prestaciones como la Asignaci\u00f3n Universal y los programas Progresar, Hogar y Ayuda Escolar. \u00a0Asimismo, se pueden efectuar tr\u00e1mites de jubilaciones y pensiones, solicitar medicamentos a cargo del PAMI, gestionar la tarifa social para el consumo de agua corriente, gas y electricidad y para el transporte p\u00fablico, a trav\u00e9s de la SUBE, y la garrafa social, entre otros beneficios.\u00a0El Ministerio de Trabajo brinda asesoramiento sobre la existencia y los requisitos necesarios para acceder a programas de empleo y formaci\u00f3n profesional.\u00a0En materia de justicia, se prev\u00e9 la asistencia a las v\u00edctimas y contenci\u00f3n por parte de abogados, psic\u00f3logos y trabajadores sociales.<\/p>\n<div id=\"jm-allpage\" class=\"nofluid\"><\/div>\n<p><strong>Enlaces de inter\u00e9s<\/strong><\/p>\n<p><a href=\"https:\/\/www.inet.edu.ar\/index.php\/el-estado-en-tu-barrio-trabajo-interministerial-para-acercar-soluciones-a-los-vecinos\/\">\u00abEl Estado en tu barrio: Trabajo interministerial para acercar soluciones a los vecinos\u00bb- sitio web del INET<\/a><\/p>\n<p><a href=\"http:\/\/www.casarosada.gob.ar\/informacion\/actividad-oficial\/9-noticias\/36834-el-programa-el-estado-en-tu-barrio-estuvo-en-los-partidos-bonaerenses-de-lomas-de-zamora-y-almirante-brown\">\u201cEl programa \u201cEl Estado en tu barrio\u201d estuvo en Lomas de Zamora y Almirante Brown\u201d -sitio web de Casa Rosada<\/a><\/p>\n<p><a href=\"http:\/\/www.desarrollosocial.gba.gov.ar\/ElEstadoEnTuBarrio\">\u201cEl Estado en tu barrio\u201d -sitio web Ministerio de Desarrollo del gobierno de la Provincia de Buenos Aires<\/a><\/p>\n<p>&nbsp;<\/p>\n<p><strong>Galer\u00eda de im\u00e1genes<\/strong><\/p>\n\n\t\t<style type=\"text\/css\">\n\t\t\t#gallery-1 {\n\t\t\t\tmargin: auto;\n\t\t\t}\n\t\t\t#gallery-1 .gallery-item {\n\t\t\t\tfloat: left;\n\t\t\t\tmargin-top: 10px;\n\t\t\t\ttext-align: center;\n\t\t\t\twidth: 33%;\n\t\t\t}\n\t\t\t#gallery-1 img {\n\t\t\t\tborder: 2px solid #cfcfcf;\n\t\t\t}\n\t\t\t#gallery-1 .gallery-caption {\n\t\t\t\tmargin-left: 0;\n\t\t\t}\n\t\t\t\/* see gallery_shortcode() in wp-includes\/media.php *\/\n\t\t<\/style>\n\t\t<div id='gallery-1' class='gallery galleryid-14336 gallery-columns-3 gallery-size-thumbnail'><dl class='gallery-item'>\n\t\t\t<dt class='gallery-icon landscape'>\n\t\t\t\t<a href='https:\/\/www.inet.edu.ar\/index.php\/programa-el-estado-en-tu-barrio-en-lanus-acercando-soluciones-a-los-vecinos-bonaerenses\/img-20160805-wa0035\/#main'><img loading=\"lazy\" decoding=\"async\" width=\"150\" height=\"100\" src=\"https:\/\/www.inet.edu.ar\/wp-content\/uploads\/2016\/08\/IMG-20160805-WA0035-150x100.jpg\" class=\"attachment-thumbnail size-thumbnail\" alt=\"\" \/><\/a>\n\t\t\t<\/dt><\/dl><dl class='gallery-item'>\n\t\t\t<dt class='gallery-icon landscape'>\n\t\t\t\t<a href='https:\/\/www.inet.edu.ar\/index.php\/programa-el-estado-en-tu-barrio-en-lanus-acercando-soluciones-a-los-vecinos-bonaerenses\/img-20160805-wa0039\/#main'><img loading=\"lazy\" decoding=\"async\" width=\"150\" height=\"100\" src=\"https:\/\/www.inet.edu.ar\/wp-content\/uploads\/2016\/08\/IMG-20160805-WA0039-150x100.jpg\" class=\"attachment-thumbnail size-thumbnail\" alt=\"\" \/><\/a>\n\t\t\t<\/dt><\/dl><dl class='gallery-item'>\n\t\t\t<dt class='gallery-icon landscape'>\n\t\t\t\t<a href='https:\/\/www.inet.edu.ar\/index.php\/programa-el-estado-en-tu-barrio-en-lanus-acercando-soluciones-a-los-vecinos-bonaerenses\/img-20160805-wa0014\/#main'><img loading=\"lazy\" decoding=\"async\" width=\"150\" height=\"100\" src=\"https:\/\/www.inet.edu.ar\/wp-content\/uploads\/2016\/08\/IMG-20160805-WA0014-150x100.jpg\" class=\"attachment-thumbnail size-thumbnail\" alt=\"\" \/><\/a>\n\t\t\t<\/dt><\/dl><br style=\"clear: both\" \/><dl class='gallery-item'>\n\t\t\t<dt class='gallery-icon landscape'>\n\t\t\t\t<a href='https:\/\/www.inet.edu.ar\/index.php\/programa-el-estado-en-tu-barrio-en-lanus-acercando-soluciones-a-los-vecinos-bonaerenses\/img-20160805-wa0035-2\/#main'><img loading=\"lazy\" decoding=\"async\" width=\"150\" height=\"100\" src=\"https:\/\/www.inet.edu.ar\/wp-content\/uploads\/2016\/08\/IMG-20160805-WA0035-1-150x100.jpg\" class=\"attachment-thumbnail size-thumbnail\" alt=\"\" \/><\/a>\n\t\t\t<\/dt><\/dl><dl class='gallery-item'>\n\t\t\t<dt class='gallery-icon landscape'>\n\t\t\t\t<a href='https:\/\/www.inet.edu.ar\/index.php\/programa-el-estado-en-tu-barrio-en-lanus-acercando-soluciones-a-los-vecinos-bonaerenses\/img-20160805-wa0031\/#main'><img loading=\"lazy\" decoding=\"async\" width=\"150\" height=\"100\" src=\"https:\/\/www.inet.edu.ar\/wp-content\/uploads\/2016\/08\/IMG-20160805-WA0031-150x100.jpg\" class=\"attachment-thumbnail size-thumbnail\" alt=\"\" \/><\/a>\n\t\t\t<\/dt><\/dl><dl class='gallery-item'>\n\t\t\t<dt class='gallery-icon landscape'>\n\t\t\t\t<a href='https:\/\/www.inet.edu.ar\/index.php\/programa-el-estado-en-tu-barrio-en-lanus-acercando-soluciones-a-los-vecinos-bonaerenses\/img-20160805-wa0007\/#main'><img loading=\"lazy\" decoding=\"async\" width=\"150\" height=\"100\" src=\"https:\/\/www.inet.edu.ar\/wp-content\/uploads\/2016\/08\/IMG-20160805-WA0007-150x100.jpg\" class=\"attachment-thumbnail size-thumbnail\" alt=\"\" \/><\/a>\n\t\t\t<\/dt><\/dl><br style=\"clear: both\" \/><dl class='gallery-item'>\n\t\t\t<dt class='gallery-icon landscape'>\n\t\t\t\t<a href='https:\/\/www.inet.edu.ar\/index.php\/programa-el-estado-en-tu-barrio-en-lanus-acercando-soluciones-a-los-vecinos-bonaerenses\/img-20160805-wa0016\/#main'><img loading=\"lazy\" decoding=\"async\" width=\"150\" height=\"100\" src=\"https:\/\/www.inet.edu.ar\/wp-content\/uploads\/2016\/08\/IMG-20160805-WA0016-150x100.jpg\" class=\"attachment-thumbnail size-thumbnail\" alt=\"\" \/><\/a>\n\t\t\t<\/dt><\/dl><dl class='gallery-item'>\n\t\t\t<dt class='gallery-icon landscape'>\n\t\t\t\t<a href='https:\/\/www.inet.edu.ar\/index.php\/programa-el-estado-en-tu-barrio-en-lanus-acercando-soluciones-a-los-vecinos-bonaerenses\/img-20160805-wa0018\/#main'><img loading=\"lazy\" decoding=\"async\" width=\"150\" height=\"100\" src=\"https:\/\/www.inet.edu.ar\/wp-content\/uploads\/2016\/08\/IMG-20160805-WA0018-150x100.jpg\" class=\"attachment-thumbnail size-thumbnail\" alt=\"\" \/><\/a>\n\t\t\t<\/dt><\/dl><dl class='gallery-item'>\n\t\t\t<dt class='gallery-icon landscape'>\n\t\t\t\t<a href='https:\/\/www.inet.edu.ar\/index.php\/programa-el-estado-en-tu-barrio-en-lanus-acercando-soluciones-a-los-vecinos-bonaerenses\/img-20160805-wa0020\/#main'><img loading=\"lazy\" decoding=\"async\" width=\"150\" height=\"100\" src=\"https:\/\/www.inet.edu.ar\/wp-content\/uploads\/2016\/08\/IMG-20160805-WA0020-150x100.jpg\" class=\"attachment-thumbnail size-thumbnail\" alt=\"\" \/><\/a>\n\t\t\t<\/dt><\/dl><br style=\"clear: both\" \/><dl class='gallery-item'>\n\t\t\t<dt class='gallery-icon landscape'>\n\t\t\t\t<a href='https:\/\/www.inet.edu.ar\/index.php\/programa-el-estado-en-tu-barrio-en-lanus-acercando-soluciones-a-los-vecinos-bonaerenses\/img-20160805-wa0022\/#main'><img loading=\"lazy\" decoding=\"async\" width=\"150\" height=\"100\" src=\"https:\/\/www.inet.edu.ar\/wp-content\/uploads\/2016\/08\/IMG-20160805-WA0022-150x100.jpg\" class=\"attachment-thumbnail size-thumbnail\" alt=\"\" \/><\/a>\n\t\t\t<\/dt><\/dl><dl class='gallery-item'>\n\t\t\t<dt class='gallery-icon landscape'>\n\t\t\t\t<a href='https:\/\/www.inet.edu.ar\/index.php\/programa-el-estado-en-tu-barrio-en-lanus-acercando-soluciones-a-los-vecinos-bonaerenses\/img-20160805-wa0024\/#main'><img loading=\"lazy\" decoding=\"async\" width=\"150\" height=\"100\" src=\"https:\/\/www.inet.edu.ar\/wp-content\/uploads\/2016\/08\/IMG-20160805-WA0024-150x100.jpg\" class=\"attachment-thumbnail size-thumbnail\" alt=\"\" \/><\/a>\n\t\t\t<\/dt><\/dl><dl class='gallery-item'>\n\t\t\t<dt class='gallery-icon landscape'>\n\t\t\t\t<a href='https:\/\/www.inet.edu.ar\/index.php\/programa-el-estado-en-tu-barrio-en-lanus-acercando-soluciones-a-los-vecinos-bonaerenses\/img-20160805-wa0025\/#main'><img loading=\"lazy\" decoding=\"async\" width=\"150\" height=\"100\" src=\"https:\/\/www.inet.edu.ar\/wp-content\/uploads\/2016\/08\/IMG-20160805-WA0025-150x100.jpg\" class=\"attachment-thumbnail size-thumbnail\" alt=\"\" \/><\/a>\n\t\t\t<\/dt><\/dl><br style=\"clear: both\" \/><dl class='gallery-item'>\n\t\t\t<dt class='gallery-icon landscape'>\n\t\t\t\t<a href='https:\/\/www.inet.edu.ar\/index.php\/programa-el-estado-en-tu-barrio-en-lanus-acercando-soluciones-a-los-vecinos-bonaerenses\/img-20160805-wa0026\/#main'><img loading=\"lazy\" decoding=\"async\" width=\"150\" height=\"100\" src=\"https:\/\/www.inet.edu.ar\/wp-content\/uploads\/2016\/08\/IMG-20160805-WA0026-150x100.jpg\" class=\"attachment-thumbnail size-thumbnail\" alt=\"\" \/><\/a>\n\t\t\t<\/dt><\/dl><dl class='gallery-item'>\n\t\t\t<dt class='gallery-icon landscape'>\n\t\t\t\t<a href='https:\/\/www.inet.edu.ar\/index.php\/programa-el-estado-en-tu-barrio-en-lanus-acercando-soluciones-a-los-vecinos-bonaerenses\/img-20160805-wa0028\/#main'><img loading=\"lazy\" decoding=\"async\" width=\"150\" height=\"100\" src=\"https:\/\/www.inet.edu.ar\/wp-content\/uploads\/2016\/08\/IMG-20160805-WA0028-150x100.jpg\" class=\"attachment-thumbnail size-thumbnail\" alt=\"\" \/><\/a>\n\t\t\t<\/dt><\/dl><dl class='gallery-item'>\n\t\t\t<dt class='gallery-icon landscape'>\n\t\t\t\t<a href='https:\/\/www.inet.edu.ar\/index.php\/programa-el-estado-en-tu-barrio-en-lanus-acercando-soluciones-a-los-vecinos-bonaerenses\/img-20160805-wa0033\/#main'><img loading=\"lazy\" decoding=\"async\" width=\"150\" height=\"100\" src=\"https:\/\/www.inet.edu.ar\/wp-content\/uploads\/2016\/08\/IMG-20160805-WA0033-150x100.jpg\" class=\"attachment-thumbnail size-thumbnail\" alt=\"\" \/><\/a>\n\t\t\t<\/dt><\/dl><br style=\"clear: both\" \/><dl class='gallery-item'>\n\t\t\t<dt class='gallery-icon landscape'>\n\t\t\t\t<a href='https:\/\/www.inet.edu.ar\/index.php\/programa-el-estado-en-tu-barrio-en-lanus-acercando-soluciones-a-los-vecinos-bonaerenses\/img-20160805-wa0037\/#main'><img loading=\"lazy\" decoding=\"async\" width=\"150\" height=\"100\" src=\"https:\/\/www.inet.edu.ar\/wp-content\/uploads\/2016\/08\/IMG-20160805-WA0037-150x100.jpg\" class=\"attachment-thumbnail size-thumbnail\" alt=\"\" \/><\/a>\n\t\t\t<\/dt><\/dl><dl class='gallery-item'>\n\t\t\t<dt class='gallery-icon landscape'>\n\t\t\t\t<a href='https:\/\/www.inet.edu.ar\/index.php\/programa-el-estado-en-tu-barrio-en-lanus-acercando-soluciones-a-los-vecinos-bonaerenses\/sin-titulo-2-9\/#main'><img loading=\"lazy\" decoding=\"async\" width=\"150\" height=\"100\" src=\"https:\/\/www.inet.edu.ar\/wp-content\/uploads\/2016\/08\/Sin-t\u00edtulo-2-150x100.jpg\" class=\"attachment-thumbnail size-thumbnail\" alt=\"\" srcset=\"https:\/\/www.inet.edu.ar\/wp-content\/uploads\/2016\/08\/Sin-t\u00edtulo-2-150x100.jpg 150w, https:\/\/www.inet.edu.ar\/wp-content\/uploads\/2016\/08\/Sin-t\u00edtulo-2-240x160.jpg 240w, https:\/\/www.inet.edu.ar\/wp-content\/uploads\/2016\/08\/Sin-t\u00edtulo-2-768x512.jpg 768w, https:\/\/www.inet.edu.ar\/wp-content\/uploads\/2016\/08\/Sin-t\u00edtulo-2-468x312.jpg 468w\" sizes=\"auto, (max-width: 150px) 100vw, 150px\" \/><\/a>\n\t\t\t<\/dt><\/dl><dl class='gallery-item'>\n\t\t\t<dt class='gallery-icon landscape'>\n\t\t\t\t<a href='https:\/\/www.inet.edu.ar\/index.php\/programa-el-estado-en-tu-barrio-en-lanus-acercando-soluciones-a-los-vecinos-bonaerenses\/img-20160805-wa0010\/#main'><img loading=\"lazy\" decoding=\"async\" width=\"150\" height=\"100\" src=\"https:\/\/www.inet.edu.ar\/wp-content\/uploads\/2016\/08\/IMG-20160805-WA0010-150x100.jpg\" class=\"attachment-thumbnail size-thumbnail\" alt=\"\" \/><\/a>\n\t\t\t<\/dt><\/dl><br style=\"clear: both\" \/>\n\t\t<\/div>\n\n<p>&nbsp;<\/p>\n","protected":false},"excerpt":{"rendered":"<p>Villa Jard\u00edn, Lan\u00fas Oeste Participamos hoy del\u00a0programa \u201cEl Estado en tu barrio\u201d a\u00a0trav\u00e9s de un aula taller instalada en Villa Jard\u00edn. Estuvieron presentes la vicepresidenta, Gabriela Michetti; la gobernadora de Provincia de Buenos Aires, Mar\u00eda Eugenia Vidal; la ministra de Desarrollo Social, Carolina Stanley; y\u00a0el jefe de Gabinete, Marcos Pe\u00f1a. Particip\u00f3 tambi\u00e9n\u00a0el intendente del Municipio, [&hellip;]<\/p>\n","protected":false},"author":7,"featured_media":14342,"comment_status":"closed","ping_status":"open","sticky":false,"template":"","format":"standard","meta":{"footnotes":""},"categories":[1,14],"tags":[],"class_list":["post-14336","post","type-post","status-publish","format-standard","has-post-thumbnail","hentry","category-noticias","category-noticias-fijas"],"_links":{"self":[{"href":"https:\/\/www.inet.edu.ar\/index.php\/wp-json\/wp\/v2\/posts\/14336","targetHints":{"allow":["GET"]}}],"collection":[{"href":"https:\/\/www.inet.edu.ar\/index.php\/wp-json\/wp\/v2\/posts"}],"about":[{"href":"https:\/\/www.inet.edu.ar\/index.php\/wp-json\/wp\/v2\/types\/post"}],"author":[{"embeddable":true,"href":"https:\/\/www.inet.edu.ar\/index.php\/wp-json\/wp\/v2\/users\/7"}],"replies":[{"embeddable":true,"href":"https:\/\/www.inet.edu.ar\/index.php\/wp-json\/wp\/v2\/comments?post=14336"}],"version-history":[{"count":6,"href":"https:\/\/www.inet.edu.ar\/index.php\/wp-json\/wp\/v2\/posts\/14336\/revisions"}],"predecessor-version":[{"id":14364,"href":"https:\/\/www.inet.edu.ar\/index.php\/wp-json\/wp\/v2\/posts\/14336\/revisions\/14364"}],"wp:featuredmedia":[{"embeddable":true,"href":"https:\/\/www.inet.edu.ar\/index.php\/wp-json\/wp\/v2\/media\/14342"}],"wp:attachment":[{"href":"https:\/\/www.inet.edu.ar\/index.php\/wp-json\/wp\/v2\/media?parent=14336"}],"wp:term":[{"taxonomy":"category","embeddable":true,"href":"https:\/\/www.inet.edu.ar\/index.php\/wp-json\/wp\/v2\/categories?post=14336"},{"taxonomy":"post_tag","embeddable":true,"href":"https:\/\/www.inet.edu.ar\/index.php\/wp-json\/wp\/v2\/tags?post=14336"}],"curies":[{"name":"wp","href":"https:\/\/api.w.org\/{rel}","templated":true}]}}