{"id":14688,"date":"2016-08-17T16:34:26","date_gmt":"2016-08-17T19:34:26","guid":{"rendered":"https:\/\/www.inet.edu.ar\/?p=14688"},"modified":"2016-08-17T16:37:10","modified_gmt":"2016-08-17T19:37:10","slug":"el-estado-en-tu-barrio-soluciones-para-los-vecinos-de-provincia-de-buenos-aires","status":"publish","type":"post","link":"https:\/\/www.inet.edu.ar\/index.php\/el-estado-en-tu-barrio-soluciones-para-los-vecinos-de-provincia-de-buenos-aires\/","title":{"rendered":"\u00abEl Estado en tu barrio\u00bb: soluciones para los vecinos de Provincia de Buenos Aires"},"content":{"rendered":"<p>Glew<\/p>\n<p>Seguimos participando del programa \u00abEl Estado en tu barrio\u00bb, que tiene como fin\u00a0garantizar el acceso a los servicios y prestaciones del Estado a los sectores m\u00e1s vulnerables. \u00a0La iniciativa promueve un abordaje conjunto entre diversas dependencias de Naci\u00f3n, la Provincia y los municipios con el fin de articular una red de contenci\u00f3n social.<\/p>\n<p>La semana pasada, estuvimos en\u00a0en el Parque Roma de la localidad bonaerense de Glew, junto a un aula taller m\u00f3vil donde se brind\u00f3 informaci\u00f3n sobre los cursos del INET a los vecinos. Adem\u00e1s, proyectamos videos para los ni\u00f1os que se acercaron.<\/p>\n<p>Anteriormente hab\u00edamos estado en Jos\u00e9 Le\u00f3n Su\u00e1rez y en Lan\u00fas. Esta semana estamos en el Municipio de Mor\u00f3n.<\/p>\n<p><strong>Acerca del programa \u201cEl Estado en tu barrio\u201d<\/strong><\/p>\n<p>El programa ofrece a los vecinos asistencia m\u00e9dica (cl\u00ednica, pedi\u00e1trica, odontol\u00f3gica y vacunaci\u00f3n), adem\u00e1s de brindar informaci\u00f3n sobre la prevenci\u00f3n de adicciones o enfermedades y capacitaci\u00f3n para primeros auxilios y tareas de emergencia como la reanimaci\u00f3n cardiopulmonar (RCP).\u00a0Contempla tambi\u00e9n la posibilidad de realizar tr\u00e1mites de documentaci\u00f3n con representantes del Registro Nacional de las Personas (Renaper) y del registro provincial, y consultas a trav\u00e9s de la ANSES sobre prestaciones como la Asignaci\u00f3n Universal y los programas Progresar, Hogar y Ayuda Escolar. \u00a0Asimismo, se pueden efectuar tr\u00e1mites de jubilaciones y pensiones, solicitar medicamentos a cargo del PAMI, gestionar la tarifa social para el consumo de agua corriente, gas y electricidad y para el transporte p\u00fablico, a trav\u00e9s de la SUBE, y la garrafa social, entre otros beneficios.\u00a0El Ministerio de Trabajo brinda asesoramiento sobre la existencia y los requisitos necesarios para acceder a programas de empleo y formaci\u00f3n profesional.\u00a0En materia de justicia, se prev\u00e9 la asistencia a las v\u00edctimas y contenci\u00f3n por parte de abogados, psic\u00f3logos y trabajadores sociales.<\/p>\n<div id=\"jm-allpage\" class=\"nofluid\">\u00a0<strong>Enlaces de inter\u00e9s<\/strong><\/div>\n<p class=\"nofluid\"><a href=\"http:\/\/www.casarosada.gob.ar\/informacion\/eventos-destacados-presi\/37000-el-programa-el-estado-en-tu-barrio-llego-a-la-localidad-bonaerense-de-glew\">\u00abEl programa \u201cEl Estado en tu barrio\u201d lleg\u00f3 a la localidad bonaerense de Glew\u00bb-sitio web de Casa Rosada<\/a><\/p>\n<p><a href=\"https:\/\/www.inet.edu.ar\/index.php\/programa-el-estado-en-tu-barrio-en-lanus-acercando-soluciones-a-los-vecinos-bonaerenses\/\">\u00abPrograma \u201cEl Estado en tu barrio\u201d en Lan\u00fas: acercando soluciones a los vecinos bonaerenses\u00bb-sitio web del INET<\/a><\/p>\n<p><a href=\"https:\/\/www.inet.edu.ar\/index.php\/el-estado-en-tu-barrio-trabajo-interministerial-para-acercar-soluciones-a-los-vecinos\/\">\u201cEl Estado en tu barrio: Trabajo interministerial para acercar soluciones a los vecinos\u201d- sitio web del INET<\/a><\/p>\n<p><strong>Galer\u00eda de im\u00e1genes<\/strong><\/p>\n\n\t\t<style type=\"text\/css\">\n\t\t\t#gallery-1 {\n\t\t\t\tmargin: auto;\n\t\t\t}\n\t\t\t#gallery-1 .gallery-item {\n\t\t\t\tfloat: left;\n\t\t\t\tmargin-top: 10px;\n\t\t\t\ttext-align: center;\n\t\t\t\twidth: 25%;\n\t\t\t}\n\t\t\t#gallery-1 img {\n\t\t\t\tborder: 2px solid #cfcfcf;\n\t\t\t}\n\t\t\t#gallery-1 .gallery-caption {\n\t\t\t\tmargin-left: 0;\n\t\t\t}\n\t\t\t\/* see gallery_shortcode() in wp-includes\/media.php *\/\n\t\t<\/style>\n\t\t<div id='gallery-1' class='gallery galleryid-14688 gallery-columns-4 gallery-size-thumbnail'><dl class='gallery-item'>\n\t\t\t<dt class='gallery-icon landscape'>\n\t\t\t\t<a href='https:\/\/www.inet.edu.ar\/index.php\/el-estado-en-tu-barrio-soluciones-para-los-vecinos-de-provincia-de-buenos-aires\/img-20160812-wa0002\/#main'><img loading=\"lazy\" decoding=\"async\" width=\"150\" height=\"100\" src=\"https:\/\/www.inet.edu.ar\/wp-content\/uploads\/2016\/08\/IMG-20160812-WA0002-150x100.jpg\" class=\"attachment-thumbnail size-thumbnail\" alt=\"\" \/><\/a>\n\t\t\t<\/dt><\/dl><dl class='gallery-item'>\n\t\t\t<dt class='gallery-icon portrait'>\n\t\t\t\t<a href='https:\/\/www.inet.edu.ar\/index.php\/el-estado-en-tu-barrio-soluciones-para-los-vecinos-de-provincia-de-buenos-aires\/img-20160812-wa0003\/#main'><img loading=\"lazy\" decoding=\"async\" width=\"150\" height=\"100\" src=\"https:\/\/www.inet.edu.ar\/wp-content\/uploads\/2016\/08\/IMG-20160812-WA0003-150x100.jpg\" class=\"attachment-thumbnail size-thumbnail\" alt=\"\" \/><\/a>\n\t\t\t<\/dt><\/dl><dl class='gallery-item'>\n\t\t\t<dt class='gallery-icon landscape'>\n\t\t\t\t<a href='https:\/\/www.inet.edu.ar\/index.php\/el-estado-en-tu-barrio-soluciones-para-los-vecinos-de-provincia-de-buenos-aires\/img-20160812-wa0004\/#main'><img loading=\"lazy\" decoding=\"async\" width=\"150\" height=\"100\" src=\"https:\/\/www.inet.edu.ar\/wp-content\/uploads\/2016\/08\/IMG-20160812-WA0004-150x100.jpg\" class=\"attachment-thumbnail size-thumbnail\" alt=\"\" \/><\/a>\n\t\t\t<\/dt><\/dl><dl class='gallery-item'>\n\t\t\t<dt class='gallery-icon landscape'>\n\t\t\t\t<a href='https:\/\/www.inet.edu.ar\/index.php\/el-estado-en-tu-barrio-soluciones-para-los-vecinos-de-provincia-de-buenos-aires\/img-20160810-wa0002\/#main'><img loading=\"lazy\" decoding=\"async\" width=\"150\" height=\"100\" src=\"https:\/\/www.inet.edu.ar\/wp-content\/uploads\/2016\/08\/IMG-20160810-WA0002-150x100.jpg\" class=\"attachment-thumbnail size-thumbnail\" alt=\"\" \/><\/a>\n\t\t\t<\/dt><\/dl><br style=\"clear: both\" \/>\n\t\t<\/div>\n\n","protected":false},"excerpt":{"rendered":"<p>Glew Seguimos participando del programa \u00abEl Estado en tu barrio\u00bb, que tiene como fin\u00a0garantizar el acceso a los servicios y prestaciones del Estado a los sectores m\u00e1s vulnerables. \u00a0La iniciativa promueve un abordaje conjunto entre diversas dependencias de Naci\u00f3n, la Provincia y los municipios con el fin de articular una red de contenci\u00f3n social. La [&hellip;]<\/p>\n","protected":false},"author":7,"featured_media":14698,"comment_status":"closed","ping_status":"open","sticky":false,"template":"","format":"standard","meta":{"footnotes":""},"categories":[1,14],"tags":[],"class_list":["post-14688","post","type-post","status-publish","format-standard","has-post-thumbnail","hentry","category-noticias","category-noticias-fijas"],"_links":{"self":[{"href":"https:\/\/www.inet.edu.ar\/index.php\/wp-json\/wp\/v2\/posts\/14688","targetHints":{"allow":["GET"]}}],"collection":[{"href":"https:\/\/www.inet.edu.ar\/index.php\/wp-json\/wp\/v2\/posts"}],"about":[{"href":"https:\/\/www.inet.edu.ar\/index.php\/wp-json\/wp\/v2\/types\/post"}],"author":[{"embeddable":true,"href":"https:\/\/www.inet.edu.ar\/index.php\/wp-json\/wp\/v2\/users\/7"}],"replies":[{"embeddable":true,"href":"https:\/\/www.inet.edu.ar\/index.php\/wp-json\/wp\/v2\/comments?post=14688"}],"version-history":[{"count":7,"href":"https:\/\/www.inet.edu.ar\/index.php\/wp-json\/wp\/v2\/posts\/14688\/revisions"}],"predecessor-version":[{"id":14700,"href":"https:\/\/www.inet.edu.ar\/index.php\/wp-json\/wp\/v2\/posts\/14688\/revisions\/14700"}],"wp:featuredmedia":[{"embeddable":true,"href":"https:\/\/www.inet.edu.ar\/index.php\/wp-json\/wp\/v2\/media\/14698"}],"wp:attachment":[{"href":"https:\/\/www.inet.edu.ar\/index.php\/wp-json\/wp\/v2\/media?parent=14688"}],"wp:term":[{"taxonomy":"category","embeddable":true,"href":"https:\/\/www.inet.edu.ar\/index.php\/wp-json\/wp\/v2\/categories?post=14688"},{"taxonomy":"post_tag","embeddable":true,"href":"https:\/\/www.inet.edu.ar\/index.php\/wp-json\/wp\/v2\/tags?post=14688"}],"curies":[{"name":"wp","href":"https:\/\/api.w.org\/{rel}","templated":true}]}}