{"id":14729,"date":"2016-08-18T15:41:14","date_gmt":"2016-08-18T18:41:14","guid":{"rendered":"https:\/\/www.inet.edu.ar\/?p=14729"},"modified":"2016-08-18T15:43:45","modified_gmt":"2016-08-18T18:43:45","slug":"educacion-y-emprendedorismo-participamos-de-san-nicolas-emprende","status":"publish","type":"post","link":"https:\/\/www.inet.edu.ar\/index.php\/educacion-y-emprendedorismo-participamos-de-san-nicolas-emprende\/","title":{"rendered":"Educaci\u00f3n y emprendedorismo: Participamos de \u00abSan Nicol\u00e1s emprende\u00bb"},"content":{"rendered":"<p>San Nicol\u00e1s de los Arroyos, Provincia de Buenos Aires<\/p>\n<p>Con el fin de seguir incluyendo el emprendedorismo en la Educaci\u00f3n T\u00e9cnico Profesional, el jueves 11 de agosto participamos del evento \u00abSan Nicol\u00e1s emprende\u00bb, iniciativa impulsada por la Municipalidad de San Nicol\u00e1s de los Arroyos en colaboraci\u00f3n con la Federaci\u00f3n de Comercio e Industria, la Nueva\u00a0Agencia de Desarrollo Econ\u00f3mico, y la UTN Facultad Regional San Nicol\u00e1s.\u00a0El evento tuvo sede en el Teatro Municipal \u00abTeatro \u201cRafael de Aguiar\u201d y cont\u00f3 con m\u00e1s de mil asistentes.<\/p>\n<p>El objetivo de la jornada fue aprender y reflexionar sobre experiencias, motivaci\u00f3n y networking para el fomento del empredendorismo y la motivaci\u00f3n.<\/p>\n<p>Entre los disertantes, estuvieron el secretario de emprendedores y PyMEs de la Naci\u00f3n, Mariano Mayer; el intendente,\u00a0Ismael Passaglia; junto a otras autoridades municipales y emprendedores en distintas campos. En representaci\u00f3n del INET particip\u00f3 la directora nacional de Asuntos Federales, Graciela Uequ\u00edn.<\/p>\n<p>El evento se dividi\u00f3 en cuatro momentos: charlas\u00a0para alumnos del \u00faltimo a\u00f1o de Secundaria; almuerzo con\u00a0empresarios y funcionarios; talleres (sobre emprendedorismo social, financiamiento, y emprendedorismo y educaci\u00f3n); y charlas destinadas a vecinos de la regi\u00f3n.<\/p>\n<p>La directora nacional de Asuntos Federales disert\u00f3 en uno de los talleres escolares -sobre emprendedorismo y educaci\u00f3n- junto a la representante de escuelas t\u00e9cnicas del distrito, Susana Doque; y el ingeniero y docente Daniel Polito.<\/p>\n<p><strong>Galer\u00eda de im\u00e1genes<\/strong><\/p>\n\n\t\t<style type=\"text\/css\">\n\t\t\t#gallery-1 {\n\t\t\t\tmargin: auto;\n\t\t\t}\n\t\t\t#gallery-1 .gallery-item {\n\t\t\t\tfloat: left;\n\t\t\t\tmargin-top: 10px;\n\t\t\t\ttext-align: center;\n\t\t\t\twidth: 33%;\n\t\t\t}\n\t\t\t#gallery-1 img {\n\t\t\t\tborder: 2px solid #cfcfcf;\n\t\t\t}\n\t\t\t#gallery-1 .gallery-caption {\n\t\t\t\tmargin-left: 0;\n\t\t\t}\n\t\t\t\/* see gallery_shortcode() in wp-includes\/media.php *\/\n\t\t<\/style>\n\t\t<div id='gallery-1' class='gallery galleryid-14729 gallery-columns-3 gallery-size-thumbnail'><dl class='gallery-item'>\n\t\t\t<dt class='gallery-icon landscape'>\n\t\t\t\t<a href='https:\/\/www.inet.edu.ar\/index.php\/educacion-y-emprendedorismo-participamos-de-san-nicolas-emprende\/img-20160811-wa0005\/#main'><img loading=\"lazy\" decoding=\"async\" width=\"150\" height=\"100\" src=\"https:\/\/www.inet.edu.ar\/wp-content\/uploads\/2016\/08\/IMG-20160811-WA0005-150x100.jpg\" class=\"attachment-thumbnail size-thumbnail\" alt=\"\" \/><\/a>\n\t\t\t<\/dt><\/dl><dl class='gallery-item'>\n\t\t\t<dt class='gallery-icon landscape'>\n\t\t\t\t<a href='https:\/\/www.inet.edu.ar\/index.php\/educacion-y-emprendedorismo-participamos-de-san-nicolas-emprende\/img-20160811-wa0006\/#main'><img loading=\"lazy\" decoding=\"async\" width=\"150\" height=\"100\" src=\"https:\/\/www.inet.edu.ar\/wp-content\/uploads\/2016\/08\/IMG-20160811-WA0006-150x100.jpg\" class=\"attachment-thumbnail size-thumbnail\" alt=\"\" srcset=\"https:\/\/www.inet.edu.ar\/wp-content\/uploads\/2016\/08\/IMG-20160811-WA0006-150x100.jpg 150w, https:\/\/www.inet.edu.ar\/wp-content\/uploads\/2016\/08\/IMG-20160811-WA0006-240x160.jpg 240w, https:\/\/www.inet.edu.ar\/wp-content\/uploads\/2016\/08\/IMG-20160811-WA0006-768x512.jpg 768w, https:\/\/www.inet.edu.ar\/wp-content\/uploads\/2016\/08\/IMG-20160811-WA0006-468x312.jpg 468w, https:\/\/www.inet.edu.ar\/wp-content\/uploads\/2016\/08\/IMG-20160811-WA0006.jpg 1280w\" sizes=\"auto, (max-width: 150px) 100vw, 150px\" \/><\/a>\n\t\t\t<\/dt><\/dl><dl class='gallery-item'>\n\t\t\t<dt class='gallery-icon landscape'>\n\t\t\t\t<a href='https:\/\/www.inet.edu.ar\/index.php\/educacion-y-emprendedorismo-participamos-de-san-nicolas-emprende\/taller-escolar\/#main'><img loading=\"lazy\" decoding=\"async\" width=\"150\" height=\"100\" src=\"https:\/\/www.inet.edu.ar\/wp-content\/uploads\/2016\/08\/taller-escolar-150x100.jpg\" class=\"attachment-thumbnail size-thumbnail\" alt=\"\" srcset=\"https:\/\/www.inet.edu.ar\/wp-content\/uploads\/2016\/08\/taller-escolar-150x100.jpg 150w, https:\/\/www.inet.edu.ar\/wp-content\/uploads\/2016\/08\/taller-escolar-240x160.jpg 240w, https:\/\/www.inet.edu.ar\/wp-content\/uploads\/2016\/08\/taller-escolar-768x512.jpg 768w, https:\/\/www.inet.edu.ar\/wp-content\/uploads\/2016\/08\/taller-escolar-468x312.jpg 468w, https:\/\/www.inet.edu.ar\/wp-content\/uploads\/2016\/08\/taller-escolar.jpg 1200w\" sizes=\"auto, (max-width: 150px) 100vw, 150px\" \/><\/a>\n\t\t\t<\/dt><\/dl><br style=\"clear: both\" \/>\n\t\t<\/div>\n\n<p>&nbsp;<\/p>\n<p>&nbsp;<\/p>\n<p>&nbsp;<\/p>\n","protected":false},"excerpt":{"rendered":"<p>San Nicol\u00e1s de los Arroyos, Provincia de Buenos Aires Con el fin de seguir incluyendo el emprendedorismo en la Educaci\u00f3n T\u00e9cnico Profesional, el jueves 11 de agosto participamos del evento \u00abSan Nicol\u00e1s emprende\u00bb, iniciativa impulsada por la Municipalidad de San Nicol\u00e1s de los Arroyos en colaboraci\u00f3n con la Federaci\u00f3n de Comercio e Industria, la Nueva\u00a0Agencia [&hellip;]<\/p>\n","protected":false},"author":7,"featured_media":14731,"comment_status":"closed","ping_status":"open","sticky":false,"template":"","format":"standard","meta":{"footnotes":""},"categories":[1,14],"tags":[],"class_list":["post-14729","post","type-post","status-publish","format-standard","has-post-thumbnail","hentry","category-noticias","category-noticias-fijas"],"_links":{"self":[{"href":"https:\/\/www.inet.edu.ar\/index.php\/wp-json\/wp\/v2\/posts\/14729","targetHints":{"allow":["GET"]}}],"collection":[{"href":"https:\/\/www.inet.edu.ar\/index.php\/wp-json\/wp\/v2\/posts"}],"about":[{"href":"https:\/\/www.inet.edu.ar\/index.php\/wp-json\/wp\/v2\/types\/post"}],"author":[{"embeddable":true,"href":"https:\/\/www.inet.edu.ar\/index.php\/wp-json\/wp\/v2\/users\/7"}],"replies":[{"embeddable":true,"href":"https:\/\/www.inet.edu.ar\/index.php\/wp-json\/wp\/v2\/comments?post=14729"}],"version-history":[{"count":9,"href":"https:\/\/www.inet.edu.ar\/index.php\/wp-json\/wp\/v2\/posts\/14729\/revisions"}],"predecessor-version":[{"id":14741,"href":"https:\/\/www.inet.edu.ar\/index.php\/wp-json\/wp\/v2\/posts\/14729\/revisions\/14741"}],"wp:featuredmedia":[{"embeddable":true,"href":"https:\/\/www.inet.edu.ar\/index.php\/wp-json\/wp\/v2\/media\/14731"}],"wp:attachment":[{"href":"https:\/\/www.inet.edu.ar\/index.php\/wp-json\/wp\/v2\/media?parent=14729"}],"wp:term":[{"taxonomy":"category","embeddable":true,"href":"https:\/\/www.inet.edu.ar\/index.php\/wp-json\/wp\/v2\/categories?post=14729"},{"taxonomy":"post_tag","embeddable":true,"href":"https:\/\/www.inet.edu.ar\/index.php\/wp-json\/wp\/v2\/tags?post=14729"}],"curies":[{"name":"wp","href":"https:\/\/api.w.org\/{rel}","templated":true}]}}