{"id":14853,"date":"2016-08-23T14:08:36","date_gmt":"2016-08-23T17:08:36","guid":{"rendered":"https:\/\/www.inet.edu.ar\/?p=14853"},"modified":"2016-08-30T16:22:00","modified_gmt":"2016-08-30T19:22:00","slug":"santa-cruz-estudiantes-en-curso-de-formacion-profesional-realizan-practicas-profesionalizantes-en-una-mina","status":"publish","type":"post","link":"https:\/\/www.inet.edu.ar\/index.php\/santa-cruz-estudiantes-en-curso-de-formacion-profesional-realizan-practicas-profesionalizantes-en-una-mina\/","title":{"rendered":"Santa Cruz: Estudiantes en curso de Formaci\u00f3n Profesional realizan pr\u00e1cticas profesionalizantes en una mina"},"content":{"rendered":"<p>Con el objetivo de vincular la Formaci\u00f3n Profesional al sector socioproductivo, alumnos de del Centro de Formaci\u00f3n y Actualizaci\u00f3n Profesional N\u00b0 5 de Perito Moreno\u00a0est\u00e1n realizando pr\u00e1cticas profesionalizantes en una mina a 80 km de la localidad.<\/p>\n<p>Se trata de alumnos\u00a0cursos de capacitaci\u00f3n laboral dictados en el marco del convenio de cooperaci\u00f3n entre\u00a0el Consejo Provincial de Educaci\u00f3n, el Ministerio de Producci\u00f3n y la empresa Minera Santa Cruz, que permitir\u00e1 la\u00a0incorporaci\u00f3n de cuarenta personas a dicha empresa: de\u00a0\u201cColaborador Minero\u201d y \u201cPerforista de Mina Subterr\u00e1nea\u201d.\u00a0Ambos cursos pretenden generar personal competente, para ocupar los puestos de trabajo que correspondan a la oferta laboral de la empresa.<\/p>\n<p>Los\u00a0estudiantes realizan una metodolog\u00eda de pr\u00e1cticas de\u00a015 d\u00edas en la mina y otros 15 en cursada.<\/p>\n<p>Las pr\u00e1cticas profesionalizantes son estrategias y actividades formativas que, como parte de la propuesta curricular, tienen como prop\u00f3sito que los estudiantes consoliden, integren y\/o ampl\u00eden las capacidades y saberes que se corresponden con el perfil profesional en el que se est\u00e1n formando. Son organizadas y coordinadas por la instituci\u00f3n educativa, se desarrollan dentro o fuera de la instituci\u00f3n y est\u00e1n referenciadas en situaciones de trabajo.<\/p>\n<p style=\"text-align: left;\">Para m\u00e1s informaci\u00f3n:<\/p>\n<ul>\n<li><a href=\"https:\/\/www.inet.edu.ar\/index.php\/niveles-educativos\/educacion-secundaria-tecnica\/practicas-profesionalizantes\/\">Pr\u00e1cticas profesionalizantes<\/a><\/li>\n<li><a title=\"Ley de Educaci\u00f3n T\u00e9cnico Profesional N\u00ba 26.058\/05\" href=\"https:\/\/www.inet.edu.ar\/normativa\/ley-de-educacion-tecnico-profesional\/\" target=\"_blank\">Ley de Educaci\u00f3n T\u00e9cnico Profesional N\u00ba 26.058\/05 (art\u00edculos 11, 15 y 16)<\/a><\/li>\n<li><a href=\"https:\/\/www.inet.edu.ar\/wp-content\/uploads\/2012\/10\/229-14_01.pdf\" target=\"_blank\">Res. CFE N\u00b0 229\/14 (Anexo 1, art\u00edculo 2.3)<\/a><\/li>\n<\/ul>\n<p><strong>Noticias relacionadas<\/strong><\/p>\n<p><a href=\"http:\/\/educatic.educacionsantacruz.gov.ar\/?p=3040\">\u00abCuarenta personas comenzaron cursos de capacitaci\u00f3n laboral que les permitir\u00e1n ingresar a Minera Santa Cruz\u00bb-sitio web de Educatic<\/a><\/p>\n<p><a href=\"https:\/\/www.inet.edu.ar\/index.php\/la-educacion-tecnico-profesional-te-acerca-al-mundo-del-trabajo\/\">\u00abLa Educaci\u00f3n T\u00e9cnico Profesional te acerca al mundo del trabajo\u00bb<\/a><\/p>\n<p><strong>Galer\u00eda de im\u00e1genes\u00a0<\/strong>(gentileza Direcci\u00f3n Provincial de Educaci\u00f3n T\u00e9cnico Profesional, Consejo Provincial de Educaci\u00f3n de Santa Cruz)<\/p>\n\n\t\t<style type=\"text\/css\">\n\t\t\t#gallery-1 {\n\t\t\t\tmargin: auto;\n\t\t\t}\n\t\t\t#gallery-1 .gallery-item {\n\t\t\t\tfloat: left;\n\t\t\t\tmargin-top: 10px;\n\t\t\t\ttext-align: center;\n\t\t\t\twidth: 50%;\n\t\t\t}\n\t\t\t#gallery-1 img {\n\t\t\t\tborder: 2px solid #cfcfcf;\n\t\t\t}\n\t\t\t#gallery-1 .gallery-caption {\n\t\t\t\tmargin-left: 0;\n\t\t\t}\n\t\t\t\/* see gallery_shortcode() in wp-includes\/media.php *\/\n\t\t<\/style>\n\t\t<div id='gallery-1' class='gallery galleryid-14853 gallery-columns-2 gallery-size-medium'><dl class='gallery-item'>\n\t\t\t<dt class='gallery-icon landscape'>\n\t\t\t\t<a href='https:\/\/www.inet.edu.ar\/index.php\/santa-cruz-estudiantes-en-curso-de-formacion-profesional-realizan-practicas-profesionalizantes-en-una-mina\/img-20160823-wa0001\/#main'><img loading=\"lazy\" decoding=\"async\" width=\"240\" height=\"144\" src=\"https:\/\/www.inet.edu.ar\/wp-content\/uploads\/2016\/08\/IMG-20160823-WA0001-240x144.jpg\" class=\"attachment-medium size-medium\" alt=\"\" srcset=\"https:\/\/www.inet.edu.ar\/wp-content\/uploads\/2016\/08\/IMG-20160823-WA0001-240x144.jpg 240w, https:\/\/www.inet.edu.ar\/wp-content\/uploads\/2016\/08\/IMG-20160823-WA0001-768x461.jpg 768w, https:\/\/www.inet.edu.ar\/wp-content\/uploads\/2016\/08\/IMG-20160823-WA0001-468x281.jpg 468w, https:\/\/www.inet.edu.ar\/wp-content\/uploads\/2016\/08\/IMG-20160823-WA0001.jpg 1024w\" sizes=\"auto, (max-width: 240px) 100vw, 240px\" \/><\/a>\n\t\t\t<\/dt><\/dl><dl class='gallery-item'>\n\t\t\t<dt class='gallery-icon landscape'>\n\t\t\t\t<a href='https:\/\/www.inet.edu.ar\/index.php\/santa-cruz-estudiantes-en-curso-de-formacion-profesional-realizan-practicas-profesionalizantes-en-una-mina\/img-20160823-wa0002\/#main'><img loading=\"lazy\" decoding=\"async\" width=\"240\" height=\"144\" src=\"https:\/\/www.inet.edu.ar\/wp-content\/uploads\/2016\/08\/IMG-20160823-WA0002-240x144.jpg\" class=\"attachment-medium size-medium\" alt=\"\" srcset=\"https:\/\/www.inet.edu.ar\/wp-content\/uploads\/2016\/08\/IMG-20160823-WA0002-240x144.jpg 240w, https:\/\/www.inet.edu.ar\/wp-content\/uploads\/2016\/08\/IMG-20160823-WA0002-768x461.jpg 768w, https:\/\/www.inet.edu.ar\/wp-content\/uploads\/2016\/08\/IMG-20160823-WA0002-468x281.jpg 468w, https:\/\/www.inet.edu.ar\/wp-content\/uploads\/2016\/08\/IMG-20160823-WA0002.jpg 1024w\" sizes=\"auto, (max-width: 240px) 100vw, 240px\" \/><\/a>\n\t\t\t<\/dt><\/dl><br style=\"clear: both\" \/><dl class='gallery-item'>\n\t\t\t<dt class='gallery-icon landscape'>\n\t\t\t\t<a href='https:\/\/www.inet.edu.ar\/index.php\/santa-cruz-estudiantes-en-curso-de-formacion-profesional-realizan-practicas-profesionalizantes-en-una-mina\/mina-3\/#main'><img loading=\"lazy\" decoding=\"async\" width=\"240\" height=\"144\" src=\"https:\/\/www.inet.edu.ar\/wp-content\/uploads\/2016\/08\/mina-3-240x144.jpg\" class=\"attachment-medium size-medium\" alt=\"\" srcset=\"https:\/\/www.inet.edu.ar\/wp-content\/uploads\/2016\/08\/mina-3-240x144.jpg 240w, https:\/\/www.inet.edu.ar\/wp-content\/uploads\/2016\/08\/mina-3-468x281.jpg 468w, https:\/\/www.inet.edu.ar\/wp-content\/uploads\/2016\/08\/mina-3.jpg 567w\" sizes=\"auto, (max-width: 240px) 100vw, 240px\" \/><\/a>\n\t\t\t<\/dt><\/dl><dl class='gallery-item'>\n\t\t\t<dt class='gallery-icon landscape'>\n\t\t\t\t<a href='https:\/\/www.inet.edu.ar\/index.php\/santa-cruz-estudiantes-en-curso-de-formacion-profesional-realizan-practicas-profesionalizantes-en-una-mina\/minera-2\/#main'><img loading=\"lazy\" decoding=\"async\" width=\"240\" height=\"144\" src=\"https:\/\/www.inet.edu.ar\/wp-content\/uploads\/2016\/08\/minera-2-240x144.jpg\" class=\"attachment-medium size-medium\" alt=\"\" srcset=\"https:\/\/www.inet.edu.ar\/wp-content\/uploads\/2016\/08\/minera-2-240x144.jpg 240w, https:\/\/www.inet.edu.ar\/wp-content\/uploads\/2016\/08\/minera-2-468x281.jpg 468w, https:\/\/www.inet.edu.ar\/wp-content\/uploads\/2016\/08\/minera-2.jpg 567w\" sizes=\"auto, (max-width: 240px) 100vw, 240px\" \/><\/a>\n\t\t\t<\/dt><\/dl><br style=\"clear: both\" \/><dl class='gallery-item'>\n\t\t\t<dt class='gallery-icon landscape'>\n\t\t\t\t<a href='https:\/\/www.inet.edu.ar\/index.php\/santa-cruz-estudiantes-en-curso-de-formacion-profesional-realizan-practicas-profesionalizantes-en-una-mina\/minera\/#main'><img loading=\"lazy\" decoding=\"async\" width=\"240\" height=\"144\" src=\"https:\/\/www.inet.edu.ar\/wp-content\/uploads\/2016\/08\/minera-240x144.jpg\" class=\"attachment-medium size-medium\" alt=\"\" srcset=\"https:\/\/www.inet.edu.ar\/wp-content\/uploads\/2016\/08\/minera-240x144.jpg 240w, https:\/\/www.inet.edu.ar\/wp-content\/uploads\/2016\/08\/minera-468x281.jpg 468w, https:\/\/www.inet.edu.ar\/wp-content\/uploads\/2016\/08\/minera.jpg 567w\" sizes=\"auto, (max-width: 240px) 100vw, 240px\" \/><\/a>\n\t\t\t<\/dt><\/dl><dl class='gallery-item'>\n\t\t\t<dt class='gallery-icon landscape'>\n\t\t\t\t<a href='https:\/\/www.inet.edu.ar\/index.php\/santa-cruz-estudiantes-en-curso-de-formacion-profesional-realizan-practicas-profesionalizantes-en-una-mina\/mina-4\/#main'><img loading=\"lazy\" decoding=\"async\" width=\"240\" height=\"144\" src=\"https:\/\/www.inet.edu.ar\/wp-content\/uploads\/2016\/08\/mina-4-240x144.jpg\" class=\"attachment-medium size-medium\" alt=\"\" srcset=\"https:\/\/www.inet.edu.ar\/wp-content\/uploads\/2016\/08\/mina-4-240x144.jpg 240w, https:\/\/www.inet.edu.ar\/wp-content\/uploads\/2016\/08\/mina-4-468x281.jpg 468w, https:\/\/www.inet.edu.ar\/wp-content\/uploads\/2016\/08\/mina-4.jpg 567w\" sizes=\"auto, (max-width: 240px) 100vw, 240px\" \/><\/a>\n\t\t\t<\/dt><\/dl><br style=\"clear: both\" \/>\n\t\t<\/div>\n\n","protected":false},"excerpt":{"rendered":"<p>Con el objetivo de vincular la Formaci\u00f3n Profesional al sector socioproductivo, alumnos de del Centro de Formaci\u00f3n y Actualizaci\u00f3n Profesional N\u00b0 5 de Perito Moreno\u00a0est\u00e1n realizando pr\u00e1cticas profesionalizantes en una mina a 80 km de la localidad. Se trata de alumnos\u00a0cursos de capacitaci\u00f3n laboral dictados en el marco del convenio de cooperaci\u00f3n entre\u00a0el Consejo Provincial [&hellip;]<\/p>\n","protected":false},"author":7,"featured_media":14855,"comment_status":"closed","ping_status":"open","sticky":false,"template":"","format":"standard","meta":{"footnotes":""},"categories":[1,14],"tags":[48,81],"class_list":["post-14853","post","type-post","status-publish","format-standard","has-post-thumbnail","hentry","category-noticias","category-noticias-fijas","tag-formacion-profesional","tag-practicas-profesionalizantes"],"_links":{"self":[{"href":"https:\/\/www.inet.edu.ar\/index.php\/wp-json\/wp\/v2\/posts\/14853","targetHints":{"allow":["GET"]}}],"collection":[{"href":"https:\/\/www.inet.edu.ar\/index.php\/wp-json\/wp\/v2\/posts"}],"about":[{"href":"https:\/\/www.inet.edu.ar\/index.php\/wp-json\/wp\/v2\/types\/post"}],"author":[{"embeddable":true,"href":"https:\/\/www.inet.edu.ar\/index.php\/wp-json\/wp\/v2\/users\/7"}],"replies":[{"embeddable":true,"href":"https:\/\/www.inet.edu.ar\/index.php\/wp-json\/wp\/v2\/comments?post=14853"}],"version-history":[{"count":16,"href":"https:\/\/www.inet.edu.ar\/index.php\/wp-json\/wp\/v2\/posts\/14853\/revisions"}],"predecessor-version":[{"id":15205,"href":"https:\/\/www.inet.edu.ar\/index.php\/wp-json\/wp\/v2\/posts\/14853\/revisions\/15205"}],"wp:featuredmedia":[{"embeddable":true,"href":"https:\/\/www.inet.edu.ar\/index.php\/wp-json\/wp\/v2\/media\/14855"}],"wp:attachment":[{"href":"https:\/\/www.inet.edu.ar\/index.php\/wp-json\/wp\/v2\/media?parent=14853"}],"wp:term":[{"taxonomy":"category","embeddable":true,"href":"https:\/\/www.inet.edu.ar\/index.php\/wp-json\/wp\/v2\/categories?post=14853"},{"taxonomy":"post_tag","embeddable":true,"href":"https:\/\/www.inet.edu.ar\/index.php\/wp-json\/wp\/v2\/tags?post=14853"}],"curies":[{"name":"wp","href":"https:\/\/api.w.org\/{rel}","templated":true}]}}