{"id":14973,"date":"2016-08-24T17:50:39","date_gmt":"2016-08-24T20:50:39","guid":{"rendered":"https:\/\/www.inet.edu.ar\/?p=14973"},"modified":"2016-08-25T16:14:43","modified_gmt":"2016-08-25T19:14:43","slug":"articulando-practicas-profesionalizantes-en-escuela-tecnica-de-provincia-de-buenos-aires","status":"publish","type":"post","link":"https:\/\/www.inet.edu.ar\/index.php\/articulando-practicas-profesionalizantes-en-escuela-tecnica-de-provincia-de-buenos-aires\/","title":{"rendered":"Articulando Pr\u00e1cticas Profesionalizantes en escuela t\u00e9cnica de Provincia de Buenos Aires"},"content":{"rendered":"<p>Conesa, partido de San Nicol\u00e1s<\/p>\n<p>En el d\u00eda de ayer visitamos instituciones de Educaci\u00f3n T\u00e9cnico Profesional\u00a0en el partido de San Nicol\u00e1s. En representaci\u00f3n del INET, viaj\u00f3 el\u00a0coordinador de Gesti\u00f3n Administrativa, Diego Taurizano, con parte de su equipo t\u00e9cnico.<\/p>\n<p>Por la ma\u00f1ana, fuimos a la Escuela T\u00e9cnica N\u00b0 1, donde nos recibi\u00f3 la directora y parte de la comunidad educativa. La instituci\u00f3n tiene una matr\u00edcula de 190 estudiantes y ofrece la especialidad Electromec\u00e1nica.<\/p>\n<p>Por la tarde, visitamos la Escuela T\u00e9cnica N\u00b0 4, que en el ciclo Superior ofrece una Tecnicatura en Gesti\u00f3n Contable. Junto a sus directivos, avanzamos para que los alumnos del \u00faltimo a\u00f1o realicen sus pr\u00e1cticas profesionalizantes en todos las instituciones educativas de la modalidad de la zona. De esta manera, asistir\u00e1n a los directores en las rendiciones y ejecuciones\u00a0a trav\u00e9s del sistema <a href=\"http:\/\/sitrared.me.gov.ar\/mePortal\">SITRARED<\/a>.<\/p>\n<p>Recordamos que las pr\u00e1cticas profesionalizantes son estrategias y actividades formativas que, como parte de la propuesta curricular, tienen como prop\u00f3sito que los estudiantes consoliden, integren y\/o ampl\u00eden las capacidades y saberes que se corresponden con el perfil profesional en el que se est\u00e1n formando. Son organizadas y coordinadas por la instituci\u00f3n educativa, se desarrollan dentro o fuera de la instituci\u00f3n y est\u00e1n referenciadas en situaciones de trabajo.<\/p>\n<p>&nbsp;<\/p>\n<p><a href=\"https:\/\/www.inet.edu.ar\/wp-content\/uploads\/2016\/08\/IMG-20160823-WA0003.jpg\"><img loading=\"lazy\" decoding=\"async\" class=\"aligncenter size-medium wp-image-14974\" src=\"https:\/\/www.inet.edu.ar\/wp-content\/uploads\/2016\/08\/IMG-20160823-WA0003-240x135.jpg\" alt=\"ET N\u00b0 4 de Conesa\" width=\"240\" height=\"135\" srcset=\"https:\/\/www.inet.edu.ar\/wp-content\/uploads\/2016\/08\/IMG-20160823-WA0003-240x135.jpg 240w, https:\/\/www.inet.edu.ar\/wp-content\/uploads\/2016\/08\/IMG-20160823-WA0003-768x431.jpg 768w, https:\/\/www.inet.edu.ar\/wp-content\/uploads\/2016\/08\/IMG-20160823-WA0003-468x263.jpg 468w, https:\/\/www.inet.edu.ar\/wp-content\/uploads\/2016\/08\/IMG-20160823-WA0003.jpg 1280w\" sizes=\"auto, (max-width: 240px) 100vw, 240px\" \/><\/a><\/p>\n<p>&nbsp;<\/p>\n","protected":false},"excerpt":{"rendered":"<p>Conesa, partido de San Nicol\u00e1s En el d\u00eda de ayer visitamos instituciones de Educaci\u00f3n T\u00e9cnico Profesional\u00a0en el partido de San Nicol\u00e1s. En representaci\u00f3n del INET, viaj\u00f3 el\u00a0coordinador de Gesti\u00f3n Administrativa, Diego Taurizano, con parte de su equipo t\u00e9cnico. Por la ma\u00f1ana, fuimos a la Escuela T\u00e9cnica N\u00b0 1, donde nos recibi\u00f3 la directora y parte [&hellip;]<\/p>\n","protected":false},"author":7,"featured_media":14974,"comment_status":"closed","ping_status":"open","sticky":false,"template":"","format":"standard","meta":{"footnotes":""},"categories":[1,14],"tags":[81],"class_list":["post-14973","post","type-post","status-publish","format-standard","has-post-thumbnail","hentry","category-noticias","category-noticias-fijas","tag-practicas-profesionalizantes"],"_links":{"self":[{"href":"https:\/\/www.inet.edu.ar\/index.php\/wp-json\/wp\/v2\/posts\/14973","targetHints":{"allow":["GET"]}}],"collection":[{"href":"https:\/\/www.inet.edu.ar\/index.php\/wp-json\/wp\/v2\/posts"}],"about":[{"href":"https:\/\/www.inet.edu.ar\/index.php\/wp-json\/wp\/v2\/types\/post"}],"author":[{"embeddable":true,"href":"https:\/\/www.inet.edu.ar\/index.php\/wp-json\/wp\/v2\/users\/7"}],"replies":[{"embeddable":true,"href":"https:\/\/www.inet.edu.ar\/index.php\/wp-json\/wp\/v2\/comments?post=14973"}],"version-history":[{"count":6,"href":"https:\/\/www.inet.edu.ar\/index.php\/wp-json\/wp\/v2\/posts\/14973\/revisions"}],"predecessor-version":[{"id":14980,"href":"https:\/\/www.inet.edu.ar\/index.php\/wp-json\/wp\/v2\/posts\/14973\/revisions\/14980"}],"wp:featuredmedia":[{"embeddable":true,"href":"https:\/\/www.inet.edu.ar\/index.php\/wp-json\/wp\/v2\/media\/14974"}],"wp:attachment":[{"href":"https:\/\/www.inet.edu.ar\/index.php\/wp-json\/wp\/v2\/media?parent=14973"}],"wp:term":[{"taxonomy":"category","embeddable":true,"href":"https:\/\/www.inet.edu.ar\/index.php\/wp-json\/wp\/v2\/categories?post=14973"},{"taxonomy":"post_tag","embeddable":true,"href":"https:\/\/www.inet.edu.ar\/index.php\/wp-json\/wp\/v2\/tags?post=14973"}],"curies":[{"name":"wp","href":"https:\/\/api.w.org\/{rel}","templated":true}]}}