{"id":14993,"date":"2016-08-25T14:19:50","date_gmt":"2016-08-25T17:19:50","guid":{"rendered":"https:\/\/www.inet.edu.ar\/?p=14993"},"modified":"2016-08-25T16:14:31","modified_gmt":"2016-08-25T19:14:31","slug":"secundarias-tecnicas-bonaerenses-realizaran-practicas-profesionalizantes-en-aerolineas-argentinas","status":"publish","type":"post","link":"https:\/\/www.inet.edu.ar\/index.php\/secundarias-tecnicas-bonaerenses-realizaran-practicas-profesionalizantes-en-aerolineas-argentinas\/","title":{"rendered":"Secundarias t\u00e9cnicas bonaerenses realizar\u00e1n pr\u00e1cticas profesionalizantes en Aerol\u00edneas Argentinas"},"content":{"rendered":"<p>El mi\u00e9rcoles 17 de agosto directivos de cuatro instituciones con especialidad en Aeron\u00e1utica y Avi\u00f3nica de la provincia de Buenos Aires firmaron el acta acuerdo para que estudiantes del \u00faltimo a\u00f1o realicen pr\u00e1cticas profesionalizantes en la Planta Industrial Ezeiza de la aerol\u00ednea de bandera. Este compromiso se dio en el marco de la alianza establecida entre Aerol\u00edneas Argentinas y el INET para colaborar en distintas iniciativas educativas en todo el pa\u00eds.<\/p>\n<p>Esta primera acci\u00f3n conjunta con escuelas bonaerenses de Aeron\u00e1utica y Avi\u00f3nica funcionar\u00e1 como prueba piloto para que en 2017 m\u00e1s estudiantes puedan realizar sus pr\u00e1cticas profesionalizantes en Aerol\u00edneas.<\/p>\n<p>Las instituciones participantes en esta primera etapa ser\u00e1n: la Escuela de Educaci\u00f3n T\u00e9cnica N\u00b0 07 \u201cTaller Regional Quilmes\u201d de Quilmes, la Escuela de Educaci\u00f3n T\u00e9cnica N\u00b0 08 \u00abJorge Newbery\u00bb de La Matanza, la\u00a0 Escuela de Educaci\u00f3n T\u00e9cnica N\u00b0 04, \u201cBrigada A\u00e9rea El Palomar\u201d de Mor\u00f3n y el Instituto Nacional de Aviaci\u00f3n \u201cINAC\u00bb, tambi\u00e9n de Mor\u00f3n.<\/p>\n<p>A partir de mediados de septiembre, veinticuatro estudiantes de los \u00faltimos a\u00f1os de estas instituciones realizar\u00e1n pr\u00e1cticas profesionalizantes afines al perfil profesional de ambas especialidades. Durante doce semanas realizar\u00e1n actividades relacionadas con el trabajo de mantenimiento de l\u00ednea y base de las aeronaves de la flota empresaria, prueba, reparaci\u00f3n y recorrida general de componentes aeron\u00e1uticos, t\u00e9cnicas especiales de inspecci\u00f3n, soporte t\u00e9cnico y de ingenier\u00eda para la operaci\u00f3n de la flota empresaria y soporte t\u00e9cnico a la producci\u00f3n, procesos y procedimientos.<\/p>\n<p><a href=\"https:\/\/www.inet.edu.ar\/wp-content\/uploads\/2016\/08\/IMG-20160824-WA0002.jpg\"><img loading=\"lazy\" decoding=\"async\" class=\"aligncenter size-medium wp-image-14995\" src=\"https:\/\/www.inet.edu.ar\/wp-content\/uploads\/2016\/08\/IMG-20160824-WA0002-240x135.jpg\" alt=\"Secundarias t\u00e9cnicas bonaerenses realizar\u00e1n pr\u00e1cticas profesionalizantes en Aerol\u00edneas Argentinas\" width=\"240\" height=\"135\" srcset=\"https:\/\/www.inet.edu.ar\/wp-content\/uploads\/2016\/08\/IMG-20160824-WA0002-240x135.jpg 240w, https:\/\/www.inet.edu.ar\/wp-content\/uploads\/2016\/08\/IMG-20160824-WA0002-768x432.jpg 768w, https:\/\/www.inet.edu.ar\/wp-content\/uploads\/2016\/08\/IMG-20160824-WA0002-468x263.jpg 468w, https:\/\/www.inet.edu.ar\/wp-content\/uploads\/2016\/08\/IMG-20160824-WA0002.jpg 1280w\" sizes=\"auto, (max-width: 240px) 100vw, 240px\" \/><\/a><\/p>\n<p>&nbsp;<\/p>\n","protected":false},"excerpt":{"rendered":"<p>El mi\u00e9rcoles 17 de agosto directivos de cuatro instituciones con especialidad en Aeron\u00e1utica y Avi\u00f3nica de la provincia de Buenos Aires firmaron el acta acuerdo para que estudiantes del \u00faltimo a\u00f1o realicen pr\u00e1cticas profesionalizantes en la Planta Industrial Ezeiza de la aerol\u00ednea de bandera. Este compromiso se dio en el marco de la alianza establecida [&hellip;]<\/p>\n","protected":false},"author":7,"featured_media":14995,"comment_status":"closed","ping_status":"open","sticky":false,"template":"","format":"standard","meta":{"footnotes":""},"categories":[1,14],"tags":[81],"class_list":["post-14993","post","type-post","status-publish","format-standard","has-post-thumbnail","hentry","category-noticias","category-noticias-fijas","tag-practicas-profesionalizantes"],"_links":{"self":[{"href":"https:\/\/www.inet.edu.ar\/index.php\/wp-json\/wp\/v2\/posts\/14993","targetHints":{"allow":["GET"]}}],"collection":[{"href":"https:\/\/www.inet.edu.ar\/index.php\/wp-json\/wp\/v2\/posts"}],"about":[{"href":"https:\/\/www.inet.edu.ar\/index.php\/wp-json\/wp\/v2\/types\/post"}],"author":[{"embeddable":true,"href":"https:\/\/www.inet.edu.ar\/index.php\/wp-json\/wp\/v2\/users\/7"}],"replies":[{"embeddable":true,"href":"https:\/\/www.inet.edu.ar\/index.php\/wp-json\/wp\/v2\/comments?post=14993"}],"version-history":[{"count":3,"href":"https:\/\/www.inet.edu.ar\/index.php\/wp-json\/wp\/v2\/posts\/14993\/revisions"}],"predecessor-version":[{"id":14997,"href":"https:\/\/www.inet.edu.ar\/index.php\/wp-json\/wp\/v2\/posts\/14993\/revisions\/14997"}],"wp:featuredmedia":[{"embeddable":true,"href":"https:\/\/www.inet.edu.ar\/index.php\/wp-json\/wp\/v2\/media\/14995"}],"wp:attachment":[{"href":"https:\/\/www.inet.edu.ar\/index.php\/wp-json\/wp\/v2\/media?parent=14993"}],"wp:term":[{"taxonomy":"category","embeddable":true,"href":"https:\/\/www.inet.edu.ar\/index.php\/wp-json\/wp\/v2\/categories?post=14993"},{"taxonomy":"post_tag","embeddable":true,"href":"https:\/\/www.inet.edu.ar\/index.php\/wp-json\/wp\/v2\/tags?post=14993"}],"curies":[{"name":"wp","href":"https:\/\/api.w.org\/{rel}","templated":true}]}}