{"id":15227,"date":"2016-08-31T16:26:29","date_gmt":"2016-08-31T19:26:29","guid":{"rendered":"https:\/\/www.inet.edu.ar\/?p=15227"},"modified":"2016-09-02T17:43:20","modified_gmt":"2016-09-02T20:43:20","slug":"convenio-entre-el-ministerio-de-educacion-y-deportes-e-instituciones-privadas-de-la-salud-sobre-formacion-de-enfermeros","status":"publish","type":"post","link":"https:\/\/www.inet.edu.ar\/index.php\/convenio-entre-el-ministerio-de-educacion-y-deportes-e-instituciones-privadas-de-la-salud-sobre-formacion-de-enfermeros\/","title":{"rendered":"Convenio entre el Ministerio de Educaci\u00f3n y Deportes, e instituciones privadas de la salud sobre formaci\u00f3n de Enfermeros"},"content":{"rendered":"<p style=\"text-align: center;\"><em>Estuvieron\u00a0presentes el ministro Esteban Bullrich, el director ejecutivo del INET, Gabriel S\u00e1nchez Zinny, y autoridades de las instituciones firmantes<\/em><\/p>\n<p>Casa Rosada<\/p>\n<p>El Ministerio de Educaci\u00f3n y Deportes, a trav\u00e9s del Instituto Nacional de Educaci\u00f3n Tecnol\u00f3gica (INET), firm\u00f3 un Convenio Marco de Colaboraci\u00f3n con Institutos M\u00e9dicos S.A., Fundaci\u00f3n Favaloro para la docencia e investigaci\u00f3n m\u00e9dica, Instituto Argentino del Diagn\u00f3stico y Tratamiento S.A., Galeno Argentina S.A., Swiss Medical S.A., Obra Social del Personal de Direcci\u00f3n Acci\u00f3n Social de Empresarios A.S.E., Centro de Educaci\u00f3n M\u00e9dica e Investigaciones Cl\u00ednicas \u201cNorberto Quirno\u201d y OMINT Sociedad An\u00f3nima de Servicios para llevar a cabo actividades conjuntas con el fin de consolidar una mejor formaci\u00f3n de los estudiantes de la carrera de Enfermer\u00eda profesional.<\/p>\n<p>El evento se realiz\u00f3 hoy\u00a0mi\u00e9rcoles 31 de agosto en el Sal\u00f3n Sur de la Casa Rosada.<\/p>\n<p>En el marco del Convenio, se realizar\u00e1n acciones tendientes a lograr mayores y mejores niveles de formaci\u00f3n; generar y\/o potenciar pr\u00e1cticas y canales de comunicaci\u00f3n que faciliten la difusi\u00f3n de la carrera de Enfermer\u00eda profesional en alumnos del secundario; y desarrollar nuevos \u00e1mbitos de pr\u00e1cticas profesionalizantes en la Tecnicatura de Enfermer\u00eda y en instituciones de Educaci\u00f3n T\u00e9cnico Profesional. Asimismo, se implementar\u00e1 una campa\u00f1a de difusi\u00f3n nacional y se realizar\u00e1 el encuentro \u201cEl futuro en la Salud\u201d y el\u00a0 \u201cTour de Inspiraci\u00f3n: el futuro de la salud\u201d con el fin de promover la carrera. Por otro lado, se organizar\u00e1n disertaciones en escuelas secundarias con directores m\u00e9dicos y\/o jefes de Enfermer\u00eda, se promover\u00e1n las pr\u00e1cticas no participantes de alumnos del \u00faltimo a\u00f1o del secundario; y se generar\u00e1n becas para los mejores promedios del secundario que quieran estudiar Enfermer\u00eda.<\/p>\n<p>Durante el encuentro, el titular de la cartera educativa nacional destac\u00f3 que \u201cformar profesionales es lo que necesitamos para seguir creciendo como Naci\u00f3n\u201d. Y agreg\u00f3 que \u201cdesde que asumimos le pedimos al gabinete un rol muy importante en la generaci\u00f3n del trabajo. Una generaci\u00f3n que sea pertinente, relevante, sustentable y demandable\u201d<\/p>\n<p>El objetivo del Convenio es dar respuesta a la creciente demanda de personal calificado en Enfermer\u00eda, y aumentar la tasa de graduaci\u00f3n y niveles de cualificaci\u00f3n profesional.<\/p>\n<p>Adem\u00e1s de las instituciones firmantes, estuvieron presentes\u00a0representantes de Cl\u00ednica Santa Isabel;\u00a0Medife; Universidad Austral; Hospital Italiano; Cl\u00ednica Modelo Mor\u00f3n; Uni\u00f3n Personal; Sanatorio Mater Dei;\u00a0Sanatorio Colegiales; Cl\u00ednica del Sagrado Coraz\u00f3n; Cl\u00ednica San Camilo; Hospital Alem\u00e1n; Swiss Medical; CEMIC; ADECRA; FEM; Galeno; entre otros.<\/p>\n<p>Este Convenio se enmarca en el Programa Nacional de Formaci\u00f3n de Enfermer\u00eda (PRONAFE), que tiene el objetivo de formar 50 mil nuevos enfermeros en los pr\u00f3ximos cuatro a\u00f1os. El PRONAFE se present\u00f3 oficialmente el jueves 11 de agosto junto al presidente de la Naci\u00f3n, Mauricio Macri; y a los ministros de Educaci\u00f3n y Deportes, y de Salud, Esteban Bullrich y Jorge Lemus.<\/p>\n<p><strong>\u00a0<\/strong><strong>Enlaces relacionados<\/strong><\/p>\n<p><a href=\"https:\/\/www.inet.edu.ar\/index.php\/junto-al-presidente-macri-lanzamos-el-programa-nacional-de-formacion-de-enfermeria-en-el-inet\/\">\u201cJunto al presidente Macri lanzamos el Programa Nacional de Formaci\u00f3n de Enfermer\u00eda en el INET\u201d<\/a><\/p>\n<p><strong>Galer\u00eda de im\u00e1genes<\/strong><\/p>\n<p>&nbsp;<\/p>\n\n\t\t<style type=\"text\/css\">\n\t\t\t#gallery-1 {\n\t\t\t\tmargin: auto;\n\t\t\t}\n\t\t\t#gallery-1 .gallery-item {\n\t\t\t\tfloat: left;\n\t\t\t\tmargin-top: 10px;\n\t\t\t\ttext-align: center;\n\t\t\t\twidth: 33%;\n\t\t\t}\n\t\t\t#gallery-1 img {\n\t\t\t\tborder: 2px solid #cfcfcf;\n\t\t\t}\n\t\t\t#gallery-1 .gallery-caption {\n\t\t\t\tmargin-left: 0;\n\t\t\t}\n\t\t\t\/* see gallery_shortcode() in wp-includes\/media.php *\/\n\t\t<\/style>\n\t\t<div id='gallery-1' class='gallery galleryid-15227 gallery-columns-3 gallery-size-thumbnail'><dl class='gallery-item'>\n\t\t\t<dt class='gallery-icon landscape'>\n\t\t\t\t<a href='https:\/\/www.inet.edu.ar\/index.php\/convenio-entre-el-ministerio-de-educacion-y-deportes-e-instituciones-privadas-de-la-salud-sobre-formacion-de-enfermeros\/convenio-entre-el-ministerio-de-educacion-y-deportes-de-la-nacion-e-instituciones-de-la-salud-sobre-formacion-de-enfermeros\/#main'><img loading=\"lazy\" decoding=\"async\" width=\"150\" height=\"100\" src=\"https:\/\/www.inet.edu.ar\/wp-content\/uploads\/2016\/08\/Convenio-entre-el-Ministerio-de-Educaci\u00f3n-y-Deportes-de-la-Naci\u00f3n-e-instituciones-de-la-salud-sobre-formaci\u00f3n-de-Enfermeros-150x100.jpg\" class=\"attachment-thumbnail size-thumbnail\" alt=\"\" \/><\/a>\n\t\t\t<\/dt><\/dl><dl class='gallery-item'>\n\t\t\t<dt class='gallery-icon landscape'>\n\t\t\t\t<a href='https:\/\/www.inet.edu.ar\/index.php\/convenio-entre-el-ministerio-de-educacion-y-deportes-e-instituciones-privadas-de-la-salud-sobre-formacion-de-enfermeros\/convenio-entre-el-ministerio-de-educacion-y-deportes-de-la-nacion-e-instituciones-de-la-salud-sobre-formacion-de-enfermeros-1\/#main'><img loading=\"lazy\" decoding=\"async\" width=\"150\" height=\"100\" src=\"https:\/\/www.inet.edu.ar\/wp-content\/uploads\/2016\/08\/Convenio-entre-el-Ministerio-de-Educaci\u00f3n-y-Deportes-de-la-Naci\u00f3n-e-instituciones-de-la-salud-sobre-formaci\u00f3n-de-Enfermeros-1-150x100.jpg\" class=\"attachment-thumbnail size-thumbnail\" alt=\"\" \/><\/a>\n\t\t\t<\/dt><\/dl><dl class='gallery-item'>\n\t\t\t<dt class='gallery-icon landscape'>\n\t\t\t\t<a href='https:\/\/www.inet.edu.ar\/index.php\/convenio-entre-el-ministerio-de-educacion-y-deportes-e-instituciones-privadas-de-la-salud-sobre-formacion-de-enfermeros\/attachment\/64\/#main'><img loading=\"lazy\" decoding=\"async\" width=\"150\" height=\"100\" src=\"https:\/\/www.inet.edu.ar\/wp-content\/uploads\/2016\/08\/64-150x100.jpg\" class=\"attachment-thumbnail size-thumbnail\" alt=\"\" srcset=\"https:\/\/www.inet.edu.ar\/wp-content\/uploads\/2016\/08\/64-150x100.jpg 150w, https:\/\/www.inet.edu.ar\/wp-content\/uploads\/2016\/08\/64-240x160.jpg 240w, https:\/\/www.inet.edu.ar\/wp-content\/uploads\/2016\/08\/64-768x512.jpg 768w, https:\/\/www.inet.edu.ar\/wp-content\/uploads\/2016\/08\/64-468x312.jpg 468w\" sizes=\"auto, (max-width: 150px) 100vw, 150px\" \/><\/a>\n\t\t\t<\/dt><\/dl><br style=\"clear: both\" \/><dl class='gallery-item'>\n\t\t\t<dt class='gallery-icon landscape'>\n\t\t\t\t<a href='https:\/\/www.inet.edu.ar\/index.php\/convenio-entre-el-ministerio-de-educacion-y-deportes-e-instituciones-privadas-de-la-salud-sobre-formacion-de-enfermeros\/attachment\/62\/#main'><img loading=\"lazy\" decoding=\"async\" width=\"150\" height=\"100\" src=\"https:\/\/www.inet.edu.ar\/wp-content\/uploads\/2016\/08\/62-150x100.jpg\" class=\"attachment-thumbnail size-thumbnail\" alt=\"\" srcset=\"https:\/\/www.inet.edu.ar\/wp-content\/uploads\/2016\/08\/62-150x100.jpg 150w, https:\/\/www.inet.edu.ar\/wp-content\/uploads\/2016\/08\/62-240x160.jpg 240w, https:\/\/www.inet.edu.ar\/wp-content\/uploads\/2016\/08\/62-768x512.jpg 768w, https:\/\/www.inet.edu.ar\/wp-content\/uploads\/2016\/08\/62-468x312.jpg 468w\" sizes=\"auto, (max-width: 150px) 100vw, 150px\" \/><\/a>\n\t\t\t<\/dt><\/dl><dl class='gallery-item'>\n\t\t\t<dt class='gallery-icon landscape'>\n\t\t\t\t<a href='https:\/\/www.inet.edu.ar\/index.php\/convenio-entre-el-ministerio-de-educacion-y-deportes-e-instituciones-privadas-de-la-salud-sobre-formacion-de-enfermeros\/attachment\/61\/#main'><img loading=\"lazy\" decoding=\"async\" width=\"150\" height=\"100\" src=\"https:\/\/www.inet.edu.ar\/wp-content\/uploads\/2016\/08\/61-150x100.jpg\" class=\"attachment-thumbnail size-thumbnail\" alt=\"\" srcset=\"https:\/\/www.inet.edu.ar\/wp-content\/uploads\/2016\/08\/61-150x100.jpg 150w, https:\/\/www.inet.edu.ar\/wp-content\/uploads\/2016\/08\/61-240x160.jpg 240w, https:\/\/www.inet.edu.ar\/wp-content\/uploads\/2016\/08\/61-768x512.jpg 768w, https:\/\/www.inet.edu.ar\/wp-content\/uploads\/2016\/08\/61-468x312.jpg 468w\" sizes=\"auto, (max-width: 150px) 100vw, 150px\" \/><\/a>\n\t\t\t<\/dt><\/dl><dl class='gallery-item'>\n\t\t\t<dt class='gallery-icon landscape'>\n\t\t\t\t<a href='https:\/\/www.inet.edu.ar\/index.php\/convenio-entre-el-ministerio-de-educacion-y-deportes-e-instituciones-privadas-de-la-salud-sobre-formacion-de-enfermeros\/attachment\/60\/#main'><img loading=\"lazy\" decoding=\"async\" width=\"150\" height=\"100\" src=\"https:\/\/www.inet.edu.ar\/wp-content\/uploads\/2016\/08\/60-150x100.jpg\" class=\"attachment-thumbnail size-thumbnail\" alt=\"\" srcset=\"https:\/\/www.inet.edu.ar\/wp-content\/uploads\/2016\/08\/60-150x100.jpg 150w, https:\/\/www.inet.edu.ar\/wp-content\/uploads\/2016\/08\/60-240x160.jpg 240w, https:\/\/www.inet.edu.ar\/wp-content\/uploads\/2016\/08\/60-768x512.jpg 768w, https:\/\/www.inet.edu.ar\/wp-content\/uploads\/2016\/08\/60-468x312.jpg 468w\" sizes=\"auto, (max-width: 150px) 100vw, 150px\" \/><\/a>\n\t\t\t<\/dt><\/dl><br style=\"clear: both\" \/><dl class='gallery-item'>\n\t\t\t<dt class='gallery-icon landscape'>\n\t\t\t\t<a href='https:\/\/www.inet.edu.ar\/index.php\/convenio-entre-el-ministerio-de-educacion-y-deportes-e-instituciones-privadas-de-la-salud-sobre-formacion-de-enfermeros\/attachment\/59\/#main'><img loading=\"lazy\" decoding=\"async\" width=\"150\" height=\"100\" src=\"https:\/\/www.inet.edu.ar\/wp-content\/uploads\/2016\/08\/59-150x100.jpg\" class=\"attachment-thumbnail size-thumbnail\" alt=\"\" srcset=\"https:\/\/www.inet.edu.ar\/wp-content\/uploads\/2016\/08\/59-150x100.jpg 150w, https:\/\/www.inet.edu.ar\/wp-content\/uploads\/2016\/08\/59-240x160.jpg 240w, https:\/\/www.inet.edu.ar\/wp-content\/uploads\/2016\/08\/59-768x512.jpg 768w, https:\/\/www.inet.edu.ar\/wp-content\/uploads\/2016\/08\/59-468x312.jpg 468w\" sizes=\"auto, (max-width: 150px) 100vw, 150px\" \/><\/a>\n\t\t\t<\/dt><\/dl><dl class='gallery-item'>\n\t\t\t<dt class='gallery-icon landscape'>\n\t\t\t\t<a href='https:\/\/www.inet.edu.ar\/index.php\/convenio-entre-el-ministerio-de-educacion-y-deportes-e-instituciones-privadas-de-la-salud-sobre-formacion-de-enfermeros\/img-20160831-wa0002\/#main'><img loading=\"lazy\" decoding=\"async\" width=\"150\" height=\"100\" src=\"https:\/\/www.inet.edu.ar\/wp-content\/uploads\/2016\/08\/IMG-20160831-WA0002-150x100.jpg\" class=\"attachment-thumbnail size-thumbnail\" alt=\"\" \/><\/a>\n\t\t\t<\/dt><\/dl><dl class='gallery-item'>\n\t\t\t<dt class='gallery-icon landscape'>\n\t\t\t\t<a href='https:\/\/www.inet.edu.ar\/index.php\/convenio-entre-el-ministerio-de-educacion-y-deportes-e-instituciones-privadas-de-la-salud-sobre-formacion-de-enfermeros\/attachment\/63\/#main'><img loading=\"lazy\" decoding=\"async\" width=\"150\" height=\"100\" src=\"https:\/\/www.inet.edu.ar\/wp-content\/uploads\/2016\/08\/63-150x100.jpg\" class=\"attachment-thumbnail size-thumbnail\" alt=\"\" srcset=\"https:\/\/www.inet.edu.ar\/wp-content\/uploads\/2016\/08\/63-150x100.jpg 150w, https:\/\/www.inet.edu.ar\/wp-content\/uploads\/2016\/08\/63-240x160.jpg 240w, https:\/\/www.inet.edu.ar\/wp-content\/uploads\/2016\/08\/63-768x512.jpg 768w, https:\/\/www.inet.edu.ar\/wp-content\/uploads\/2016\/08\/63-468x312.jpg 468w\" sizes=\"auto, (max-width: 150px) 100vw, 150px\" \/><\/a>\n\t\t\t<\/dt><\/dl><br style=\"clear: both\" \/>\n\t\t<\/div>\n\n","protected":false},"excerpt":{"rendered":"<p>Estuvieron\u00a0presentes el ministro Esteban Bullrich, el director ejecutivo del INET, Gabriel S\u00e1nchez Zinny, y autoridades de las instituciones firmantes Casa Rosada El Ministerio de Educaci\u00f3n y Deportes, a trav\u00e9s del Instituto Nacional de Educaci\u00f3n Tecnol\u00f3gica (INET), firm\u00f3 un Convenio Marco de Colaboraci\u00f3n con Institutos M\u00e9dicos S.A., Fundaci\u00f3n Favaloro para la docencia e investigaci\u00f3n m\u00e9dica, Instituto [&hellip;]<\/p>\n","protected":false},"author":7,"featured_media":15230,"comment_status":"closed","ping_status":"open","sticky":false,"template":"","format":"standard","meta":{"footnotes":""},"categories":[1,14],"tags":[],"class_list":["post-15227","post","type-post","status-publish","format-standard","has-post-thumbnail","hentry","category-noticias","category-noticias-fijas"],"_links":{"self":[{"href":"https:\/\/www.inet.edu.ar\/index.php\/wp-json\/wp\/v2\/posts\/15227","targetHints":{"allow":["GET"]}}],"collection":[{"href":"https:\/\/www.inet.edu.ar\/index.php\/wp-json\/wp\/v2\/posts"}],"about":[{"href":"https:\/\/www.inet.edu.ar\/index.php\/wp-json\/wp\/v2\/types\/post"}],"author":[{"embeddable":true,"href":"https:\/\/www.inet.edu.ar\/index.php\/wp-json\/wp\/v2\/users\/7"}],"replies":[{"embeddable":true,"href":"https:\/\/www.inet.edu.ar\/index.php\/wp-json\/wp\/v2\/comments?post=15227"}],"version-history":[{"count":10,"href":"https:\/\/www.inet.edu.ar\/index.php\/wp-json\/wp\/v2\/posts\/15227\/revisions"}],"predecessor-version":[{"id":15255,"href":"https:\/\/www.inet.edu.ar\/index.php\/wp-json\/wp\/v2\/posts\/15227\/revisions\/15255"}],"wp:featuredmedia":[{"embeddable":true,"href":"https:\/\/www.inet.edu.ar\/index.php\/wp-json\/wp\/v2\/media\/15230"}],"wp:attachment":[{"href":"https:\/\/www.inet.edu.ar\/index.php\/wp-json\/wp\/v2\/media?parent=15227"}],"wp:term":[{"taxonomy":"category","embeddable":true,"href":"https:\/\/www.inet.edu.ar\/index.php\/wp-json\/wp\/v2\/categories?post=15227"},{"taxonomy":"post_tag","embeddable":true,"href":"https:\/\/www.inet.edu.ar\/index.php\/wp-json\/wp\/v2\/tags?post=15227"}],"curies":[{"name":"wp","href":"https:\/\/api.w.org\/{rel}","templated":true}]}}