{"id":15236,"date":"2016-08-31T18:27:44","date_gmt":"2016-08-31T21:27:44","guid":{"rendered":"https:\/\/www.inet.edu.ar\/?p=15236"},"modified":"2016-09-01T15:35:15","modified_gmt":"2016-09-01T18:35:15","slug":"docentes-de-san-juan-se-capacitan-en-los-laboratorios-del-inet","status":"publish","type":"post","link":"https:\/\/www.inet.edu.ar\/index.php\/docentes-de-san-juan-se-capacitan-en-los-laboratorios-del-inet\/","title":{"rendered":"Docentes de San Juan se capacitan en los laboratorios del INET"},"content":{"rendered":"<p>CABA<\/p>\n<p>Durante esta semana estamos capacitando a profesores\u00a0y directivos de distintas instituciones t\u00e9cnico profesionales de San Juan.<\/p>\n<p>Son m\u00e1s de 50 docentes de diversas especialidades que est\u00e1n realizando los cursos de \u00ab<a href=\"https:\/\/www.inet.edu.ar\/index.php\/niveles-educativos\/formacion-profesional\/cursos-de-capacitacion\/9519-2\/abiertos-a-la-comunidad\/capacitacion-para-el-trabajo-en-equipo-modulo-i\/\">Capacitaci\u00f3n para el trabajo en equipo\u00bb<\/a> y <a href=\"https:\/\/www.inet.edu.ar\/index.php\/niveles-educativos\/formacion-profesional\/cursos-de-capacitacion\/9519-2\/abiertos-a-la-comunidad\/diseno-asistido-por-computadora-cad-2d\/\">\u00abDise\u00f1o asistido por computadora (CAD 2D)\u00bb<\/a> en los laboratorios del INET.<\/p>\n<p>El curso<a href=\"https:\/\/www.inet.edu.ar\/index.php\/niveles-educativos\/formacion-profesional\/cursos-de-capacitacion\/9519-2\/abiertos-a-la-comunidad\/capacitacion-para-el-trabajo-en-equipo-modulo-i\/\"> \u00abCapacitaci\u00f3n para el trabajo en equipo\u00bb<\/a> brinda herramientas para coordinar acciones, posibilitando la supervivencia y el desarrollo de las organizaciones y las personas que las integran. Es dictado por la profesora Stella Quiroga y tiene como objetivos incorporar t\u00e9cnicas y herramientas para la gesti\u00f3n del trabajo en equipo, a la vez que fortalecer en los participantes las habilidades para liderar, facilitar y ser un miembro activo de un grupo para resoluci\u00f3n de problemas y toma de decisiones.<\/p>\n<p>Trabajo en equipo es una de las capacidades blandas m\u00e1s demandadas por las empresas, seg\u00fan el estudio <a href=\"https:\/\/www.inet.edu.ar\/wp-content\/uploads\/2016\/06\/Informe_Demandas_Laborales_2020_vf.pdf\">\u00abDemanda de capacidades 2020\u00bb<\/a>.<\/p>\n<p>El curso\u00a0<a href=\"https:\/\/www.inet.edu.ar\/index.php\/niveles-educativos\/formacion-profesional\/cursos-de-capacitacion\/9519-2\/abiertos-a-la-comunidad\/diseno-asistido-por-computadora-cad-2d\/\">\u00abDise\u00f1o asistido por computadora (CAD 2D)\u00bb<\/a>\u00a0plantea utilizar\u00a0herramientas de este tipo de dise\u00f1o para la realizaci\u00f3n de planos seg\u00fan normas de dibujo t\u00e9cnico. Lo dicta el profesor Hilmar Bord\u00f3.<\/p>\n<p>Los docentes y directivos sanjuaninos accedieron a la capacitaci\u00f3n a trav\u00e9s del Plan de Mejora. Para m\u00e1s informaci\u00f3n:\u00a0<a href=\"https:\/\/www.inet.edu.ar\/index.php\/asuntos-federales\/planes-de-mejora-de-la-etp\/\">Ingreso y Seguimiento de Planes de Mejora<\/a><\/p>\n<p><strong>Acerca de los <a href=\"https:\/\/www.inet.edu.ar\/index.php\/niveles-educativos\/formacion-profesional\/cursos-de-capacitacion\/\">cursos de capacitaci\u00f3n<\/a><\/strong><\/p>\n<div class=\"entry-content\">\n<p>El INET desarrolla cursos que abarcan los distintos campos de la educaci\u00f3n tecnol\u00f3gica, destinados a docentes de todo nivel y \u00e1rea curricular, como as\u00ed tambi\u00e9n a profesionales no docentes, estudiantes, j\u00f3venes y adultos.<\/p>\n<p>Existen dos modalidades de cursado, Presenciales y semipresenciales y A distancia (a trav\u00e9s\u00a0de una plataforma virtual).<\/p>\n<\/div>\n<p><strong>Noticias relacionadas<\/strong><\/p>\n<p><a href=\"https:\/\/www.inet.edu.ar\/index.php\/el-inet-cuenta-con-laboratorios-de-alta-tecnologia-para-promover-una-educacion-de-calidad-vinculada-al-mundo-producti\/\">\u00abEl INET cuenta con laboratorios de alta tecnolog\u00eda para promover una educaci\u00f3n de calidad vinculada al mundo productivo\u00bb<\/a><\/p>\n<p><a href=\"https:\/\/www.inet.edu.ar\/wp-content\/uploads\/2016\/08\/DSC_0242.jpg\"><img loading=\"lazy\" decoding=\"async\" class=\"aligncenter size-medium wp-image-15237\" src=\"https:\/\/www.inet.edu.ar\/wp-content\/uploads\/2016\/08\/DSC_0242-240x160.jpg\" alt=\"Capacitaci\u00f3n a docentes de San Juan en el INET\" width=\"240\" height=\"160\" srcset=\"https:\/\/www.inet.edu.ar\/wp-content\/uploads\/2016\/08\/DSC_0242-240x160.jpg 240w, https:\/\/www.inet.edu.ar\/wp-content\/uploads\/2016\/08\/DSC_0242-150x100.jpg 150w, https:\/\/www.inet.edu.ar\/wp-content\/uploads\/2016\/08\/DSC_0242-768x512.jpg 768w, https:\/\/www.inet.edu.ar\/wp-content\/uploads\/2016\/08\/DSC_0242-468x312.jpg 468w, https:\/\/www.inet.edu.ar\/wp-content\/uploads\/2016\/08\/DSC_0242.jpg 1024w\" sizes=\"auto, (max-width: 240px) 100vw, 240px\" \/><\/a><\/p>\n<p>&nbsp;<\/p>\n<p>&nbsp;<\/p>\n","protected":false},"excerpt":{"rendered":"<p>CABA Durante esta semana estamos capacitando a profesores\u00a0y directivos de distintas instituciones t\u00e9cnico profesionales de San Juan. Son m\u00e1s de 50 docentes de diversas especialidades que est\u00e1n realizando los cursos de \u00abCapacitaci\u00f3n para el trabajo en equipo\u00bb y \u00abDise\u00f1o asistido por computadora (CAD 2D)\u00bb en los laboratorios del INET. El curso \u00abCapacitaci\u00f3n para el trabajo [&hellip;]<\/p>\n","protected":false},"author":7,"featured_media":15237,"comment_status":"closed","ping_status":"open","sticky":false,"template":"","format":"standard","meta":{"footnotes":""},"categories":[1,14],"tags":[145],"class_list":["post-15236","post","type-post","status-publish","format-standard","has-post-thumbnail","hentry","category-noticias","category-noticias-fijas","tag-capacitacion-docente"],"_links":{"self":[{"href":"https:\/\/www.inet.edu.ar\/index.php\/wp-json\/wp\/v2\/posts\/15236","targetHints":{"allow":["GET"]}}],"collection":[{"href":"https:\/\/www.inet.edu.ar\/index.php\/wp-json\/wp\/v2\/posts"}],"about":[{"href":"https:\/\/www.inet.edu.ar\/index.php\/wp-json\/wp\/v2\/types\/post"}],"author":[{"embeddable":true,"href":"https:\/\/www.inet.edu.ar\/index.php\/wp-json\/wp\/v2\/users\/7"}],"replies":[{"embeddable":true,"href":"https:\/\/www.inet.edu.ar\/index.php\/wp-json\/wp\/v2\/comments?post=15236"}],"version-history":[{"count":8,"href":"https:\/\/www.inet.edu.ar\/index.php\/wp-json\/wp\/v2\/posts\/15236\/revisions"}],"predecessor-version":[{"id":15276,"href":"https:\/\/www.inet.edu.ar\/index.php\/wp-json\/wp\/v2\/posts\/15236\/revisions\/15276"}],"wp:featuredmedia":[{"embeddable":true,"href":"https:\/\/www.inet.edu.ar\/index.php\/wp-json\/wp\/v2\/media\/15237"}],"wp:attachment":[{"href":"https:\/\/www.inet.edu.ar\/index.php\/wp-json\/wp\/v2\/media?parent=15236"}],"wp:term":[{"taxonomy":"category","embeddable":true,"href":"https:\/\/www.inet.edu.ar\/index.php\/wp-json\/wp\/v2\/categories?post=15236"},{"taxonomy":"post_tag","embeddable":true,"href":"https:\/\/www.inet.edu.ar\/index.php\/wp-json\/wp\/v2\/tags?post=15236"}],"curies":[{"name":"wp","href":"https:\/\/api.w.org\/{rel}","templated":true}]}}