{"id":15266,"date":"2016-09-01T17:27:48","date_gmt":"2016-09-01T20:27:48","guid":{"rendered":"https:\/\/www.inet.edu.ar\/?p=15266"},"modified":"2016-09-07T11:18:34","modified_gmt":"2016-09-07T14:18:34","slug":"chubut-proxima-sede-regional-del-encuentro-de-estudiantes-de-educacion-tecnico-profesional-tecnicamente","status":"publish","type":"post","link":"https:\/\/www.inet.edu.ar\/index.php\/chubut-proxima-sede-regional-del-encuentro-de-estudiantes-de-educacion-tecnico-profesional-tecnicamente\/","title":{"rendered":"Chubut: sede regional del encuentro de Estudiantes de Educaci\u00f3n T\u00e9cnico Profesional \u00abT\u00e9cnicaMente\u00bb"},"content":{"rendered":"<p style=\"text-align: center;\"><em>El segundo Regional se realizar\u00e1 en Trelew, Chubut, del 05 al 07 de septiembre<\/em><\/p>\n<p><strong>T\u00e9cnicaMente<\/strong> es el Encuentro Nacional de Estudiantes de ETP que convoca a estudiantes y docentes de escuelas Secundarias T\u00e9cnicas, institutos Superiores T\u00e9cnicos y centros de Formaci\u00f3n Profesional de todo el pa\u00eds a exhibir y compartir los proyectos, trabajos innovadores y experiencias realizados en sus instituciones.<\/p>\n<p>Est\u00e1 organizado por el Ministerio de Educaci\u00f3n y Deportes de la Naci\u00f3n, a trav\u00e9s del Instituto Nacional de Educaci\u00f3n Tecnol\u00f3gica (INET), junto a las 24 jurisdicciones educativas (todas las provincias y la Ciudad Aut\u00f3noma de Buenos Aires).<\/p>\n<p>El Encuentro est\u00e1 dividido en dos instancias: <em>Regionales<\/em> y <em>Nacional<\/em>.<\/p>\n<p>Desde el mes de agosto, se realizan seis <em>Regionales<\/em> con sede en C\u00f3rdoba, Chubut, Provincia de Buenos Aires, San Juan, Corrientes, y Santiago del Estero. Cada una recibe a equipos de estudiantes, docentes y directivos de Secundarios T\u00e9cnicos de otras jurisdicciones de la regi\u00f3n. Cada grupo expositor est\u00e1 conformado por tres estudiantes, un docente y un integrante del equipo directivo de la instituci\u00f3n.<\/p>\n<p>Los trabajos que se exponen en esta <em>instancia<\/em> fueron seleccionados por las propias Jurisdicciones. Cada Jurisdicci\u00f3n ser\u00e1 representada por un m\u00e1ximo de veinte (20) proyectos de Secundarios T\u00e9cnicos. En la <em>instancia Nacional<\/em>, a los proyectos de este nivel que queden seleccionados en la <em>Regional<\/em>, se sumar\u00e1n los tres (3) de Formaci\u00f3n Profesional, y dos (2) correspondientes a institutos Superiores T\u00e9cnicos.<\/p>\n<p>Los trabajos que se exhibir\u00e1n en la <em>instancia Nacional<\/em> ser\u00e1n seleccionados por los propios estudiantes, sus docentes y directivos, junto a integrantes del Consejo Provincial de Educaci\u00f3n, Trabajo y Producci\u00f3n (CoPETyP) de la jurisdicci\u00f3n anfitriona. Para la votaci\u00f3n, se tiene en cuenta el car\u00e1cter innovador del proyecto, la correspondencia con el perfil profesional de los estudiantes, el compromiso con la comunidad y\/o su relaci\u00f3n con el cuidado del medio ambiente.<\/p>\n<p>Lo novedoso de este cuarto a\u00f1o del T\u00e9cnicamente es que, en forma simult\u00e1nea a la exposici\u00f3n, se realizar\u00e1 el <em>Encuentro para Docentes de nivel Secundario <strong>\u201cExperiencias pedag\u00f3gicas innovadoras en el nivel medio de la ETP\u201d<\/strong><\/em>, en el que profesores de todas las jurisdicciones presentar\u00e1n pr\u00e1cticas innovadoras que se consideren relevantes y de inter\u00e9s para la comunidad educativa t\u00e9cnica y que contribuyan a fortalecer los procesos de inclusi\u00f3n, retenci\u00f3n y egreso de los estudiantes, as\u00ed como la mejora de los aprendizajes con calidad.<\/p>\n<p>La <em>instancia Nacional<\/em> se realizar\u00e1 entre el 24 a 27 de octubre en la provincia de Salta.<\/p>\n<p><strong><u>Fechas, Sedes y Jurisdicciones participantes en la instancia <em>Regional<\/em> 2016:<\/u><\/strong><\/p>\n<ul>\n<li>22 a 24 de agosto. Sede: <strong>C\u00f3rdoba<\/strong> (Participantes: C\u00f3rdoba; La Pampa;\u00a0CABA;\u00a0Santa Fe<\/li>\n<li>5 a 7 de septiembre. Sede: <strong>Chubut<\/strong> (Participantes:Tierra del Fuego, Ant\u00e1rtida e Islas del Atl\u00e1ntico Sur;\u00a0Chubut;\u00a0Santa Cruz; y Neuqu\u00e9n)<\/li>\n<li>26 a 28 de septiembre. Sede: <strong>San Juan<\/strong> (Participantes:\u00a0San Juan;\u00a0La Rioja;\u00a0San Luis;\u00a0Mendoza) y <strong>Corrientes<\/strong>(Chaco;\u00a0Formosa;\u00a0Corrientes;\u00a0Misiones;\u00a0Entre R\u00edos).<\/li>\n<li>11 a 13 de octubre. Sede: <strong>Santiago del Estero<\/strong> (Participantes:\u00a0Jujuy;\u00a0Salta;\u00a0Santiago del Estero;\u00a0Catamarca;\u00a0Tucum\u00e1n)<\/li>\n<li>a confirmar: <strong>Provincia de Buenos Aires<\/strong><\/li>\n<\/ul>\n<p><strong>Reglamento 2016<\/strong><\/p>\n<p><a href=\"https:\/\/www.inet.edu.ar\/wp-content\/uploads\/2015\/02\/ReglamentoTecnicamente2016.pdf\">Reglamento Tecnicamente 2016<\/a><\/p>\n<p><strong>Noticias relacionadas<\/strong><\/p>\n<p><a href=\"https:\/\/www.inet.edu.ar\/index.php\/mas-de-300-alumnos-docentes-y-directivos-de-etp-expusieron-sus-trabajos-en-tecnicamente-de-cordoba\/\">\u00abM\u00e1s de 300 alumnos, docentes y directivos de ETP expusieron sus trabajos en T\u00e9cnicaMente de C\u00f3rdoba\u00bb<\/a><\/p>\n<p><strong>Galer\u00eda de im\u00e1genes<\/strong><\/p>\n\n\t\t<style type=\"text\/css\">\n\t\t\t#gallery-1 {\n\t\t\t\tmargin: auto;\n\t\t\t}\n\t\t\t#gallery-1 .gallery-item {\n\t\t\t\tfloat: left;\n\t\t\t\tmargin-top: 10px;\n\t\t\t\ttext-align: center;\n\t\t\t\twidth: 50%;\n\t\t\t}\n\t\t\t#gallery-1 img {\n\t\t\t\tborder: 2px solid #cfcfcf;\n\t\t\t}\n\t\t\t#gallery-1 .gallery-caption {\n\t\t\t\tmargin-left: 0;\n\t\t\t}\n\t\t\t\/* see gallery_shortcode() in wp-includes\/media.php *\/\n\t\t<\/style>\n\t\t<div id='gallery-1' class='gallery galleryid-15266 gallery-columns-2 gallery-size-medium'><dl class='gallery-item'>\n\t\t\t<dt class='gallery-icon landscape'>\n\t\t\t\t<a href='https:\/\/www.inet.edu.ar\/index.php\/tecnicamente-encuentro-de-estudiantes-de-educacion-tecnico-profesional-de-todo-el-pais\/logo-tecnicamente-color\/#main'><img loading=\"lazy\" decoding=\"async\" width=\"240\" height=\"240\" src=\"https:\/\/www.inet.edu.ar\/wp-content\/uploads\/2016\/08\/logo-tecnicamente-COLOR-240x240.png\" class=\"attachment-medium size-medium\" alt=\"\" srcset=\"https:\/\/www.inet.edu.ar\/wp-content\/uploads\/2016\/08\/logo-tecnicamente-COLOR-240x240.png 240w, https:\/\/www.inet.edu.ar\/wp-content\/uploads\/2016\/08\/logo-tecnicamente-COLOR-468x468.png 468w, https:\/\/www.inet.edu.ar\/wp-content\/uploads\/2016\/08\/logo-tecnicamente-COLOR.png 567w\" sizes=\"auto, (max-width: 240px) 100vw, 240px\" \/><\/a>\n\t\t\t<\/dt><\/dl><dl class='gallery-item'>\n\t\t\t<dt class='gallery-icon landscape'>\n\t\t\t\t<a href='https:\/\/www.inet.edu.ar\/index.php\/chubut-proxima-sede-regional-del-encuentro-de-estudiantes-de-educacion-tecnico-profesional-tecnicamente\/img_8215\/#main'><img loading=\"lazy\" decoding=\"async\" width=\"240\" height=\"160\" src=\"https:\/\/www.inet.edu.ar\/wp-content\/uploads\/2016\/09\/IMG_8215-240x160.jpg\" class=\"attachment-medium size-medium\" alt=\"\" srcset=\"https:\/\/www.inet.edu.ar\/wp-content\/uploads\/2016\/09\/IMG_8215-240x160.jpg 240w, https:\/\/www.inet.edu.ar\/wp-content\/uploads\/2016\/09\/IMG_8215-150x100.jpg 150w, https:\/\/www.inet.edu.ar\/wp-content\/uploads\/2016\/09\/IMG_8215-768x512.jpg 768w, https:\/\/www.inet.edu.ar\/wp-content\/uploads\/2016\/09\/IMG_8215-468x312.jpg 468w\" sizes=\"auto, (max-width: 240px) 100vw, 240px\" \/><\/a>\n\t\t\t<\/dt><\/dl><br style=\"clear: both\" \/>\n\t\t<\/div>\n\n","protected":false},"excerpt":{"rendered":"<p>El segundo Regional se realizar\u00e1 en Trelew, Chubut, del 05 al 07 de septiembre T\u00e9cnicaMente es el Encuentro Nacional de Estudiantes de ETP que convoca a estudiantes y docentes de escuelas Secundarias T\u00e9cnicas, institutos Superiores T\u00e9cnicos y centros de Formaci\u00f3n Profesional de todo el pa\u00eds a exhibir y compartir los proyectos, trabajos innovadores y experiencias [&hellip;]<\/p>\n","protected":false},"author":7,"featured_media":15271,"comment_status":"closed","ping_status":"open","sticky":false,"template":"","format":"standard","meta":{"footnotes":""},"categories":[1,14],"tags":[],"class_list":["post-15266","post","type-post","status-publish","format-standard","has-post-thumbnail","hentry","category-noticias","category-noticias-fijas"],"_links":{"self":[{"href":"https:\/\/www.inet.edu.ar\/index.php\/wp-json\/wp\/v2\/posts\/15266","targetHints":{"allow":["GET"]}}],"collection":[{"href":"https:\/\/www.inet.edu.ar\/index.php\/wp-json\/wp\/v2\/posts"}],"about":[{"href":"https:\/\/www.inet.edu.ar\/index.php\/wp-json\/wp\/v2\/types\/post"}],"author":[{"embeddable":true,"href":"https:\/\/www.inet.edu.ar\/index.php\/wp-json\/wp\/v2\/users\/7"}],"replies":[{"embeddable":true,"href":"https:\/\/www.inet.edu.ar\/index.php\/wp-json\/wp\/v2\/comments?post=15266"}],"version-history":[{"count":8,"href":"https:\/\/www.inet.edu.ar\/index.php\/wp-json\/wp\/v2\/posts\/15266\/revisions"}],"predecessor-version":[{"id":15359,"href":"https:\/\/www.inet.edu.ar\/index.php\/wp-json\/wp\/v2\/posts\/15266\/revisions\/15359"}],"wp:featuredmedia":[{"embeddable":true,"href":"https:\/\/www.inet.edu.ar\/index.php\/wp-json\/wp\/v2\/media\/15271"}],"wp:attachment":[{"href":"https:\/\/www.inet.edu.ar\/index.php\/wp-json\/wp\/v2\/media?parent=15266"}],"wp:term":[{"taxonomy":"category","embeddable":true,"href":"https:\/\/www.inet.edu.ar\/index.php\/wp-json\/wp\/v2\/categories?post=15266"},{"taxonomy":"post_tag","embeddable":true,"href":"https:\/\/www.inet.edu.ar\/index.php\/wp-json\/wp\/v2\/tags?post=15266"}],"curies":[{"name":"wp","href":"https:\/\/api.w.org\/{rel}","templated":true}]}}