{"id":15279,"date":"2016-09-02T14:30:36","date_gmt":"2016-09-02T17:30:36","guid":{"rendered":"https:\/\/www.inet.edu.ar\/?p=15279"},"modified":"2016-09-02T16:52:32","modified_gmt":"2016-09-02T19:52:32","slug":"capacitacion-en-construccion-de-aros-magneticos-para-personas-hipoacusicas-en-provincia-de-buenos-aires","status":"publish","type":"post","link":"https:\/\/www.inet.edu.ar\/index.php\/capacitacion-en-construccion-de-aros-magneticos-para-personas-hipoacusicas-en-provincia-de-buenos-aires\/","title":{"rendered":"Capacitaci\u00f3n en construcci\u00f3n de aros magn\u00e9ticos para personas hipoac\u00fasicas en Provincia de Buenos Aires"},"content":{"rendered":"<p>Montegrande, Provincia de Buenos Aires<\/p>\n<p>Realizamos ayer y hoy una capacitaci\u00f3n en la construcci\u00f3n de aro magn\u00e9tico en la Escuela T\u00e9cnica N\u00b0 1 de Montegrande, partido de Esteban Echeverr\u00eda, en el marco del\u00a0<a href=\"https:\/\/www.inet.edu.ar\/index.php\/niveles-educativos\/formacion-profesional\/pretis\/\">Programa de Educaci\u00f3n para el Trabajo y la Inclusi\u00f3n Social (PrETIS)<\/a>,<\/p>\n<p>Los aros magn\u00e9ticos tienen la funci\u00f3n de amplificar de manera clara, y sin interferencias del ruido ambiente, los sonidos emitidos desde los micr\u00f3fonos y altoparlantes en salones de clase, auditorios, cines, teatros y dem\u00e1s dependencias p\u00fablicas. De esta forma se puede mejorar notablemente la calidad auditiva de las personas hipoac\u00fasicas.<\/p>\n<p>La capacitaci\u00f3n estuvo destinada a profesores y alumnos de instituciones t\u00e9cnico profesionales y de Educaci\u00f3n Especial.<\/p>\n<p>En representaci\u00f3n del INET particip\u00f3 Roberto Pellicari del programa <a href=\"https:\/\/www.inet.edu.ar\/index.php\/niveles-educativos\/formacion-profesional\/pretis\/\">PrETIS<\/a>.<\/p>\n<p>Estas capacitaciones engloban tanto a docentes y alumnos de escuelas t\u00e9cnicas y centros de formaci\u00f3n profesional con escuelas de Educaci\u00f3n Especial y tienen como objetivos fortalecer la inclusi\u00f3n de personas con discapacidad y fomentar en nuestros alumnos el compromiso y la solidaridad con su comunidad.<\/p>\n<p><strong>Acerca del <a href=\"https:\/\/www.inet.edu.ar\/index.php\/niveles-educativos\/formacion-profesional\/pretis\/\">PrETIS (Programa de Educaci\u00f3n para el Trabajo y la Inclusi\u00f3n Social)<\/a><\/strong><\/p>\n<p>El PrETIS se ocupa de fortalecer las acciones destinadas hacia las poblaciones m\u00e1s vulneradas, en este caso, las personas con discapacidad, tanto en favorecer el ejercicio de sus derechos accediendo a los dispositivos tecnol\u00f3gicos como propiciando las condiciones para una Educaci\u00f3n Inclusiva.<\/p>\n<p><strong>Galer\u00eda de im\u00e1genes<\/strong><\/p>\n\n\t\t<style type=\"text\/css\">\n\t\t\t#gallery-1 {\n\t\t\t\tmargin: auto;\n\t\t\t}\n\t\t\t#gallery-1 .gallery-item {\n\t\t\t\tfloat: left;\n\t\t\t\tmargin-top: 10px;\n\t\t\t\ttext-align: center;\n\t\t\t\twidth: 33%;\n\t\t\t}\n\t\t\t#gallery-1 img {\n\t\t\t\tborder: 2px solid #cfcfcf;\n\t\t\t}\n\t\t\t#gallery-1 .gallery-caption {\n\t\t\t\tmargin-left: 0;\n\t\t\t}\n\t\t\t\/* see gallery_shortcode() in wp-includes\/media.php *\/\n\t\t<\/style>\n\t\t<div id='gallery-1' class='gallery galleryid-15279 gallery-columns-3 gallery-size-medium'><dl class='gallery-item'>\n\t\t\t<dt class='gallery-icon landscape'>\n\t\t\t\t<a href='https:\/\/www.inet.edu.ar\/index.php\/capacitacion-en-construccion-de-aros-magneticos-para-personas-hipoacusicas-en-provincia-de-buenos-aires\/img-20160902-wa0004\/#main'><img loading=\"lazy\" decoding=\"async\" width=\"240\" height=\"135\" src=\"https:\/\/www.inet.edu.ar\/wp-content\/uploads\/2016\/09\/IMG-20160902-WA0004-240x135.jpg\" class=\"attachment-medium size-medium\" alt=\"\" srcset=\"https:\/\/www.inet.edu.ar\/wp-content\/uploads\/2016\/09\/IMG-20160902-WA0004-240x135.jpg 240w, https:\/\/www.inet.edu.ar\/wp-content\/uploads\/2016\/09\/IMG-20160902-WA0004-768x431.jpg 768w, https:\/\/www.inet.edu.ar\/wp-content\/uploads\/2016\/09\/IMG-20160902-WA0004-468x263.jpg 468w, https:\/\/www.inet.edu.ar\/wp-content\/uploads\/2016\/09\/IMG-20160902-WA0004.jpg 1280w\" sizes=\"auto, (max-width: 240px) 100vw, 240px\" \/><\/a>\n\t\t\t<\/dt><\/dl><dl class='gallery-item'>\n\t\t\t<dt class='gallery-icon landscape'>\n\t\t\t\t<a href='https:\/\/www.inet.edu.ar\/index.php\/capacitacion-en-construccion-de-aros-magneticos-para-personas-hipoacusicas-en-provincia-de-buenos-aires\/img-20160902-wa0003\/#main'><img loading=\"lazy\" decoding=\"async\" width=\"240\" height=\"135\" src=\"https:\/\/www.inet.edu.ar\/wp-content\/uploads\/2016\/09\/IMG-20160902-WA0003-240x135.jpg\" class=\"attachment-medium size-medium\" alt=\"\" srcset=\"https:\/\/www.inet.edu.ar\/wp-content\/uploads\/2016\/09\/IMG-20160902-WA0003-240x135.jpg 240w, https:\/\/www.inet.edu.ar\/wp-content\/uploads\/2016\/09\/IMG-20160902-WA0003-768x431.jpg 768w, https:\/\/www.inet.edu.ar\/wp-content\/uploads\/2016\/09\/IMG-20160902-WA0003-468x263.jpg 468w, https:\/\/www.inet.edu.ar\/wp-content\/uploads\/2016\/09\/IMG-20160902-WA0003.jpg 1280w\" sizes=\"auto, (max-width: 240px) 100vw, 240px\" \/><\/a>\n\t\t\t<\/dt><\/dl><dl class='gallery-item'>\n\t\t\t<dt class='gallery-icon landscape'>\n\t\t\t\t<a href='https:\/\/www.inet.edu.ar\/index.php\/capacitacion-en-construccion-de-aros-magneticos-para-personas-hipoacusicas-en-provincia-de-buenos-aires\/img-20160902-wa0001\/#main'><img loading=\"lazy\" decoding=\"async\" width=\"240\" height=\"135\" src=\"https:\/\/www.inet.edu.ar\/wp-content\/uploads\/2016\/09\/IMG-20160902-WA0001-240x135.jpg\" class=\"attachment-medium size-medium\" alt=\"\" srcset=\"https:\/\/www.inet.edu.ar\/wp-content\/uploads\/2016\/09\/IMG-20160902-WA0001-240x135.jpg 240w, https:\/\/www.inet.edu.ar\/wp-content\/uploads\/2016\/09\/IMG-20160902-WA0001-768x431.jpg 768w, https:\/\/www.inet.edu.ar\/wp-content\/uploads\/2016\/09\/IMG-20160902-WA0001-468x263.jpg 468w, https:\/\/www.inet.edu.ar\/wp-content\/uploads\/2016\/09\/IMG-20160902-WA0001.jpg 1280w\" sizes=\"auto, (max-width: 240px) 100vw, 240px\" \/><\/a>\n\t\t\t<\/dt><\/dl><br style=\"clear: both\" \/>\n\t\t<\/div>\n\n<p>&nbsp;<\/p>\n<p>&nbsp;<\/p>\n<p>&nbsp;<\/p>\n<p>&nbsp;<\/p>\n","protected":false},"excerpt":{"rendered":"<p>Montegrande, Provincia de Buenos Aires Realizamos ayer y hoy una capacitaci\u00f3n en la construcci\u00f3n de aro magn\u00e9tico en la Escuela T\u00e9cnica N\u00b0 1 de Montegrande, partido de Esteban Echeverr\u00eda, en el marco del\u00a0Programa de Educaci\u00f3n para el Trabajo y la Inclusi\u00f3n Social (PrETIS), Los aros magn\u00e9ticos tienen la funci\u00f3n de amplificar de manera clara, y [&hellip;]<\/p>\n","protected":false},"author":7,"featured_media":15285,"comment_status":"closed","ping_status":"open","sticky":false,"template":"","format":"standard","meta":{"footnotes":""},"categories":[1,14],"tags":[179,44],"class_list":["post-15279","post","type-post","status-publish","format-standard","has-post-thumbnail","hentry","category-noticias","category-noticias-fijas","tag-educacion-e-inclusion","tag-eps"],"_links":{"self":[{"href":"https:\/\/www.inet.edu.ar\/index.php\/wp-json\/wp\/v2\/posts\/15279","targetHints":{"allow":["GET"]}}],"collection":[{"href":"https:\/\/www.inet.edu.ar\/index.php\/wp-json\/wp\/v2\/posts"}],"about":[{"href":"https:\/\/www.inet.edu.ar\/index.php\/wp-json\/wp\/v2\/types\/post"}],"author":[{"embeddable":true,"href":"https:\/\/www.inet.edu.ar\/index.php\/wp-json\/wp\/v2\/users\/7"}],"replies":[{"embeddable":true,"href":"https:\/\/www.inet.edu.ar\/index.php\/wp-json\/wp\/v2\/comments?post=15279"}],"version-history":[{"count":10,"href":"https:\/\/www.inet.edu.ar\/index.php\/wp-json\/wp\/v2\/posts\/15279\/revisions"}],"predecessor-version":[{"id":15294,"href":"https:\/\/www.inet.edu.ar\/index.php\/wp-json\/wp\/v2\/posts\/15279\/revisions\/15294"}],"wp:featuredmedia":[{"embeddable":true,"href":"https:\/\/www.inet.edu.ar\/index.php\/wp-json\/wp\/v2\/media\/15285"}],"wp:attachment":[{"href":"https:\/\/www.inet.edu.ar\/index.php\/wp-json\/wp\/v2\/media?parent=15279"}],"wp:term":[{"taxonomy":"category","embeddable":true,"href":"https:\/\/www.inet.edu.ar\/index.php\/wp-json\/wp\/v2\/categories?post=15279"},{"taxonomy":"post_tag","embeddable":true,"href":"https:\/\/www.inet.edu.ar\/index.php\/wp-json\/wp\/v2\/tags?post=15279"}],"curies":[{"name":"wp","href":"https:\/\/api.w.org\/{rel}","templated":true}]}}