{"id":15341,"date":"2016-09-06T17:51:46","date_gmt":"2016-09-06T20:51:46","guid":{"rendered":"https:\/\/www.inet.edu.ar\/?p=15341"},"modified":"2016-09-06T17:51:46","modified_gmt":"2016-09-06T20:51:46","slug":"educacion-agropecuaria-nuevo-encuentro-de-escuelagro","status":"publish","type":"post","link":"https:\/\/www.inet.edu.ar\/index.php\/educacion-agropecuaria-nuevo-encuentro-de-escuelagro\/","title":{"rendered":"Educaci\u00f3n Agropecuaria: nuevo encuentro de EscuelAgro"},"content":{"rendered":"<p>Balcarce, Provincia de Buenos Aires<\/p>\n<p>Con el objetivo de fortalecer\u00a0los v\u00ednculos con el sector agroindustrial,\u00a0participamos de otro encuentro \u201cEscuelAgro\u201d junto a nuestro director ejecutivo, Gabriel S\u00e1nchez Zinny.<\/p>\n<p>El encuentro incluy\u00f3\u00a0talleres simult\u00e1neos sobre diferentes tem\u00e1ticas relacionadas con biomasa; los\u00a0gases de efecto invernadero del sector; agricultura certificada; y maquinaria agr\u00edcola; entre otros.\u00a0Tambi\u00e9n\u00a0se realiz\u00f3\u00a0una charla sobre experiencias exitosas de escuelas, empresas y productores.\u00a0Por la tarde, los\u00a0talleres incluyeron como tema central a las Buenas Pr\u00e1cticas Agr\u00edcolas (BPA).<\/p>\n<p>Durante la jornada participaron\u00a0referentes del Instituto Nacional de Tecnolog\u00eda Agropecuaria (INTA) y del Consejo Nacional de Investigaciones\u00a0Cient\u00edficas y T\u00e9cnicas (CONICET); representantes del sector productivo. Estuvieron\u00a0presentes equipos de 60 escuelas secundarias, agrarias y rurales de la regi\u00f3n.<\/p>\n<p><strong><u>Acerca de EscuelAgro<\/u><\/strong><\/p>\n<p>EscuelAgro es organizado por el Ministerio de Educaci\u00f3n y Deportes, a trav\u00e9s del INET, y el Ministerio de Agroindustria, a trav\u00e9s de la Subsecretar\u00eda de Coordinaci\u00f3n Institucional-Direcci\u00f3n de Escuelas Secundarias Agrarias y Rurales.<\/p>\n<p>Organizado en una serie de eventos que se realizar\u00e1n durante el 2016, EscuelAgro tiene por objetivo fortalecer el sistema de Educaci\u00f3n Secundaria Agraria y Agrot\u00e9cnica, mediante acciones participativas de formaci\u00f3n, capacitaci\u00f3n e integraci\u00f3n de redes de actores e instituciones de pertinencia, tanto para el sector educativo como el productivo.<\/p>\n<p>Estos espacios constituyen la primera aproximaci\u00f3n para facilitar la constituci\u00f3n de Redes de Escuelas, a la vez que permitir\u00e1n completar un diagn\u00f3stico y proveer\u00e1n los insumos para una elaboraci\u00f3n participativa de las acciones en un futuro plan de trabajo.<\/p>\n<p><strong>Enlaces de inter\u00e9s<\/strong><\/p>\n<p><a href=\"http:\/\/www.agroindustria.gob.ar\/sitio\/areas\/escuelagro\/\">Direcci\u00f3n de Escuelas Secundarias Agrarias y Rurales -ESCUELAGRO- sitio web del Ministerio de Agroindustria de la Naci\u00f3n<\/a><\/p>\n<p><strong>Galer\u00eda de im\u00e1genes<\/strong><\/p>\n\n\t\t<style type=\"text\/css\">\n\t\t\t#gallery-1 {\n\t\t\t\tmargin: auto;\n\t\t\t}\n\t\t\t#gallery-1 .gallery-item {\n\t\t\t\tfloat: left;\n\t\t\t\tmargin-top: 10px;\n\t\t\t\ttext-align: center;\n\t\t\t\twidth: 50%;\n\t\t\t}\n\t\t\t#gallery-1 img {\n\t\t\t\tborder: 2px solid #cfcfcf;\n\t\t\t}\n\t\t\t#gallery-1 .gallery-caption {\n\t\t\t\tmargin-left: 0;\n\t\t\t}\n\t\t\t\/* see gallery_shortcode() in wp-includes\/media.php *\/\n\t\t<\/style>\n\t\t<div id='gallery-1' class='gallery galleryid-15341 gallery-columns-2 gallery-size-thumbnail'><dl class='gallery-item'>\n\t\t\t<dt class='gallery-icon landscape'>\n\t\t\t\t<a href='https:\/\/www.inet.edu.ar\/index.php\/educacion-agropecuaria-nuevo-encuentro-de-escuelagro\/sin-titulo-2-17\/#main'><img loading=\"lazy\" decoding=\"async\" width=\"150\" height=\"100\" src=\"https:\/\/www.inet.edu.ar\/wp-content\/uploads\/2016\/09\/Sin-t\u00edtulo-2-150x100.jpg\" class=\"attachment-thumbnail size-thumbnail\" alt=\"\" \/><\/a>\n\t\t\t<\/dt><\/dl><dl class='gallery-item'>\n\t\t\t<dt class='gallery-icon landscape'>\n\t\t\t\t<a href='https:\/\/www.inet.edu.ar\/index.php\/educacion-agropecuaria-nuevo-encuentro-de-escuelagro\/sin-titulo-3-10\/#main'><img loading=\"lazy\" decoding=\"async\" width=\"150\" height=\"100\" src=\"https:\/\/www.inet.edu.ar\/wp-content\/uploads\/2016\/09\/Sin-t\u00edtulo-3-150x100.jpg\" class=\"attachment-thumbnail size-thumbnail\" alt=\"\" \/><\/a>\n\t\t\t<\/dt><\/dl><br style=\"clear: both\" \/>\n\t\t<\/div>\n\n","protected":false},"excerpt":{"rendered":"<p>Balcarce, Provincia de Buenos Aires Con el objetivo de fortalecer\u00a0los v\u00ednculos con el sector agroindustrial,\u00a0participamos de otro encuentro \u201cEscuelAgro\u201d junto a nuestro director ejecutivo, Gabriel S\u00e1nchez Zinny. El encuentro incluy\u00f3\u00a0talleres simult\u00e1neos sobre diferentes tem\u00e1ticas relacionadas con biomasa; los\u00a0gases de efecto invernadero del sector; agricultura certificada; y maquinaria agr\u00edcola; entre otros.\u00a0Tambi\u00e9n\u00a0se realiz\u00f3\u00a0una charla sobre experiencias exitosas [&hellip;]<\/p>\n","protected":false},"author":7,"featured_media":15343,"comment_status":"closed","ping_status":"open","sticky":false,"template":"","format":"standard","meta":{"footnotes":""},"categories":[1,14],"tags":[],"class_list":["post-15341","post","type-post","status-publish","format-standard","has-post-thumbnail","hentry","category-noticias","category-noticias-fijas"],"_links":{"self":[{"href":"https:\/\/www.inet.edu.ar\/index.php\/wp-json\/wp\/v2\/posts\/15341","targetHints":{"allow":["GET"]}}],"collection":[{"href":"https:\/\/www.inet.edu.ar\/index.php\/wp-json\/wp\/v2\/posts"}],"about":[{"href":"https:\/\/www.inet.edu.ar\/index.php\/wp-json\/wp\/v2\/types\/post"}],"author":[{"embeddable":true,"href":"https:\/\/www.inet.edu.ar\/index.php\/wp-json\/wp\/v2\/users\/7"}],"replies":[{"embeddable":true,"href":"https:\/\/www.inet.edu.ar\/index.php\/wp-json\/wp\/v2\/comments?post=15341"}],"version-history":[{"count":6,"href":"https:\/\/www.inet.edu.ar\/index.php\/wp-json\/wp\/v2\/posts\/15341\/revisions"}],"predecessor-version":[{"id":15350,"href":"https:\/\/www.inet.edu.ar\/index.php\/wp-json\/wp\/v2\/posts\/15341\/revisions\/15350"}],"wp:featuredmedia":[{"embeddable":true,"href":"https:\/\/www.inet.edu.ar\/index.php\/wp-json\/wp\/v2\/media\/15343"}],"wp:attachment":[{"href":"https:\/\/www.inet.edu.ar\/index.php\/wp-json\/wp\/v2\/media?parent=15341"}],"wp:term":[{"taxonomy":"category","embeddable":true,"href":"https:\/\/www.inet.edu.ar\/index.php\/wp-json\/wp\/v2\/categories?post=15341"},{"taxonomy":"post_tag","embeddable":true,"href":"https:\/\/www.inet.edu.ar\/index.php\/wp-json\/wp\/v2\/tags?post=15341"}],"curies":[{"name":"wp","href":"https:\/\/api.w.org\/{rel}","templated":true}]}}