{"id":15482,"date":"2016-09-08T17:52:20","date_gmt":"2016-09-08T20:52:20","guid":{"rendered":"https:\/\/www.inet.edu.ar\/?p=15482"},"modified":"2016-09-09T11:38:31","modified_gmt":"2016-09-09T14:38:31","slug":"participamos-en-el-encuentro-nacional-de-amet","status":"publish","type":"post","link":"https:\/\/www.inet.edu.ar\/index.php\/participamos-en-el-encuentro-nacional-de-amet\/","title":{"rendered":"Participamos en el encuentro nacional de AMET"},"content":{"rendered":"<p>Termas de R\u00edo Hondo, Santiago del Estero<\/p>\n<p>Participamos hoy del <strong>\u00abXIX Encuentro Nacional de Educaci\u00f3n T\u00e9cnica, Agrot\u00e9cnica y Formaci\u00f3n Profesional\u00bb<\/strong>\u00a0 organizado por la Asociaci\u00f3n del Magisterio de Ense\u00f1anza T\u00e9cnica (AMET), que nuclea a los docentes de la ETP.<\/p>\n<p>El encuentro, que comenz\u00f3 ayer mi\u00e9rcoles y concluir\u00e1 ma\u00f1ana, incluye exposiciones, disertaciones y talleres\u00a0a cargo de referentes del \u00e1mbito educativo, laboral, sindical. Asisten m\u00e1s de mil docentes de la modalidad de todo el pa\u00eds.<\/p>\n<p>Entre los disertantes participan\u00a0la subsecretaria de Enlace Institucional del Ministerio de Educaci\u00f3n y Deportes de la Naci\u00f3n, Ana Ravaglia;\u00a0la directora nacional de Asuntos Federales del INET, Graciela Uequ\u00edn; la coordinadora para la Defensa del Trabajo Digno del Ministerio de Trabajo, Empleo y Seguridad Social de la Naci\u00f3n, Patricia S\u00e1enz; y el vicedecano de la Facultad de Ciencias Exactas y Tecnol\u00f3gicas de la Universidad de Santiago del Estero, Pedro Basualdo.<\/p>\n<p>De AMET, encabezaron el evento la secretaria general, Sara Garc\u00eda; el secretario adjunto de la Comisi\u00f3n Directiva H\u00e9ctor Cova; y el secretario general de la Regi\u00f3n XV Santiago del Estero.<\/p>\n<p>Bajo el t\u00edtulo \u00abLa Formaci\u00f3n y Capacitaci\u00f3n Docente Inicial en la Educaci\u00f3n T\u00e9cnico Profesional\u00bb, la directora nacional de Asuntos Federales del INET disert\u00f3 sobre el programa de Formaci\u00f3n Docente Inicial. A partir del a\u00f1o 2017, el programa ser\u00e1 relanzando con una nueva estructura curricular e incluir\u00e1 capacitaci\u00f3n online.<\/p>\n<p>Durante la tarde de hoy se han realizado talleres simult\u00e1neos acera de los desaf\u00edos de la Formaci\u00f3n Profesional, de las pr\u00e1cticas profesionalizantes y de la evaluaci\u00f3n de capacidades profesionales, entre otros.<\/p>\n<p>El\u00a0<strong>\u00abXIX Encuentro Nacional de Educaci\u00f3n T\u00e9cnica, Agrot\u00e9cnica y Formaci\u00f3n Profesional\u00bb\u00a0<\/strong>se realiza en el marco de los 60 a\u00f1os de la Asociaci\u00f3n.<\/p>\n<p><strong>Galer\u00eda de im\u00e1genes<\/strong><\/p>\n<p>&nbsp;<\/p>\n\n\t\t<style type=\"text\/css\">\n\t\t\t#gallery-1 {\n\t\t\t\tmargin: auto;\n\t\t\t}\n\t\t\t#gallery-1 .gallery-item {\n\t\t\t\tfloat: left;\n\t\t\t\tmargin-top: 10px;\n\t\t\t\ttext-align: center;\n\t\t\t\twidth: 50%;\n\t\t\t}\n\t\t\t#gallery-1 img {\n\t\t\t\tborder: 2px solid #cfcfcf;\n\t\t\t}\n\t\t\t#gallery-1 .gallery-caption {\n\t\t\t\tmargin-left: 0;\n\t\t\t}\n\t\t\t\/* see gallery_shortcode() in wp-includes\/media.php *\/\n\t\t<\/style>\n\t\t<div id='gallery-1' class='gallery galleryid-15482 gallery-columns-2 gallery-size-thumbnail'><dl class='gallery-item'>\n\t\t\t<dt class='gallery-icon landscape'>\n\t\t\t\t<a href='https:\/\/www.inet.edu.ar\/index.php\/participamos-en-el-encuentro-nacional-de-amet\/graciela-uequin-en-amet\/#main'><img loading=\"lazy\" decoding=\"async\" width=\"150\" height=\"100\" src=\"https:\/\/www.inet.edu.ar\/wp-content\/uploads\/2016\/09\/graciela-uequin-en-amet-150x100.jpg\" class=\"attachment-thumbnail size-thumbnail\" alt=\"\" \/><\/a>\n\t\t\t<\/dt><\/dl><dl class='gallery-item'>\n\t\t\t<dt class='gallery-icon landscape'>\n\t\t\t\t<a href='https:\/\/www.inet.edu.ar\/index.php\/participamos-en-el-encuentro-nacional-de-amet\/img_1746\/#main'><img loading=\"lazy\" decoding=\"async\" width=\"150\" height=\"100\" src=\"https:\/\/www.inet.edu.ar\/wp-content\/uploads\/2016\/09\/IMG_1746-150x100.jpg\" class=\"attachment-thumbnail size-thumbnail\" alt=\"\" srcset=\"https:\/\/www.inet.edu.ar\/wp-content\/uploads\/2016\/09\/IMG_1746-150x100.jpg 150w, https:\/\/www.inet.edu.ar\/wp-content\/uploads\/2016\/09\/IMG_1746-240x160.jpg 240w, https:\/\/www.inet.edu.ar\/wp-content\/uploads\/2016\/09\/IMG_1746-768x512.jpg 768w, https:\/\/www.inet.edu.ar\/wp-content\/uploads\/2016\/09\/IMG_1746-468x312.jpg 468w\" sizes=\"auto, (max-width: 150px) 100vw, 150px\" \/><\/a>\n\t\t\t<\/dt><\/dl><br style=\"clear: both\" \/>\n\t\t<\/div>\n\n<p>&nbsp;<\/p>\n<p>&nbsp;<\/p>\n","protected":false},"excerpt":{"rendered":"<p>Termas de R\u00edo Hondo, Santiago del Estero Participamos hoy del \u00abXIX Encuentro Nacional de Educaci\u00f3n T\u00e9cnica, Agrot\u00e9cnica y Formaci\u00f3n Profesional\u00bb\u00a0 organizado por la Asociaci\u00f3n del Magisterio de Ense\u00f1anza T\u00e9cnica (AMET), que nuclea a los docentes de la ETP. El encuentro, que comenz\u00f3 ayer mi\u00e9rcoles y concluir\u00e1 ma\u00f1ana, incluye exposiciones, disertaciones y talleres\u00a0a cargo de referentes [&hellip;]<\/p>\n","protected":false},"author":7,"featured_media":15484,"comment_status":"closed","ping_status":"open","sticky":false,"template":"","format":"standard","meta":{"footnotes":""},"categories":[1,14],"tags":[],"class_list":["post-15482","post","type-post","status-publish","format-standard","has-post-thumbnail","hentry","category-noticias","category-noticias-fijas"],"_links":{"self":[{"href":"https:\/\/www.inet.edu.ar\/index.php\/wp-json\/wp\/v2\/posts\/15482","targetHints":{"allow":["GET"]}}],"collection":[{"href":"https:\/\/www.inet.edu.ar\/index.php\/wp-json\/wp\/v2\/posts"}],"about":[{"href":"https:\/\/www.inet.edu.ar\/index.php\/wp-json\/wp\/v2\/types\/post"}],"author":[{"embeddable":true,"href":"https:\/\/www.inet.edu.ar\/index.php\/wp-json\/wp\/v2\/users\/7"}],"replies":[{"embeddable":true,"href":"https:\/\/www.inet.edu.ar\/index.php\/wp-json\/wp\/v2\/comments?post=15482"}],"version-history":[{"count":5,"href":"https:\/\/www.inet.edu.ar\/index.php\/wp-json\/wp\/v2\/posts\/15482\/revisions"}],"predecessor-version":[{"id":15491,"href":"https:\/\/www.inet.edu.ar\/index.php\/wp-json\/wp\/v2\/posts\/15482\/revisions\/15491"}],"wp:featuredmedia":[{"embeddable":true,"href":"https:\/\/www.inet.edu.ar\/index.php\/wp-json\/wp\/v2\/media\/15484"}],"wp:attachment":[{"href":"https:\/\/www.inet.edu.ar\/index.php\/wp-json\/wp\/v2\/media?parent=15482"}],"wp:term":[{"taxonomy":"category","embeddable":true,"href":"https:\/\/www.inet.edu.ar\/index.php\/wp-json\/wp\/v2\/categories?post=15482"},{"taxonomy":"post_tag","embeddable":true,"href":"https:\/\/www.inet.edu.ar\/index.php\/wp-json\/wp\/v2\/tags?post=15482"}],"curies":[{"name":"wp","href":"https:\/\/api.w.org\/{rel}","templated":true}]}}