{"id":15652,"date":"2016-09-15T17:44:37","date_gmt":"2016-09-15T20:44:37","guid":{"rendered":"https:\/\/www.inet.edu.ar\/?p=15652"},"modified":"2016-09-15T17:45:03","modified_gmt":"2016-09-15T20:45:03","slug":"foro-de-instituciones-del-sector-aeronautico-vinculando-educacion-con-demanda-laboral","status":"publish","type":"post","link":"https:\/\/www.inet.edu.ar\/index.php\/foro-de-instituciones-del-sector-aeronautico-vinculando-educacion-con-demanda-laboral\/","title":{"rendered":"Foro de instituciones del sector aeron\u00e1utico, vinculando Educaci\u00f3n con demanda laboral"},"content":{"rendered":"<p>CABA<\/p>\n<p>Los <a href=\"https:\/\/www.inet.edu.ar\/index.php\/institucional\/conetyp\/foros-sectoriales\/\">foros sectoriales\u00a0<\/a>son un espacio de participaci\u00f3n en el que instituciones del \u00e1mbito p\u00fablico y privado se re\u00fanen para analizar el estado del sector en cuesti\u00f3n, presentar los perfiles profesionales existentes, discutir la posibilidad de modificar o agregar nuevos perfiles y para que, a posteriori, cada jurisdicci\u00f3n pueda armar los curr\u00edculum.<\/p>\n<p>En el d\u00eda de hoy nos reunimos en el INET en el primer foro sectorial aeron\u00e1utico. El evento fue encabezado por el secretario permanente del <a href=\"https:\/\/www.inet.edu.ar\/index.php\/institucional\/conetyp\/\">Consejo Nacional de Educaci\u00f3n, Trabajo y Producci\u00f3n (CoNETyP)<\/a>, Santiago de la Barrera; y el director nacional de Formaci\u00f3n Profesional, Fabi\u00e1n Prieto.<\/p>\n<p>Durante la jornada se realiz\u00f3 un an\u00e1lisis del estado de situaci\u00f3n actual del sector, se definieron nuevas figuras formativas, se discutieron las habilitaciones profesionales de los T\u00e9cnico Mec\u00e1nico de Aeronaves egresados de las escuelas, se proyect\u00f3 el desarrollo de un aula taller m\u00f3vil con simuladores de fallas de aeronaves para el entrenamiento y certificaci\u00f3n de t\u00e9cnicos con est\u00e1ndares internacionales, entre otros.<\/p>\n<p>Durante la apertura, Santiago de la Barrera celebr\u00f3 la realizaci\u00f3n de este foro dado que, a partir de evaluar la situaci\u00f3n del mismo, se puede trabajar con mayor rigurosidad y proyectar cambios que produzcan que las instituciones educativas est\u00e9n m\u00e1s vinculadas con\u00a0la demanda laboral del sector aeron\u00e1utico.<\/p>\n<p>Asistieron al mismo representantes de los Ministerios nacionales de Transporte y Producci\u00f3n, del Consejo Profesional de Ingenier\u00eda y Aeron\u00e1utica Espacial, de Aerol\u00edneas Argentinas, de LATAM, entre otras organizaciones del sector.<\/p>\n<p>M\u00e1s informaci\u00f3n sobre los <a href=\"https:\/\/www.inet.edu.ar\/index.php\/institucional\/conetyp\/foros-sectoriales\/\">Foros Sectoriales<\/a><\/p>\n<p><strong>Noticias relacionadas<\/strong><\/p>\n<p class=\"entry-title\"><a href=\"https:\/\/www.inet.edu.ar\/index.php\/hoy-realizamos-un-foro-sectorial-de-energia-electrica-en-el-inet\/\">\u00abNueva reuni\u00f3n del CoNETyP: realizamos el primer foro sectorial de Energ\u00eda El\u00e9ctrica\u00bb<\/a><\/p>\n","protected":false},"excerpt":{"rendered":"<p>CABA Los foros sectoriales\u00a0son un espacio de participaci\u00f3n en el que instituciones del \u00e1mbito p\u00fablico y privado se re\u00fanen para analizar el estado del sector en cuesti\u00f3n, presentar los perfiles profesionales existentes, discutir la posibilidad de modificar o agregar nuevos perfiles y para que, a posteriori, cada jurisdicci\u00f3n pueda armar los curr\u00edculum. En el d\u00eda [&hellip;]<\/p>\n","protected":false},"author":7,"featured_media":15654,"comment_status":"closed","ping_status":"open","sticky":false,"template":"","format":"standard","meta":{"footnotes":""},"categories":[1,14],"tags":[],"class_list":["post-15652","post","type-post","status-publish","format-standard","has-post-thumbnail","hentry","category-noticias","category-noticias-fijas"],"_links":{"self":[{"href":"https:\/\/www.inet.edu.ar\/index.php\/wp-json\/wp\/v2\/posts\/15652","targetHints":{"allow":["GET"]}}],"collection":[{"href":"https:\/\/www.inet.edu.ar\/index.php\/wp-json\/wp\/v2\/posts"}],"about":[{"href":"https:\/\/www.inet.edu.ar\/index.php\/wp-json\/wp\/v2\/types\/post"}],"author":[{"embeddable":true,"href":"https:\/\/www.inet.edu.ar\/index.php\/wp-json\/wp\/v2\/users\/7"}],"replies":[{"embeddable":true,"href":"https:\/\/www.inet.edu.ar\/index.php\/wp-json\/wp\/v2\/comments?post=15652"}],"version-history":[{"count":4,"href":"https:\/\/www.inet.edu.ar\/index.php\/wp-json\/wp\/v2\/posts\/15652\/revisions"}],"predecessor-version":[{"id":15657,"href":"https:\/\/www.inet.edu.ar\/index.php\/wp-json\/wp\/v2\/posts\/15652\/revisions\/15657"}],"wp:featuredmedia":[{"embeddable":true,"href":"https:\/\/www.inet.edu.ar\/index.php\/wp-json\/wp\/v2\/media\/15654"}],"wp:attachment":[{"href":"https:\/\/www.inet.edu.ar\/index.php\/wp-json\/wp\/v2\/media?parent=15652"}],"wp:term":[{"taxonomy":"category","embeddable":true,"href":"https:\/\/www.inet.edu.ar\/index.php\/wp-json\/wp\/v2\/categories?post=15652"},{"taxonomy":"post_tag","embeddable":true,"href":"https:\/\/www.inet.edu.ar\/index.php\/wp-json\/wp\/v2\/tags?post=15652"}],"curies":[{"name":"wp","href":"https:\/\/api.w.org\/{rel}","templated":true}]}}