{"id":15776,"date":"2016-09-20T18:47:34","date_gmt":"2016-09-20T21:47:34","guid":{"rendered":"https:\/\/www.inet.edu.ar\/?p=15776"},"modified":"2016-09-22T13:00:57","modified_gmt":"2016-09-22T16:00:57","slug":"ciclo-de-debates-sobre-educacion-presentacion-del-libro-navegar-entre-culturas","status":"publish","type":"post","link":"https:\/\/www.inet.edu.ar\/index.php\/ciclo-de-debates-sobre-educacion-presentacion-del-libro-navegar-entre-culturas\/","title":{"rendered":"Ciclo de Debates sobre Educaci\u00f3n: presentaci\u00f3n del libro \u00abNavegar entre Culturas\u00bb"},"content":{"rendered":"<p>Con el objetivo de seguir conversando sobre Educaci\u00f3n, realizaremos este jueves 22 de septiembre\u00a0un nuevo encuentro de nuestro Ciclo de Debates.<\/p>\n<p>En esta oportunidad, estaremos presentando el libro \u00abNavegar entre Culturas.\u00a0Educaci\u00f3n, comunicaci\u00f3n y ciudadan\u00eda digital\u00bb de Silvia Bacher.<\/p>\n<p><em>El sistema educativo atraviesa, a nivel mundial, una profunda crisis. \u00bfC\u00f3mo entender el cambio que desorient\u00f3 a la escuela? \u00bfC\u00f3mo se construyen las pol\u00edticas p\u00fablicas para este nuevo paradigma? \u00c9stas son algunas de las muchas cuestiones con las que Silvia Bacher fogonea la urgencia del debate de la Educaci\u00f3n en un mundo progresivamente digital. <\/em><\/p>\n<p>Los esperamos el jueves\u00a022 de septiembre de 8.30 a 10 h. en la sede del INET. Inscripci\u00f3n online haciendo click <a href=\"https:\/\/docs.google.com\/forms\/d\/e\/1FAIpQLSf3Edg3ZFGGuT2tY6u_uFFXpwIMWiR3b8M4T9PMQHPU4nUqGQ\/viewform?c=0&amp;w=1\">ac\u00e1<\/a><\/p>\n","protected":false},"excerpt":{"rendered":"<p>Con el objetivo de seguir conversando sobre Educaci\u00f3n, realizaremos este jueves 22 de septiembre\u00a0un nuevo encuentro de nuestro Ciclo de Debates. En esta oportunidad, estaremos presentando el libro \u00abNavegar entre Culturas.\u00a0Educaci\u00f3n, comunicaci\u00f3n y ciudadan\u00eda digital\u00bb de Silvia Bacher. El sistema educativo atraviesa, a nivel mundial, una profunda crisis. \u00bfC\u00f3mo entender el cambio que desorient\u00f3 a [&hellip;]<\/p>\n","protected":false},"author":7,"featured_media":15784,"comment_status":"closed","ping_status":"open","sticky":false,"template":"","format":"standard","meta":{"footnotes":""},"categories":[1,14],"tags":[],"class_list":["post-15776","post","type-post","status-publish","format-standard","has-post-thumbnail","hentry","category-noticias","category-noticias-fijas"],"_links":{"self":[{"href":"https:\/\/www.inet.edu.ar\/index.php\/wp-json\/wp\/v2\/posts\/15776","targetHints":{"allow":["GET"]}}],"collection":[{"href":"https:\/\/www.inet.edu.ar\/index.php\/wp-json\/wp\/v2\/posts"}],"about":[{"href":"https:\/\/www.inet.edu.ar\/index.php\/wp-json\/wp\/v2\/types\/post"}],"author":[{"embeddable":true,"href":"https:\/\/www.inet.edu.ar\/index.php\/wp-json\/wp\/v2\/users\/7"}],"replies":[{"embeddable":true,"href":"https:\/\/www.inet.edu.ar\/index.php\/wp-json\/wp\/v2\/comments?post=15776"}],"version-history":[{"count":1,"href":"https:\/\/www.inet.edu.ar\/index.php\/wp-json\/wp\/v2\/posts\/15776\/revisions"}],"predecessor-version":[{"id":15785,"href":"https:\/\/www.inet.edu.ar\/index.php\/wp-json\/wp\/v2\/posts\/15776\/revisions\/15785"}],"wp:featuredmedia":[{"embeddable":true,"href":"https:\/\/www.inet.edu.ar\/index.php\/wp-json\/wp\/v2\/media\/15784"}],"wp:attachment":[{"href":"https:\/\/www.inet.edu.ar\/index.php\/wp-json\/wp\/v2\/media?parent=15776"}],"wp:term":[{"taxonomy":"category","embeddable":true,"href":"https:\/\/www.inet.edu.ar\/index.php\/wp-json\/wp\/v2\/categories?post=15776"},{"taxonomy":"post_tag","embeddable":true,"href":"https:\/\/www.inet.edu.ar\/index.php\/wp-json\/wp\/v2\/tags?post=15776"}],"curies":[{"name":"wp","href":"https:\/\/api.w.org\/{rel}","templated":true}]}}