{"id":16040,"date":"2016-09-29T18:35:40","date_gmt":"2016-09-29T21:35:40","guid":{"rendered":"https:\/\/www.inet.edu.ar\/?p=16040"},"modified":"2016-09-29T19:23:46","modified_gmt":"2016-09-29T22:23:46","slug":"escuela-tecnica-de-san-juan-obtuvo-el-primer-lugar-del-premio-maestros-argentinos","status":"publish","type":"post","link":"https:\/\/www.inet.edu.ar\/index.php\/escuela-tecnica-de-san-juan-obtuvo-el-primer-lugar-del-premio-maestros-argentinos\/","title":{"rendered":"Escuela t\u00e9cnica de San Juan obtuvo el primer lugar del premio Maestros Argentinos"},"content":{"rendered":"<p style=\"text-align: center;\"><em>El presidente Mauricio Macri encabez\u00f3 el acto de premiaci\u00f3n junto al ministro de Educaci\u00f3n y Deportes, Esteban Bullrich<\/em><\/p>\n<p>CABA<\/p>\n<p>Hoy, en el predio de Tecn\u00f3polis, el presidente de la Naci\u00f3n encabez\u00f3 el acto de premiaci\u00f3n\u00a0a maestros de todo el pa\u00eds.<\/p>\n<p>El premio <em>\u201cMaestros Argentinos\u201d<\/em>, del Ministerio de Educaci\u00f3n y Deportes de la Naci\u00f3n, est\u00e1 destinado a reconocer a equipos de educadores del pa\u00eds que hayan logrado mejoras en las trayectorias y los aprendizajes de los\/as estudiantes.<\/p>\n<p>Se hab\u00edan presentado alrededor de 300, de los que se eligieron a diez \u00abque representan el talento y el esfuerzo que ponen en su trabajo los docentes en todo el pa\u00eds\u00bb, dijo el primer mandatario.<\/p>\n<p>La experiencia <strong>\u201cRob\u00f3tica en Clase\u201d<\/strong>, de la Escuela Provincial de Educaci\u00f3n T\u00e9cnica N\u00b0 4 de la ciudad de San Juan, obtuvo el primer lugar dado que <em>\u00ablos docentes incorporaron un nuevo espacio de aprendizaje e introducci\u00f3n a la programaci\u00f3n aplicada, donde los alumnos aprenden e identifican conceptos de programaci\u00f3n b\u00e1sica para realizar sus producciones. Aprenden a dise\u00f1ar robots para distintos usos y aplicaciones articulando con las necesidades del entorno regional. Esta iniciativa aument\u00f3 los niveles de motivaci\u00f3n de los estudiantes, gener\u00f3 una activa participaci\u00f3n del alumnado reduciendo la deserci\u00f3n escolar y repitencia, y aumentando la matr\u00edcula y la asistencia. A partir de los buenos resultados se incorpor\u00f3 la rob\u00f3tica como una nueva oferta educativa.\u00bb<\/em><\/p>\n<p>El cuarto puesto fue para otra instituci\u00f3n\u00a0t\u00e9cnica:\u00a0Escuela de Educaci\u00f3n T\u00e9cnica N\u00ba 68 \u00abProfesor Facundo Arce\u00bb de Entre R\u00edos, con la experiencia <strong>\u201cTrazados Geom\u00e9tricos en la Educaci\u00f3n Primaria\u201d<\/strong>. <em>\u00abEstudiantes de secundaria emprenden un proyecto de tutor\u00edas de geometr\u00eda para los alumnos\/as de la \u00fanica escuela primaria p\u00fablica de la localidad.\u00a0 Los alumnos les ense\u00f1an a otros y trabajan las dificultades de comprensi\u00f3n que se presentan en el \u00e1rea. Este proyecto favoreci\u00f3 la transici\u00f3n de los estudiantes del nivel primario al secundario y demostr\u00f3 tener mejoras en los aprendizajes de matem\u00e1tica en los inicios del nivel secundario.\u00bb<\/em><\/p>\n<p>M\u00e1s informaci\u00f3n sobre el <a href=\"http:\/\/www.educ.ar\/sitios\/educar\/seccion\/?ir=maestros_argentinos\">premio\u00a0<em>\u201cMaestros Argentinos\u201d<\/em>, del Ministerio de Educaci\u00f3n y Deportes de la Naci\u00f3n<\/a><\/p>\n<p><strong>Galer\u00eda de im\u00e1genes<\/strong><\/p>\n\n\t\t<style type=\"text\/css\">\n\t\t\t#gallery-1 {\n\t\t\t\tmargin: auto;\n\t\t\t}\n\t\t\t#gallery-1 .gallery-item {\n\t\t\t\tfloat: left;\n\t\t\t\tmargin-top: 10px;\n\t\t\t\ttext-align: center;\n\t\t\t\twidth: 50%;\n\t\t\t}\n\t\t\t#gallery-1 img {\n\t\t\t\tborder: 2px solid #cfcfcf;\n\t\t\t}\n\t\t\t#gallery-1 .gallery-caption {\n\t\t\t\tmargin-left: 0;\n\t\t\t}\n\t\t\t\/* see gallery_shortcode() in wp-includes\/media.php *\/\n\t\t<\/style>\n\t\t<div id='gallery-1' class='gallery galleryid-16040 gallery-columns-2 gallery-size-large'><dl class='gallery-item'>\n\t\t\t<dt class='gallery-icon landscape'>\n\t\t\t\t<a href='https:\/\/www.inet.edu.ar\/index.php\/escuela-tecnica-de-san-juan-obtuvo-el-primer-lugar-del-premio-maestros-argentinos\/14435277_1784706075077281_5319810574942067771_o\/#main'><img loading=\"lazy\" decoding=\"async\" width=\"468\" height=\"312\" src=\"https:\/\/www.inet.edu.ar\/wp-content\/uploads\/2016\/09\/14435277_1784706075077281_5319810574942067771_o-468x312.jpg\" class=\"attachment-large size-large\" alt=\"\" srcset=\"https:\/\/www.inet.edu.ar\/wp-content\/uploads\/2016\/09\/14435277_1784706075077281_5319810574942067771_o-468x312.jpg 468w, https:\/\/www.inet.edu.ar\/wp-content\/uploads\/2016\/09\/14435277_1784706075077281_5319810574942067771_o-150x100.jpg 150w, https:\/\/www.inet.edu.ar\/wp-content\/uploads\/2016\/09\/14435277_1784706075077281_5319810574942067771_o-240x160.jpg 240w, https:\/\/www.inet.edu.ar\/wp-content\/uploads\/2016\/09\/14435277_1784706075077281_5319810574942067771_o-768x512.jpg 768w, https:\/\/www.inet.edu.ar\/wp-content\/uploads\/2016\/09\/14435277_1784706075077281_5319810574942067771_o.jpg 1280w\" sizes=\"auto, (max-width: 468px) 100vw, 468px\" \/><\/a>\n\t\t\t<\/dt><\/dl><dl class='gallery-item'>\n\t\t\t<dt class='gallery-icon landscape'>\n\t\t\t\t<a href='https:\/\/www.inet.edu.ar\/index.php\/escuela-tecnica-de-san-juan-obtuvo-el-primer-lugar-del-premio-maestros-argentinos\/14500589_1784706565077232_2885910318099458695_o\/#main'><img loading=\"lazy\" decoding=\"async\" width=\"468\" height=\"312\" src=\"https:\/\/www.inet.edu.ar\/wp-content\/uploads\/2016\/09\/14500589_1784706565077232_2885910318099458695_o-468x312.jpg\" class=\"attachment-large size-large\" alt=\"\" srcset=\"https:\/\/www.inet.edu.ar\/wp-content\/uploads\/2016\/09\/14500589_1784706565077232_2885910318099458695_o-468x312.jpg 468w, https:\/\/www.inet.edu.ar\/wp-content\/uploads\/2016\/09\/14500589_1784706565077232_2885910318099458695_o-150x100.jpg 150w, https:\/\/www.inet.edu.ar\/wp-content\/uploads\/2016\/09\/14500589_1784706565077232_2885910318099458695_o-240x160.jpg 240w, https:\/\/www.inet.edu.ar\/wp-content\/uploads\/2016\/09\/14500589_1784706565077232_2885910318099458695_o-768x512.jpg 768w, https:\/\/www.inet.edu.ar\/wp-content\/uploads\/2016\/09\/14500589_1784706565077232_2885910318099458695_o.jpg 1280w\" sizes=\"auto, (max-width: 468px) 100vw, 468px\" \/><\/a>\n\t\t\t<\/dt><\/dl><br style=\"clear: both\" \/>\n\t\t<\/div>\n\n<p>&nbsp;<\/p>\n","protected":false},"excerpt":{"rendered":"<p>El presidente Mauricio Macri encabez\u00f3 el acto de premiaci\u00f3n junto al ministro de Educaci\u00f3n y Deportes, Esteban Bullrich CABA Hoy, en el predio de Tecn\u00f3polis, el presidente de la Naci\u00f3n encabez\u00f3 el acto de premiaci\u00f3n\u00a0a maestros de todo el pa\u00eds. El premio \u201cMaestros Argentinos\u201d, del Ministerio de Educaci\u00f3n y Deportes de la Naci\u00f3n, est\u00e1 destinado [&hellip;]<\/p>\n","protected":false},"author":7,"featured_media":16044,"comment_status":"closed","ping_status":"open","sticky":false,"template":"","format":"standard","meta":{"footnotes":""},"categories":[1,14],"tags":[],"class_list":["post-16040","post","type-post","status-publish","format-standard","has-post-thumbnail","hentry","category-noticias","category-noticias-fijas"],"_links":{"self":[{"href":"https:\/\/www.inet.edu.ar\/index.php\/wp-json\/wp\/v2\/posts\/16040","targetHints":{"allow":["GET"]}}],"collection":[{"href":"https:\/\/www.inet.edu.ar\/index.php\/wp-json\/wp\/v2\/posts"}],"about":[{"href":"https:\/\/www.inet.edu.ar\/index.php\/wp-json\/wp\/v2\/types\/post"}],"author":[{"embeddable":true,"href":"https:\/\/www.inet.edu.ar\/index.php\/wp-json\/wp\/v2\/users\/7"}],"replies":[{"embeddable":true,"href":"https:\/\/www.inet.edu.ar\/index.php\/wp-json\/wp\/v2\/comments?post=16040"}],"version-history":[{"count":7,"href":"https:\/\/www.inet.edu.ar\/index.php\/wp-json\/wp\/v2\/posts\/16040\/revisions"}],"predecessor-version":[{"id":16052,"href":"https:\/\/www.inet.edu.ar\/index.php\/wp-json\/wp\/v2\/posts\/16040\/revisions\/16052"}],"wp:featuredmedia":[{"embeddable":true,"href":"https:\/\/www.inet.edu.ar\/index.php\/wp-json\/wp\/v2\/media\/16044"}],"wp:attachment":[{"href":"https:\/\/www.inet.edu.ar\/index.php\/wp-json\/wp\/v2\/media?parent=16040"}],"wp:term":[{"taxonomy":"category","embeddable":true,"href":"https:\/\/www.inet.edu.ar\/index.php\/wp-json\/wp\/v2\/categories?post=16040"},{"taxonomy":"post_tag","embeddable":true,"href":"https:\/\/www.inet.edu.ar\/index.php\/wp-json\/wp\/v2\/tags?post=16040"}],"curies":[{"name":"wp","href":"https:\/\/api.w.org\/{rel}","templated":true}]}}