{"id":16127,"date":"2016-10-03T15:50:36","date_gmt":"2016-10-03T18:50:36","guid":{"rendered":"https:\/\/www.inet.edu.ar\/?p=16127"},"modified":"2016-10-03T16:31:28","modified_gmt":"2016-10-03T19:31:28","slug":"el-inet-presente-en-muestra-de-etp-de-tucuman","status":"publish","type":"post","link":"https:\/\/www.inet.edu.ar\/index.php\/el-inet-presente-en-muestra-de-etp-de-tucuman\/","title":{"rendered":"El INET presente en muestra de ETP de Tucum\u00e1n"},"content":{"rendered":"<p>&nbsp;<\/p>\n<p>San Miguel de Tucum\u00e1n<\/p>\n<p>El mi\u00e9rcoles 28 de septiembre participamos de\u00a0la \u00ab1\u00ba Muestra Provincial de Formaci\u00f3n Docente y Formaci\u00f3n T\u00e9cnica Profesional\u00bb en el\u00a0Centro de Innovaci\u00f3n e Investigaci\u00f3n para el Desarrollo Educativo, Productivo y Tecnol\u00f3gico (CIIDEPT)\u00a0en San Miguel de Tucum\u00e1n.\u00a0El objetivo del evento fue dar a\u00a0conocer las diversas propuestas de formaci\u00f3n docente y de Educaci\u00f3n Superior T\u00e9cnica que existen en la provincia.\u00a0Concurrieron\u00a0m\u00e1s de 1700 personas.<\/p>\n<p>Durante la ma\u00f1ana se realiz\u00f3 el acto de apertura.\u00a0Estuvieron presentes autoridades del Ministerio de Educaci\u00f3n de la provincia, de la Universidad Nacional de Tucum\u00e1n, la directora de Medioambiente local, representantes\u00a0del INET\u00a0y\u00a0del Instituto Nacional de Formaci\u00f3n Docente (INFOD), junto a representantes de gremios, supervisores, docentes y estudiantes.<\/p>\n<p>En simult\u00e1neo a la muestra, se dictaron\u00a0talleres dirigidos a los estudiantes de los Institutos de Educaci\u00f3n Superior, que fueron organizados y dictados por los coordinadores institucionales de Pol\u00edticas Estudiantiles.\u00a0Participaron todas las ofertas de Tecnicaturas Superiores.<\/p>\n<p><strong>Noticias relacionadas<\/strong><\/p>\n<p><a href=\"http:\/\/www.educaciontuc.gov.ar\/nsitio\/?p=5749\">\u00ab1\u00ba Muestra Provincial de Formaci\u00f3n Docente y Formaci\u00f3n T\u00e9cnica Profesional\u00bb- Ministerio de Educaci\u00f3n de Tucum\u00e1n<\/a><\/p>\n<p><strong>Galer\u00eda de im\u00e1genes<\/strong><\/p>\n\n\t\t<style type=\"text\/css\">\n\t\t\t#gallery-1 {\n\t\t\t\tmargin: auto;\n\t\t\t}\n\t\t\t#gallery-1 .gallery-item {\n\t\t\t\tfloat: left;\n\t\t\t\tmargin-top: 10px;\n\t\t\t\ttext-align: center;\n\t\t\t\twidth: 33%;\n\t\t\t}\n\t\t\t#gallery-1 img {\n\t\t\t\tborder: 2px solid #cfcfcf;\n\t\t\t}\n\t\t\t#gallery-1 .gallery-caption {\n\t\t\t\tmargin-left: 0;\n\t\t\t}\n\t\t\t\/* see gallery_shortcode() in wp-includes\/media.php *\/\n\t\t<\/style>\n\t\t<div id='gallery-1' class='gallery galleryid-16127 gallery-columns-3 gallery-size-medium'><dl class='gallery-item'>\n\t\t\t<dt class='gallery-icon landscape'>\n\t\t\t\t<a href='https:\/\/www.inet.edu.ar\/index.php\/el-inet-presente-en-muestra-de-etp-de-tucuman\/img-20160928-wa0004\/#main'><img loading=\"lazy\" decoding=\"async\" width=\"240\" height=\"135\" src=\"https:\/\/www.inet.edu.ar\/wp-content\/uploads\/2016\/10\/IMG-20160928-WA0004-240x135.jpg\" class=\"attachment-medium size-medium\" alt=\"\" srcset=\"https:\/\/www.inet.edu.ar\/wp-content\/uploads\/2016\/10\/IMG-20160928-WA0004-240x135.jpg 240w, https:\/\/www.inet.edu.ar\/wp-content\/uploads\/2016\/10\/IMG-20160928-WA0004-768x432.jpg 768w, https:\/\/www.inet.edu.ar\/wp-content\/uploads\/2016\/10\/IMG-20160928-WA0004-468x263.jpg 468w, https:\/\/www.inet.edu.ar\/wp-content\/uploads\/2016\/10\/IMG-20160928-WA0004.jpg 1032w\" sizes=\"auto, (max-width: 240px) 100vw, 240px\" \/><\/a>\n\t\t\t<\/dt><\/dl><dl class='gallery-item'>\n\t\t\t<dt class='gallery-icon landscape'>\n\t\t\t\t<a href='https:\/\/www.inet.edu.ar\/index.php\/el-inet-presente-en-muestra-de-etp-de-tucuman\/img-20160928-wa0005\/#main'><img loading=\"lazy\" decoding=\"async\" width=\"240\" height=\"144\" src=\"https:\/\/www.inet.edu.ar\/wp-content\/uploads\/2016\/10\/IMG-20160928-WA0005-240x144.jpg\" class=\"attachment-medium size-medium\" alt=\"\" srcset=\"https:\/\/www.inet.edu.ar\/wp-content\/uploads\/2016\/10\/IMG-20160928-WA0005-240x144.jpg 240w, https:\/\/www.inet.edu.ar\/wp-content\/uploads\/2016\/10\/IMG-20160928-WA0005-768x461.jpg 768w, https:\/\/www.inet.edu.ar\/wp-content\/uploads\/2016\/10\/IMG-20160928-WA0005-468x281.jpg 468w, https:\/\/www.inet.edu.ar\/wp-content\/uploads\/2016\/10\/IMG-20160928-WA0005.jpg 1280w\" sizes=\"auto, (max-width: 240px) 100vw, 240px\" \/><\/a>\n\t\t\t<\/dt><\/dl><dl class='gallery-item'>\n\t\t\t<dt class='gallery-icon landscape'>\n\t\t\t\t<a href='https:\/\/www.inet.edu.ar\/index.php\/el-inet-presente-en-muestra-de-etp-de-tucuman\/img-20160928-wa0006\/#main'><img loading=\"lazy\" decoding=\"async\" width=\"240\" height=\"135\" src=\"https:\/\/www.inet.edu.ar\/wp-content\/uploads\/2016\/10\/IMG-20160928-WA0006-240x135.jpg\" class=\"attachment-medium size-medium\" alt=\"\" srcset=\"https:\/\/www.inet.edu.ar\/wp-content\/uploads\/2016\/10\/IMG-20160928-WA0006-240x135.jpg 240w, https:\/\/www.inet.edu.ar\/wp-content\/uploads\/2016\/10\/IMG-20160928-WA0006-768x432.jpg 768w, https:\/\/www.inet.edu.ar\/wp-content\/uploads\/2016\/10\/IMG-20160928-WA0006-468x263.jpg 468w, https:\/\/www.inet.edu.ar\/wp-content\/uploads\/2016\/10\/IMG-20160928-WA0006.jpg 1032w\" sizes=\"auto, (max-width: 240px) 100vw, 240px\" \/><\/a>\n\t\t\t<\/dt><\/dl><br style=\"clear: both\" \/><dl class='gallery-item'>\n\t\t\t<dt class='gallery-icon landscape'>\n\t\t\t\t<a href='https:\/\/www.inet.edu.ar\/index.php\/el-inet-presente-en-muestra-de-etp-de-tucuman\/img-20160928-wa0007-2\/#main'><img loading=\"lazy\" decoding=\"async\" width=\"240\" height=\"135\" src=\"https:\/\/www.inet.edu.ar\/wp-content\/uploads\/2016\/10\/IMG-20160928-WA0007-1-240x135.jpg\" class=\"attachment-medium size-medium\" alt=\"\" srcset=\"https:\/\/www.inet.edu.ar\/wp-content\/uploads\/2016\/10\/IMG-20160928-WA0007-1-240x135.jpg 240w, https:\/\/www.inet.edu.ar\/wp-content\/uploads\/2016\/10\/IMG-20160928-WA0007-1-768x432.jpg 768w, https:\/\/www.inet.edu.ar\/wp-content\/uploads\/2016\/10\/IMG-20160928-WA0007-1-468x263.jpg 468w, https:\/\/www.inet.edu.ar\/wp-content\/uploads\/2016\/10\/IMG-20160928-WA0007-1.jpg 1032w\" sizes=\"auto, (max-width: 240px) 100vw, 240px\" \/><\/a>\n\t\t\t<\/dt><\/dl><dl class='gallery-item'>\n\t\t\t<dt class='gallery-icon landscape'>\n\t\t\t\t<a href='https:\/\/www.inet.edu.ar\/index.php\/el-inet-presente-en-muestra-de-etp-de-tucuman\/img-20160928-wa0008\/#main'><img loading=\"lazy\" decoding=\"async\" width=\"240\" height=\"135\" src=\"https:\/\/www.inet.edu.ar\/wp-content\/uploads\/2016\/10\/IMG-20160928-WA0008-240x135.jpg\" class=\"attachment-medium size-medium\" alt=\"\" srcset=\"https:\/\/www.inet.edu.ar\/wp-content\/uploads\/2016\/10\/IMG-20160928-WA0008-240x135.jpg 240w, https:\/\/www.inet.edu.ar\/wp-content\/uploads\/2016\/10\/IMG-20160928-WA0008-768x432.jpg 768w, https:\/\/www.inet.edu.ar\/wp-content\/uploads\/2016\/10\/IMG-20160928-WA0008-468x263.jpg 468w, https:\/\/www.inet.edu.ar\/wp-content\/uploads\/2016\/10\/IMG-20160928-WA0008.jpg 1032w\" sizes=\"auto, (max-width: 240px) 100vw, 240px\" \/><\/a>\n\t\t\t<\/dt><\/dl><dl class='gallery-item'>\n\t\t\t<dt class='gallery-icon landscape'>\n\t\t\t\t<a href='https:\/\/www.inet.edu.ar\/index.php\/el-inet-presente-en-muestra-de-etp-de-tucuman\/img-20160928-wa0009\/#main'><img loading=\"lazy\" decoding=\"async\" width=\"240\" height=\"135\" src=\"https:\/\/www.inet.edu.ar\/wp-content\/uploads\/2016\/10\/IMG-20160928-WA0009-240x135.jpg\" class=\"attachment-medium size-medium\" alt=\"\" srcset=\"https:\/\/www.inet.edu.ar\/wp-content\/uploads\/2016\/10\/IMG-20160928-WA0009-240x135.jpg 240w, https:\/\/www.inet.edu.ar\/wp-content\/uploads\/2016\/10\/IMG-20160928-WA0009-768x432.jpg 768w, https:\/\/www.inet.edu.ar\/wp-content\/uploads\/2016\/10\/IMG-20160928-WA0009-468x263.jpg 468w, https:\/\/www.inet.edu.ar\/wp-content\/uploads\/2016\/10\/IMG-20160928-WA0009.jpg 1032w\" sizes=\"auto, (max-width: 240px) 100vw, 240px\" \/><\/a>\n\t\t\t<\/dt><\/dl><br style=\"clear: both\" \/>\n\t\t<\/div>\n\n<p>&nbsp;<\/p>\n","protected":false},"excerpt":{"rendered":"<p>&nbsp; San Miguel de Tucum\u00e1n El mi\u00e9rcoles 28 de septiembre participamos de\u00a0la \u00ab1\u00ba Muestra Provincial de Formaci\u00f3n Docente y Formaci\u00f3n T\u00e9cnica Profesional\u00bb en el\u00a0Centro de Innovaci\u00f3n e Investigaci\u00f3n para el Desarrollo Educativo, Productivo y Tecnol\u00f3gico (CIIDEPT)\u00a0en San Miguel de Tucum\u00e1n.\u00a0El objetivo del evento fue dar a\u00a0conocer las diversas propuestas de formaci\u00f3n docente y de Educaci\u00f3n [&hellip;]<\/p>\n","protected":false},"author":7,"featured_media":16129,"comment_status":"closed","ping_status":"open","sticky":false,"template":"","format":"standard","meta":{"footnotes":""},"categories":[1,14],"tags":[],"class_list":["post-16127","post","type-post","status-publish","format-standard","has-post-thumbnail","hentry","category-noticias","category-noticias-fijas"],"_links":{"self":[{"href":"https:\/\/www.inet.edu.ar\/index.php\/wp-json\/wp\/v2\/posts\/16127","targetHints":{"allow":["GET"]}}],"collection":[{"href":"https:\/\/www.inet.edu.ar\/index.php\/wp-json\/wp\/v2\/posts"}],"about":[{"href":"https:\/\/www.inet.edu.ar\/index.php\/wp-json\/wp\/v2\/types\/post"}],"author":[{"embeddable":true,"href":"https:\/\/www.inet.edu.ar\/index.php\/wp-json\/wp\/v2\/users\/7"}],"replies":[{"embeddable":true,"href":"https:\/\/www.inet.edu.ar\/index.php\/wp-json\/wp\/v2\/comments?post=16127"}],"version-history":[{"count":3,"href":"https:\/\/www.inet.edu.ar\/index.php\/wp-json\/wp\/v2\/posts\/16127\/revisions"}],"predecessor-version":[{"id":16145,"href":"https:\/\/www.inet.edu.ar\/index.php\/wp-json\/wp\/v2\/posts\/16127\/revisions\/16145"}],"wp:featuredmedia":[{"embeddable":true,"href":"https:\/\/www.inet.edu.ar\/index.php\/wp-json\/wp\/v2\/media\/16129"}],"wp:attachment":[{"href":"https:\/\/www.inet.edu.ar\/index.php\/wp-json\/wp\/v2\/media?parent=16127"}],"wp:term":[{"taxonomy":"category","embeddable":true,"href":"https:\/\/www.inet.edu.ar\/index.php\/wp-json\/wp\/v2\/categories?post=16127"},{"taxonomy":"post_tag","embeddable":true,"href":"https:\/\/www.inet.edu.ar\/index.php\/wp-json\/wp\/v2\/tags?post=16127"}],"curies":[{"name":"wp","href":"https:\/\/api.w.org\/{rel}","templated":true}]}}