{"id":16226,"date":"2016-10-06T12:15:25","date_gmt":"2016-10-06T15:15:25","guid":{"rendered":"https:\/\/www.inet.edu.ar\/?p=16226"},"modified":"2016-10-06T12:15:25","modified_gmt":"2016-10-06T15:15:25","slug":"foro-de-energias-renovables-en-tierra-del-fuego","status":"publish","type":"post","link":"https:\/\/www.inet.edu.ar\/index.php\/foro-de-energias-renovables-en-tierra-del-fuego\/","title":{"rendered":"Foro de energ\u00edas renovables en Tierra del Fuego"},"content":{"rendered":"<p>R\u00edo Grande<\/p>\n<p>Participamos ayer del \u00abI Foro Sectorial: Estado actual de las energ\u00edas renovables en la provincia de Tierra del Fuego, Ant\u00e1rtida e Islas del Atl\u00e1ntico Sur\u00bb, junto al secretario permanente del <a href=\"https:\/\/www.inet.edu.ar\/index.php\/institucional\/conetyp\/\">CoNETyP<\/a>, Santiago de la Barrera, y la directora nacional de Asuntos Federales, Graciela Uequ\u00edn.<\/p>\n<p>Los objetivos del encuentro fueron\u00a0generar un espacio de di\u00e1logo sobre la tem\u00e1tica, articular acciones para potenciar este tipo de energ\u00edas en la provincia, y conformar equipos de trabajo para fortalecer la Educaci\u00f3n T\u00e9cnica en energ\u00edas renovables.<\/p>\n<p><strong>Enlaces relacionados<\/strong><\/p>\n<p><a href=\"https:\/\/www.inet.edu.ar\/index.php\/institucional\/conetyp\/foros-sectoriales\/\">\u00abForos sectoriales\u00bb<\/a><\/p>\n<p><strong>Galer\u00eda de im\u00e1genes<\/strong> (Gentileza Unidad Ejecutora Jurisdiccional &#8211;\u00a0Educaci\u00f3n T\u00e9cnico &#8211; Profesional\u00a0Tierra del Fuego, A e I. A. S.)<\/p>\n\n\t\t<style type=\"text\/css\">\n\t\t\t#gallery-1 {\n\t\t\t\tmargin: auto;\n\t\t\t}\n\t\t\t#gallery-1 .gallery-item {\n\t\t\t\tfloat: left;\n\t\t\t\tmargin-top: 10px;\n\t\t\t\ttext-align: center;\n\t\t\t\twidth: 33%;\n\t\t\t}\n\t\t\t#gallery-1 img {\n\t\t\t\tborder: 2px solid #cfcfcf;\n\t\t\t}\n\t\t\t#gallery-1 .gallery-caption {\n\t\t\t\tmargin-left: 0;\n\t\t\t}\n\t\t\t\/* see gallery_shortcode() in wp-includes\/media.php *\/\n\t\t<\/style>\n\t\t<div id='gallery-1' class='gallery galleryid-16226 gallery-columns-3 gallery-size-medium'><dl class='gallery-item'>\n\t\t\t<dt class='gallery-icon landscape'>\n\t\t\t\t<a href='https:\/\/www.inet.edu.ar\/index.php\/foro-de-energias-renovables-en-tierra-del-fuego\/dsc_0435-2\/#main'><img loading=\"lazy\" decoding=\"async\" width=\"240\" height=\"160\" src=\"https:\/\/www.inet.edu.ar\/wp-content\/uploads\/2016\/10\/DSC_0435-240x160.jpg\" class=\"attachment-medium size-medium\" alt=\"\" srcset=\"https:\/\/www.inet.edu.ar\/wp-content\/uploads\/2016\/10\/DSC_0435-240x160.jpg 240w, https:\/\/www.inet.edu.ar\/wp-content\/uploads\/2016\/10\/DSC_0435-150x100.jpg 150w, https:\/\/www.inet.edu.ar\/wp-content\/uploads\/2016\/10\/DSC_0435-768x512.jpg 768w, https:\/\/www.inet.edu.ar\/wp-content\/uploads\/2016\/10\/DSC_0435-468x312.jpg 468w\" sizes=\"auto, (max-width: 240px) 100vw, 240px\" \/><\/a>\n\t\t\t<\/dt><\/dl><dl class='gallery-item'>\n\t\t\t<dt class='gallery-icon landscape'>\n\t\t\t\t<a href='https:\/\/www.inet.edu.ar\/index.php\/foro-de-energias-renovables-en-tierra-del-fuego\/dsc_0460-2\/#main'><img loading=\"lazy\" decoding=\"async\" width=\"240\" height=\"160\" src=\"https:\/\/www.inet.edu.ar\/wp-content\/uploads\/2016\/10\/DSC_0460-240x160.jpg\" class=\"attachment-medium size-medium\" alt=\"\" srcset=\"https:\/\/www.inet.edu.ar\/wp-content\/uploads\/2016\/10\/DSC_0460-240x160.jpg 240w, https:\/\/www.inet.edu.ar\/wp-content\/uploads\/2016\/10\/DSC_0460-150x100.jpg 150w, https:\/\/www.inet.edu.ar\/wp-content\/uploads\/2016\/10\/DSC_0460-768x512.jpg 768w, https:\/\/www.inet.edu.ar\/wp-content\/uploads\/2016\/10\/DSC_0460-468x312.jpg 468w\" sizes=\"auto, (max-width: 240px) 100vw, 240px\" \/><\/a>\n\t\t\t<\/dt><\/dl><dl class='gallery-item'>\n\t\t\t<dt class='gallery-icon landscape'>\n\t\t\t\t<a href='https:\/\/www.inet.edu.ar\/index.php\/foro-de-energias-renovables-en-tierra-del-fuego\/dsc_0454-2\/#main'><img loading=\"lazy\" decoding=\"async\" width=\"240\" height=\"160\" src=\"https:\/\/www.inet.edu.ar\/wp-content\/uploads\/2016\/10\/DSC_0454-240x160.jpg\" class=\"attachment-medium size-medium\" alt=\"\" srcset=\"https:\/\/www.inet.edu.ar\/wp-content\/uploads\/2016\/10\/DSC_0454-240x160.jpg 240w, https:\/\/www.inet.edu.ar\/wp-content\/uploads\/2016\/10\/DSC_0454-150x100.jpg 150w, https:\/\/www.inet.edu.ar\/wp-content\/uploads\/2016\/10\/DSC_0454-768x512.jpg 768w, https:\/\/www.inet.edu.ar\/wp-content\/uploads\/2016\/10\/DSC_0454-468x312.jpg 468w\" sizes=\"auto, (max-width: 240px) 100vw, 240px\" \/><\/a>\n\t\t\t<\/dt><\/dl><br style=\"clear: both\" \/><dl class='gallery-item'>\n\t\t\t<dt class='gallery-icon landscape'>\n\t\t\t\t<a href='https:\/\/www.inet.edu.ar\/index.php\/foro-de-energias-renovables-en-tierra-del-fuego\/dsc_0445\/#main'><img loading=\"lazy\" decoding=\"async\" width=\"240\" height=\"160\" src=\"https:\/\/www.inet.edu.ar\/wp-content\/uploads\/2016\/10\/DSC_0445-240x160.jpg\" class=\"attachment-medium size-medium\" alt=\"\" srcset=\"https:\/\/www.inet.edu.ar\/wp-content\/uploads\/2016\/10\/DSC_0445-240x160.jpg 240w, https:\/\/www.inet.edu.ar\/wp-content\/uploads\/2016\/10\/DSC_0445-150x100.jpg 150w, https:\/\/www.inet.edu.ar\/wp-content\/uploads\/2016\/10\/DSC_0445-768x512.jpg 768w, https:\/\/www.inet.edu.ar\/wp-content\/uploads\/2016\/10\/DSC_0445-468x312.jpg 468w\" sizes=\"auto, (max-width: 240px) 100vw, 240px\" \/><\/a>\n\t\t\t<\/dt><\/dl><dl class='gallery-item'>\n\t\t\t<dt class='gallery-icon landscape'>\n\t\t\t\t<a href='https:\/\/www.inet.edu.ar\/index.php\/foro-de-energias-renovables-en-tierra-del-fuego\/dsc_0448\/#main'><img loading=\"lazy\" decoding=\"async\" width=\"240\" height=\"160\" src=\"https:\/\/www.inet.edu.ar\/wp-content\/uploads\/2016\/10\/DSC_0448-240x160.jpg\" class=\"attachment-medium size-medium\" alt=\"\" srcset=\"https:\/\/www.inet.edu.ar\/wp-content\/uploads\/2016\/10\/DSC_0448-240x160.jpg 240w, https:\/\/www.inet.edu.ar\/wp-content\/uploads\/2016\/10\/DSC_0448-150x100.jpg 150w, https:\/\/www.inet.edu.ar\/wp-content\/uploads\/2016\/10\/DSC_0448-768x512.jpg 768w, https:\/\/www.inet.edu.ar\/wp-content\/uploads\/2016\/10\/DSC_0448-468x312.jpg 468w\" sizes=\"auto, (max-width: 240px) 100vw, 240px\" \/><\/a>\n\t\t\t<\/dt><\/dl><dl class='gallery-item'>\n\t\t\t<dt class='gallery-icon landscape'>\n\t\t\t\t<a href='https:\/\/www.inet.edu.ar\/index.php\/foro-de-energias-renovables-en-tierra-del-fuego\/dsc_0451-2\/#main'><img loading=\"lazy\" decoding=\"async\" width=\"240\" height=\"160\" src=\"https:\/\/www.inet.edu.ar\/wp-content\/uploads\/2016\/10\/DSC_0451-240x160.jpg\" class=\"attachment-medium size-medium\" alt=\"\" srcset=\"https:\/\/www.inet.edu.ar\/wp-content\/uploads\/2016\/10\/DSC_0451-240x160.jpg 240w, https:\/\/www.inet.edu.ar\/wp-content\/uploads\/2016\/10\/DSC_0451-150x100.jpg 150w, https:\/\/www.inet.edu.ar\/wp-content\/uploads\/2016\/10\/DSC_0451-768x512.jpg 768w, https:\/\/www.inet.edu.ar\/wp-content\/uploads\/2016\/10\/DSC_0451-468x312.jpg 468w\" sizes=\"auto, (max-width: 240px) 100vw, 240px\" \/><\/a>\n\t\t\t<\/dt><\/dl><br style=\"clear: both\" \/><dl class='gallery-item'>\n\t\t\t<dt class='gallery-icon landscape'>\n\t\t\t\t<a href='https:\/\/www.inet.edu.ar\/index.php\/foro-de-energias-renovables-en-tierra-del-fuego\/dsc_0468\/#main'><img loading=\"lazy\" decoding=\"async\" width=\"240\" height=\"160\" src=\"https:\/\/www.inet.edu.ar\/wp-content\/uploads\/2016\/10\/DSC_0468-240x160.jpg\" class=\"attachment-medium size-medium\" alt=\"\" srcset=\"https:\/\/www.inet.edu.ar\/wp-content\/uploads\/2016\/10\/DSC_0468-240x160.jpg 240w, https:\/\/www.inet.edu.ar\/wp-content\/uploads\/2016\/10\/DSC_0468-150x100.jpg 150w, https:\/\/www.inet.edu.ar\/wp-content\/uploads\/2016\/10\/DSC_0468-768x512.jpg 768w, https:\/\/www.inet.edu.ar\/wp-content\/uploads\/2016\/10\/DSC_0468-468x312.jpg 468w\" sizes=\"auto, (max-width: 240px) 100vw, 240px\" \/><\/a>\n\t\t\t<\/dt><\/dl><dl class='gallery-item'>\n\t\t\t<dt class='gallery-icon landscape'>\n\t\t\t\t<a href='https:\/\/www.inet.edu.ar\/index.php\/foro-de-energias-renovables-en-tierra-del-fuego\/dsc_0467-2\/#main'><img loading=\"lazy\" decoding=\"async\" width=\"240\" height=\"160\" src=\"https:\/\/www.inet.edu.ar\/wp-content\/uploads\/2016\/10\/DSC_0467-1-240x160.jpg\" class=\"attachment-medium size-medium\" alt=\"\" srcset=\"https:\/\/www.inet.edu.ar\/wp-content\/uploads\/2016\/10\/DSC_0467-1-240x160.jpg 240w, https:\/\/www.inet.edu.ar\/wp-content\/uploads\/2016\/10\/DSC_0467-1-150x100.jpg 150w, https:\/\/www.inet.edu.ar\/wp-content\/uploads\/2016\/10\/DSC_0467-1-768x512.jpg 768w, https:\/\/www.inet.edu.ar\/wp-content\/uploads\/2016\/10\/DSC_0467-1-468x312.jpg 468w\" sizes=\"auto, (max-width: 240px) 100vw, 240px\" \/><\/a>\n\t\t\t<\/dt><\/dl><dl class='gallery-item'>\n\t\t\t<dt class='gallery-icon landscape'>\n\t\t\t\t<a href='https:\/\/www.inet.edu.ar\/index.php\/foro-de-energias-renovables-en-tierra-del-fuego\/dsc_0470\/#main'><img loading=\"lazy\" decoding=\"async\" width=\"240\" height=\"160\" src=\"https:\/\/www.inet.edu.ar\/wp-content\/uploads\/2016\/10\/DSC_0470-240x160.jpg\" class=\"attachment-medium size-medium\" alt=\"\" srcset=\"https:\/\/www.inet.edu.ar\/wp-content\/uploads\/2016\/10\/DSC_0470-240x160.jpg 240w, https:\/\/www.inet.edu.ar\/wp-content\/uploads\/2016\/10\/DSC_0470-150x100.jpg 150w, https:\/\/www.inet.edu.ar\/wp-content\/uploads\/2016\/10\/DSC_0470-768x512.jpg 768w, https:\/\/www.inet.edu.ar\/wp-content\/uploads\/2016\/10\/DSC_0470-468x312.jpg 468w\" sizes=\"auto, (max-width: 240px) 100vw, 240px\" \/><\/a>\n\t\t\t<\/dt><\/dl><br style=\"clear: both\" \/><dl class='gallery-item'>\n\t\t\t<dt class='gallery-icon landscape'>\n\t\t\t\t<a href='https:\/\/www.inet.edu.ar\/index.php\/foro-de-energias-renovables-en-tierra-del-fuego\/dsc_0461\/#main'><img loading=\"lazy\" decoding=\"async\" width=\"240\" height=\"160\" src=\"https:\/\/www.inet.edu.ar\/wp-content\/uploads\/2016\/10\/DSC_0461-240x160.jpg\" class=\"attachment-medium size-medium\" alt=\"\" srcset=\"https:\/\/www.inet.edu.ar\/wp-content\/uploads\/2016\/10\/DSC_0461-240x160.jpg 240w, https:\/\/www.inet.edu.ar\/wp-content\/uploads\/2016\/10\/DSC_0461-150x100.jpg 150w, https:\/\/www.inet.edu.ar\/wp-content\/uploads\/2016\/10\/DSC_0461-768x512.jpg 768w, https:\/\/www.inet.edu.ar\/wp-content\/uploads\/2016\/10\/DSC_0461-468x312.jpg 468w\" sizes=\"auto, (max-width: 240px) 100vw, 240px\" \/><\/a>\n\t\t\t<\/dt><\/dl><dl class='gallery-item'>\n\t\t\t<dt class='gallery-icon landscape'>\n\t\t\t\t<a href='https:\/\/www.inet.edu.ar\/index.php\/foro-de-energias-renovables-en-tierra-del-fuego\/dsc_0491\/#main'><img loading=\"lazy\" decoding=\"async\" width=\"240\" height=\"160\" src=\"https:\/\/www.inet.edu.ar\/wp-content\/uploads\/2016\/10\/DSC_0491-240x160.jpg\" class=\"attachment-medium size-medium\" alt=\"\" srcset=\"https:\/\/www.inet.edu.ar\/wp-content\/uploads\/2016\/10\/DSC_0491-240x160.jpg 240w, https:\/\/www.inet.edu.ar\/wp-content\/uploads\/2016\/10\/DSC_0491-150x100.jpg 150w, https:\/\/www.inet.edu.ar\/wp-content\/uploads\/2016\/10\/DSC_0491-768x512.jpg 768w, https:\/\/www.inet.edu.ar\/wp-content\/uploads\/2016\/10\/DSC_0491-468x312.jpg 468w\" sizes=\"auto, (max-width: 240px) 100vw, 240px\" \/><\/a>\n\t\t\t<\/dt><\/dl><dl class='gallery-item'>\n\t\t\t<dt class='gallery-icon landscape'>\n\t\t\t\t<a href='https:\/\/www.inet.edu.ar\/index.php\/foro-de-energias-renovables-en-tierra-del-fuego\/dsc_0509\/#main'><img loading=\"lazy\" decoding=\"async\" width=\"240\" height=\"160\" src=\"https:\/\/www.inet.edu.ar\/wp-content\/uploads\/2016\/10\/DSC_0509-240x160.jpg\" class=\"attachment-medium size-medium\" alt=\"\" srcset=\"https:\/\/www.inet.edu.ar\/wp-content\/uploads\/2016\/10\/DSC_0509-240x160.jpg 240w, https:\/\/www.inet.edu.ar\/wp-content\/uploads\/2016\/10\/DSC_0509-150x100.jpg 150w, https:\/\/www.inet.edu.ar\/wp-content\/uploads\/2016\/10\/DSC_0509-768x512.jpg 768w, https:\/\/www.inet.edu.ar\/wp-content\/uploads\/2016\/10\/DSC_0509-468x312.jpg 468w\" sizes=\"auto, (max-width: 240px) 100vw, 240px\" \/><\/a>\n\t\t\t<\/dt><\/dl><br style=\"clear: both\" \/><dl class='gallery-item'>\n\t\t\t<dt class='gallery-icon landscape'>\n\t\t\t\t<a href='https:\/\/www.inet.edu.ar\/index.php\/foro-de-energias-renovables-en-tierra-del-fuego\/dsc_0537-2\/#main'><img loading=\"lazy\" decoding=\"async\" width=\"240\" height=\"160\" src=\"https:\/\/www.inet.edu.ar\/wp-content\/uploads\/2016\/10\/DSC_0537-240x160.jpg\" class=\"attachment-medium size-medium\" alt=\"\" srcset=\"https:\/\/www.inet.edu.ar\/wp-content\/uploads\/2016\/10\/DSC_0537-240x160.jpg 240w, https:\/\/www.inet.edu.ar\/wp-content\/uploads\/2016\/10\/DSC_0537-150x100.jpg 150w, https:\/\/www.inet.edu.ar\/wp-content\/uploads\/2016\/10\/DSC_0537-768x512.jpg 768w, https:\/\/www.inet.edu.ar\/wp-content\/uploads\/2016\/10\/DSC_0537-468x312.jpg 468w\" sizes=\"auto, (max-width: 240px) 100vw, 240px\" \/><\/a>\n\t\t\t<\/dt><\/dl><dl class='gallery-item'>\n\t\t\t<dt class='gallery-icon landscape'>\n\t\t\t\t<a href='https:\/\/www.inet.edu.ar\/index.php\/foro-de-energias-renovables-en-tierra-del-fuego\/dsc_0545\/#main'><img loading=\"lazy\" decoding=\"async\" width=\"240\" height=\"160\" src=\"https:\/\/www.inet.edu.ar\/wp-content\/uploads\/2016\/10\/DSC_0545-240x160.jpg\" class=\"attachment-medium size-medium\" alt=\"\" srcset=\"https:\/\/www.inet.edu.ar\/wp-content\/uploads\/2016\/10\/DSC_0545-240x160.jpg 240w, https:\/\/www.inet.edu.ar\/wp-content\/uploads\/2016\/10\/DSC_0545-150x100.jpg 150w, https:\/\/www.inet.edu.ar\/wp-content\/uploads\/2016\/10\/DSC_0545-768x512.jpg 768w, https:\/\/www.inet.edu.ar\/wp-content\/uploads\/2016\/10\/DSC_0545-468x312.jpg 468w\" sizes=\"auto, (max-width: 240px) 100vw, 240px\" \/><\/a>\n\t\t\t<\/dt><\/dl><dl class='gallery-item'>\n\t\t\t<dt class='gallery-icon landscape'>\n\t\t\t\t<a href='https:\/\/www.inet.edu.ar\/index.php\/foro-de-energias-renovables-en-tierra-del-fuego\/dsc_0587\/#main'><img loading=\"lazy\" decoding=\"async\" width=\"240\" height=\"160\" src=\"https:\/\/www.inet.edu.ar\/wp-content\/uploads\/2016\/10\/DSC_0587-240x160.jpg\" class=\"attachment-medium size-medium\" alt=\"\" srcset=\"https:\/\/www.inet.edu.ar\/wp-content\/uploads\/2016\/10\/DSC_0587-240x160.jpg 240w, https:\/\/www.inet.edu.ar\/wp-content\/uploads\/2016\/10\/DSC_0587-150x100.jpg 150w, https:\/\/www.inet.edu.ar\/wp-content\/uploads\/2016\/10\/DSC_0587-768x512.jpg 768w, https:\/\/www.inet.edu.ar\/wp-content\/uploads\/2016\/10\/DSC_0587-468x312.jpg 468w\" sizes=\"auto, (max-width: 240px) 100vw, 240px\" \/><\/a>\n\t\t\t<\/dt><\/dl><br style=\"clear: both\" \/><dl class='gallery-item'>\n\t\t\t<dt class='gallery-icon landscape'>\n\t\t\t\t<a href='https:\/\/www.inet.edu.ar\/index.php\/foro-de-energias-renovables-en-tierra-del-fuego\/dsc_0678\/#main'><img loading=\"lazy\" decoding=\"async\" width=\"240\" height=\"160\" src=\"https:\/\/www.inet.edu.ar\/wp-content\/uploads\/2016\/10\/DSC_0678-240x160.jpg\" class=\"attachment-medium size-medium\" alt=\"\" srcset=\"https:\/\/www.inet.edu.ar\/wp-content\/uploads\/2016\/10\/DSC_0678-240x160.jpg 240w, https:\/\/www.inet.edu.ar\/wp-content\/uploads\/2016\/10\/DSC_0678-150x100.jpg 150w, https:\/\/www.inet.edu.ar\/wp-content\/uploads\/2016\/10\/DSC_0678-768x512.jpg 768w, https:\/\/www.inet.edu.ar\/wp-content\/uploads\/2016\/10\/DSC_0678-468x312.jpg 468w\" sizes=\"auto, (max-width: 240px) 100vw, 240px\" \/><\/a>\n\t\t\t<\/dt><\/dl><dl class='gallery-item'>\n\t\t\t<dt class='gallery-icon landscape'>\n\t\t\t\t<a href='https:\/\/www.inet.edu.ar\/index.php\/foro-de-energias-renovables-en-tierra-del-fuego\/dsc_0681\/#main'><img loading=\"lazy\" decoding=\"async\" width=\"240\" height=\"160\" src=\"https:\/\/www.inet.edu.ar\/wp-content\/uploads\/2016\/10\/DSC_0681-240x160.jpg\" class=\"attachment-medium size-medium\" alt=\"\" srcset=\"https:\/\/www.inet.edu.ar\/wp-content\/uploads\/2016\/10\/DSC_0681-240x160.jpg 240w, https:\/\/www.inet.edu.ar\/wp-content\/uploads\/2016\/10\/DSC_0681-150x100.jpg 150w, https:\/\/www.inet.edu.ar\/wp-content\/uploads\/2016\/10\/DSC_0681-768x512.jpg 768w, https:\/\/www.inet.edu.ar\/wp-content\/uploads\/2016\/10\/DSC_0681-468x312.jpg 468w\" sizes=\"auto, (max-width: 240px) 100vw, 240px\" \/><\/a>\n\t\t\t<\/dt><\/dl><dl class='gallery-item'>\n\t\t\t<dt class='gallery-icon landscape'>\n\t\t\t\t<a href='https:\/\/www.inet.edu.ar\/index.php\/foro-de-energias-renovables-en-tierra-del-fuego\/dsc_01673\/#main'><img loading=\"lazy\" decoding=\"async\" width=\"240\" height=\"160\" src=\"https:\/\/www.inet.edu.ar\/wp-content\/uploads\/2016\/10\/DSC_01673-240x160.jpg\" class=\"attachment-medium size-medium\" alt=\"\" srcset=\"https:\/\/www.inet.edu.ar\/wp-content\/uploads\/2016\/10\/DSC_01673-240x160.jpg 240w, https:\/\/www.inet.edu.ar\/wp-content\/uploads\/2016\/10\/DSC_01673-150x100.jpg 150w, https:\/\/www.inet.edu.ar\/wp-content\/uploads\/2016\/10\/DSC_01673-768x512.jpg 768w, https:\/\/www.inet.edu.ar\/wp-content\/uploads\/2016\/10\/DSC_01673-468x312.jpg 468w\" sizes=\"auto, (max-width: 240px) 100vw, 240px\" \/><\/a>\n\t\t\t<\/dt><\/dl><br style=\"clear: both\" \/>\n\t\t<\/div>\n\n<p>&nbsp;<\/p>\n<p>&nbsp;<\/p>\n<p>&nbsp;<\/p>\n","protected":false},"excerpt":{"rendered":"<p>R\u00edo Grande Participamos ayer del \u00abI Foro Sectorial: Estado actual de las energ\u00edas renovables en la provincia de Tierra del Fuego, Ant\u00e1rtida e Islas del Atl\u00e1ntico Sur\u00bb, junto al secretario permanente del CoNETyP, Santiago de la Barrera, y la directora nacional de Asuntos Federales, Graciela Uequ\u00edn. Los objetivos del encuentro fueron\u00a0generar un espacio de di\u00e1logo [&hellip;]<\/p>\n","protected":false},"author":7,"featured_media":16242,"comment_status":"closed","ping_status":"open","sticky":false,"template":"","format":"standard","meta":{"footnotes":""},"categories":[1,14],"tags":[24,25],"class_list":["post-16226","post","type-post","status-publish","format-standard","has-post-thumbnail","hentry","category-noticias","category-noticias-fijas","tag-conetyp","tag-copetyp"],"_links":{"self":[{"href":"https:\/\/www.inet.edu.ar\/index.php\/wp-json\/wp\/v2\/posts\/16226","targetHints":{"allow":["GET"]}}],"collection":[{"href":"https:\/\/www.inet.edu.ar\/index.php\/wp-json\/wp\/v2\/posts"}],"about":[{"href":"https:\/\/www.inet.edu.ar\/index.php\/wp-json\/wp\/v2\/types\/post"}],"author":[{"embeddable":true,"href":"https:\/\/www.inet.edu.ar\/index.php\/wp-json\/wp\/v2\/users\/7"}],"replies":[{"embeddable":true,"href":"https:\/\/www.inet.edu.ar\/index.php\/wp-json\/wp\/v2\/comments?post=16226"}],"version-history":[{"count":3,"href":"https:\/\/www.inet.edu.ar\/index.php\/wp-json\/wp\/v2\/posts\/16226\/revisions"}],"predecessor-version":[{"id":16262,"href":"https:\/\/www.inet.edu.ar\/index.php\/wp-json\/wp\/v2\/posts\/16226\/revisions\/16262"}],"wp:featuredmedia":[{"embeddable":true,"href":"https:\/\/www.inet.edu.ar\/index.php\/wp-json\/wp\/v2\/media\/16242"}],"wp:attachment":[{"href":"https:\/\/www.inet.edu.ar\/index.php\/wp-json\/wp\/v2\/media?parent=16226"}],"wp:term":[{"taxonomy":"category","embeddable":true,"href":"https:\/\/www.inet.edu.ar\/index.php\/wp-json\/wp\/v2\/categories?post=16226"},{"taxonomy":"post_tag","embeddable":true,"href":"https:\/\/www.inet.edu.ar\/index.php\/wp-json\/wp\/v2\/tags?post=16226"}],"curies":[{"name":"wp","href":"https:\/\/api.w.org\/{rel}","templated":true}]}}