{"id":16665,"date":"2016-10-21T18:57:27","date_gmt":"2016-10-21T21:57:27","guid":{"rendered":"https:\/\/www.inet.edu.ar\/?p=16665"},"modified":"2016-10-26T12:28:11","modified_gmt":"2016-10-26T15:28:11","slug":"encuentro-de-estudiantes-de-educacion-tecnico-profesional-de-todo-el-pais-tecnicamente-instancia-final","status":"publish","type":"post","link":"https:\/\/www.inet.edu.ar\/index.php\/encuentro-de-estudiantes-de-educacion-tecnico-profesional-de-todo-el-pais-tecnicamente-instancia-final\/","title":{"rendered":"Encuentro de Estudiantes de Educaci\u00f3n T\u00e9cnico Profesional de todo el pa\u00eds: \u201cT\u00e9cnicaMente\u201d \u2013instancia Final"},"content":{"rendered":"<p style=\"text-align: center;\"><em>Estar\u00e1n presentes el gobernador, Juan Manuel Urtubey; el ministro de Educaci\u00f3n y Deportes de la Naci\u00f3n, Esteban Bullrich; la ministra de Educaci\u00f3n, Ciencia y Tecnolog\u00eda de Salta, Anal\u00eda Berruezo; y el director ejecutivo del INET, Gabriel S\u00e1nchez Zinny<\/em><\/p>\n<p>Ciudad de Salta<\/p>\n<p><strong>T\u00e9cnicaMente<\/strong> es el encuentro que convoca a estudiantes y docentes de escuelas Secundarias T\u00e9cnicas, institutos Superiores T\u00e9cnicos y centros de Formaci\u00f3n Profesional de todo el pa\u00eds a exhibir y compartir los proyectos, trabajos innovadores y experiencias realizados en sus instituciones.<\/p>\n<p>Est\u00e1 organizado por el Ministerio de Educaci\u00f3n y Deportes de la Naci\u00f3n, a trav\u00e9s del Instituto Nacional de Educaci\u00f3n Tecnol\u00f3gica (INET), junto a las 24 jurisdicciones educativas (todas las provincias y la Ciudad Aut\u00f3noma de Buenos Aires).<\/p>\n<p>La instancia Nacional se realizar\u00e1 entre el 24 a 27 de octubre en la provincia de Salta (en el Centro de Convenciones).<\/p>\n<p>Los trabajos de nivel Secundario T\u00e9cnico que se exhibir\u00e1n en esta instancia fueron seleccionados, en los distintos regionales, por los propios estudiantes, sus docentes y directivos, junto a integrantes del Consejo Provincial de Educaci\u00f3n, Trabajo y Producci\u00f3n (CoPETyP) de la jurisdicci\u00f3n anfitriona. A estos proyectos, se sumar\u00e1n algunos de Formaci\u00f3n Profesional, y de institutos Superiores T\u00e9cnicos.<\/p>\n<p>Lo novedoso de este cuarto a\u00f1o del T\u00e9cnicamente es que, en forma simult\u00e1nea a la exposici\u00f3n, se realiza el Encuentro para Docentes de nivel Secundario \u201cExperiencias pedag\u00f3gicas innovadoras en el nivel medio de la ETP\u201d, en el que profesores de todas las jurisdicciones presentar\u00e1n pr\u00e1cticas innovadoras que se consideren relevantes y de inter\u00e9s para la comunidad educativa t\u00e9cnica y que contribuyan a fortalecer los procesos de inclusi\u00f3n, retenci\u00f3n y egreso de los estudiantes, as\u00ed como la mejora de los aprendizajes con calidad.<\/p>\n<p><a href=\"https:\/\/www.inet.edu.ar\/wp-content\/uploads\/2016\/10\/PROYECTOS-PARA-LA-INSTANCIA-FINAL.pdf\">Proyectos que se expondr\u00e1n en la instancia final<\/a><\/p>\n<p><a href=\"https:\/\/www.inet.edu.ar\/wp-content\/uploads\/2016\/10\/EXPERIENCIAS-PEDAG\u00d3GICAS-EN-LA-INSTANCIA-FINAL.pdf\">Experiencias pedag\u00f3gicas que se\u00a0expondr\u00e1n en la instancia final<\/a><\/p>\n<p>Para m\u00e1s informaci\u00f3n: <a href=\"https:\/\/www.inet.edu.ar\/index.php\/niveles-educativos\/educacion-secundaria-tecnica\/encuentros-educativos\/tecnicamente\/\">Encuentros Estudiantiles-T\u00e9cnicaMente<\/a><\/p>\n<p><strong>Noticias relacionadas<\/strong><\/p>\n<p><a href=\"https:\/\/www.inet.edu.ar\/index.php\/creatividad-innovacion-compromiso-y-entusiasmo-en-los-ultimos-regionales-del-encuentro-tecnicamente\/\">\u00abCreatividad, innovaci\u00f3n, compromiso y entusiasmo en los \u00faltimos regionales del encuentro T\u00e9cnicaMente\u00bb<\/a><\/p>\n<p><a href=\"https:\/\/www.inet.edu.ar\/index.php\/mas-de-300-alumnos-docentes-y-directivos-de-etp-expusieron-sus-trabajos-en-tecnicamente-de-cordoba\/\">\u201cM\u00e1s de 300 alumnos, docentes y directivos de ETP expusieron sus trabajos en T\u00e9cnicaMente de C\u00f3rdoba\u201d<\/a><\/p>\n<p><a href=\"https:\/\/www.inet.edu.ar\/index.php\/escuelas-tecnicas-de-la-patagonia-mostraron-sus-proyectos-en-el-segundo-regional-de-tecnicamente\/\">\u201cEscuelas t\u00e9cnicas de la Patagonia mostraron sus proyectos en el segundo regional de T\u00e9cnicaMente\u201d<\/a><\/p>\n<p><a href=\"https:\/\/www.inet.edu.ar\/index.php\/tecnicamente-cuyo-innovacion-emprendedorismo-inclusion-cuidado-del-medioambiente\/\">\u201cT\u00e9cnicamente Cuyo: Innovaci\u00f3n, emprendedorismo, inclusi\u00f3n, cuidado del medioambiente\u201d<\/a><\/p>\n<p><a href=\"https:\/\/www.inet.edu.ar\/index.php\/alumnos-de-escuelas-tecnicas-de-chaco-formosa-corrientes-misiones-y-entre-rios-brillaron-en-tecnicamente-nea\/\">\u201cAlumnos de escuelas t\u00e9cnicas de Chaco, Formosa, Corrientes, Misiones y Entre R\u00edos brillaron en T\u00e9cnicaMente NEA\u201d<\/a><\/p>\n","protected":false},"excerpt":{"rendered":"<p>Estar\u00e1n presentes el gobernador, Juan Manuel Urtubey; el ministro de Educaci\u00f3n y Deportes de la Naci\u00f3n, Esteban Bullrich; la ministra de Educaci\u00f3n, Ciencia y Tecnolog\u00eda de Salta, Anal\u00eda Berruezo; y el director ejecutivo del INET, Gabriel S\u00e1nchez Zinny Ciudad de Salta T\u00e9cnicaMente es el encuentro que convoca a estudiantes y docentes de escuelas Secundarias T\u00e9cnicas, [&hellip;]<\/p>\n","protected":false},"author":7,"featured_media":15390,"comment_status":"closed","ping_status":"open","sticky":false,"template":"","format":"standard","meta":{"footnotes":""},"categories":[1,14],"tags":[175],"class_list":["post-16665","post","type-post","status-publish","format-standard","has-post-thumbnail","hentry","category-noticias","category-noticias-fijas","tag-tecnicamente"],"_links":{"self":[{"href":"https:\/\/www.inet.edu.ar\/index.php\/wp-json\/wp\/v2\/posts\/16665","targetHints":{"allow":["GET"]}}],"collection":[{"href":"https:\/\/www.inet.edu.ar\/index.php\/wp-json\/wp\/v2\/posts"}],"about":[{"href":"https:\/\/www.inet.edu.ar\/index.php\/wp-json\/wp\/v2\/types\/post"}],"author":[{"embeddable":true,"href":"https:\/\/www.inet.edu.ar\/index.php\/wp-json\/wp\/v2\/users\/7"}],"replies":[{"embeddable":true,"href":"https:\/\/www.inet.edu.ar\/index.php\/wp-json\/wp\/v2\/comments?post=16665"}],"version-history":[{"count":5,"href":"https:\/\/www.inet.edu.ar\/index.php\/wp-json\/wp\/v2\/posts\/16665\/revisions"}],"predecessor-version":[{"id":16672,"href":"https:\/\/www.inet.edu.ar\/index.php\/wp-json\/wp\/v2\/posts\/16665\/revisions\/16672"}],"wp:featuredmedia":[{"embeddable":true,"href":"https:\/\/www.inet.edu.ar\/index.php\/wp-json\/wp\/v2\/media\/15390"}],"wp:attachment":[{"href":"https:\/\/www.inet.edu.ar\/index.php\/wp-json\/wp\/v2\/media?parent=16665"}],"wp:term":[{"taxonomy":"category","embeddable":true,"href":"https:\/\/www.inet.edu.ar\/index.php\/wp-json\/wp\/v2\/categories?post=16665"},{"taxonomy":"post_tag","embeddable":true,"href":"https:\/\/www.inet.edu.ar\/index.php\/wp-json\/wp\/v2\/tags?post=16665"}],"curies":[{"name":"wp","href":"https:\/\/api.w.org\/{rel}","templated":true}]}}