{"id":16704,"date":"2016-10-25T15:44:36","date_gmt":"2016-10-25T18:44:36","guid":{"rendered":"https:\/\/www.inet.edu.ar\/?p=16704"},"modified":"2016-10-25T15:44:36","modified_gmt":"2016-10-25T18:44:36","slug":"educacion-vinculada-con-la-demanda-del-sector-socioproductivo-capacidades-2020","status":"publish","type":"post","link":"https:\/\/www.inet.edu.ar\/index.php\/educacion-vinculada-con-la-demanda-del-sector-socioproductivo-capacidades-2020\/","title":{"rendered":"Educaci\u00f3n vinculada con la demanda del sector socioproductivo: Capacidades 2020"},"content":{"rendered":"<p>CABA<\/p>\n<p>Presentamos hoy el informe \u00ab<a href=\"https:\/\/www.inet.edu.ar\/wp-content\/uploads\/2016\/06\/2016.06.21_Informe_Demandas_Laborales_2020_vf.pdf\">Demanda de Capacidades 2020<\/a>\u00bb en la Ciudad Aut\u00f3noma de Buenos Aires, junto al jefe de Gobierno, Horacio Rodr\u00edguez Larreta; a los ministros locales de Educaci\u00f3n, Soledad Acu\u00f1a; y de Modernizaci\u00f3n, Innovaci\u00f3n y Tecnolog\u00eda, Andy Freire; y el director ejecutivo del INET, Gabriel S\u00e1nchez Zinny. El encuentro tuvo sede en el Auditorio de la Sede de Gobierno.<\/p>\n<p>El director del INET explic\u00f3 acerca de las\u00a0habilidades, duras y blandas, que se necesitar\u00e1n hacia el a\u00f1o 2020, de las capacidades, y de la conexi\u00f3n entre educaci\u00f3n y trabajo; al tiempo que manifest\u00f3 la importancia de<em> \u00abconocer las demandas del sector productivo\u00bb<\/em>.<\/p>\n<p>La ministra Acu\u00f1a llam\u00f3 a escuchar la demanda laboral<em> \u00abpara la transformaci\u00f3n que se viene, para que la educaci\u00f3n sea generadora de igualdad de oportunidades\u00bb<\/em>.<\/p>\n<p>Por su parte, el ministro Freire habl\u00f3 de los\u00a0programas \u00abCodo a Codo\u00bb y \u00abAprend\u00e9 Programando\u00bb, iniciativas para potenciar a los j\u00f3venes. <em>\u00abEl mundo entero es un mercado potencial para los programadores que queremos formar\u00bb<\/em>, asegur\u00f3.<\/p>\n<p>Durante el evento, lanzamos tambi\u00e9n el Consejo de Educaci\u00f3n y Trabajo en la Ciudad con ADIMRA, UOCRA, SMATA Central Prensa, UTHGRA, entre otras asociaciones.<\/p>\n<p>El informe incluye un an\u00e1lisis de la demanda de capacidades laborales en la Argentina actuales y hacia el a\u00f1o 2020. Se elabor\u00f3 a partir de encuestas y entrevistas realizadas a diferentes empresas argentinas en relaci\u00f3n a su b\u00fasqueda de personal, y sus resultados pusieron en evidencia, entre otras cosas, los desaf\u00edos que deber\u00e1 enfrentar la Educaci\u00f3n T\u00e9cnico Profesional en los pr\u00f3ximos a\u00f1os.<\/p>\n<p><a href=\"https:\/\/www.inet.edu.ar\/wp-content\/uploads\/2016\/06\/2016.06.21_Informe_Demandas_Laborales_2020_vf.pdf\">Informe Demandas Laborales 2020<\/a><\/p>\n<p><strong>Galer\u00eda de im\u00e1genes<\/strong><\/p>\n\n\t\t<style type=\"text\/css\">\n\t\t\t#gallery-1 {\n\t\t\t\tmargin: auto;\n\t\t\t}\n\t\t\t#gallery-1 .gallery-item {\n\t\t\t\tfloat: left;\n\t\t\t\tmargin-top: 10px;\n\t\t\t\ttext-align: center;\n\t\t\t\twidth: 25%;\n\t\t\t}\n\t\t\t#gallery-1 img {\n\t\t\t\tborder: 2px solid #cfcfcf;\n\t\t\t}\n\t\t\t#gallery-1 .gallery-caption {\n\t\t\t\tmargin-left: 0;\n\t\t\t}\n\t\t\t\/* see gallery_shortcode() in wp-includes\/media.php *\/\n\t\t<\/style>\n\t\t<div id='gallery-1' class='gallery galleryid-16704 gallery-columns-4 gallery-size-thumbnail'><dl class='gallery-item'>\n\t\t\t<dt class='gallery-icon landscape'>\n\t\t\t\t<a href='https:\/\/www.inet.edu.ar\/index.php\/educacion-vinculada-con-la-demanda-del-sector-socioproductivo-capacidades-2020\/img-20161025-wa0013\/#main'><img loading=\"lazy\" decoding=\"async\" width=\"150\" height=\"100\" src=\"https:\/\/www.inet.edu.ar\/wp-content\/uploads\/2016\/10\/IMG-20161025-WA0013-150x100.jpg\" class=\"attachment-thumbnail size-thumbnail\" alt=\"\" \/><\/a>\n\t\t\t<\/dt><\/dl><dl class='gallery-item'>\n\t\t\t<dt class='gallery-icon landscape'>\n\t\t\t\t<a href='https:\/\/www.inet.edu.ar\/index.php\/educacion-vinculada-con-la-demanda-del-sector-socioproductivo-capacidades-2020\/img-20161025-wa0014-2\/#main'><img loading=\"lazy\" decoding=\"async\" width=\"150\" height=\"100\" src=\"https:\/\/www.inet.edu.ar\/wp-content\/uploads\/2016\/10\/IMG-20161025-WA0014-1-150x100.jpg\" class=\"attachment-thumbnail size-thumbnail\" alt=\"\" \/><\/a>\n\t\t\t<\/dt><\/dl><dl class='gallery-item'>\n\t\t\t<dt class='gallery-icon landscape'>\n\t\t\t\t<a href='https:\/\/www.inet.edu.ar\/index.php\/educacion-vinculada-con-la-demanda-del-sector-socioproductivo-capacidades-2020\/img-20161025-wa0015\/#main'><img loading=\"lazy\" decoding=\"async\" width=\"150\" height=\"100\" src=\"https:\/\/www.inet.edu.ar\/wp-content\/uploads\/2016\/10\/IMG-20161025-WA0015-150x100.jpg\" class=\"attachment-thumbnail size-thumbnail\" alt=\"\" \/><\/a>\n\t\t\t<\/dt><\/dl><dl class='gallery-item'>\n\t\t\t<dt class='gallery-icon landscape'>\n\t\t\t\t<a href='https:\/\/www.inet.edu.ar\/index.php\/educacion-vinculada-con-la-demanda-del-sector-socioproductivo-capacidades-2020\/sin-titulo-1-38\/#main'><img loading=\"lazy\" decoding=\"async\" width=\"150\" height=\"100\" src=\"https:\/\/www.inet.edu.ar\/wp-content\/uploads\/2016\/10\/Sin-t\u00edtulo-1-7-150x100.jpg\" class=\"attachment-thumbnail size-thumbnail\" alt=\"\" \/><\/a>\n\t\t\t<\/dt><\/dl><br style=\"clear: both\" \/><dl class='gallery-item'>\n\t\t\t<dt class='gallery-icon landscape'>\n\t\t\t\t<a href='https:\/\/www.inet.edu.ar\/index.php\/educacion-vinculada-con-la-demanda-del-sector-socioproductivo-capacidades-2020\/img-20161025-wa0020\/#main'><img loading=\"lazy\" decoding=\"async\" width=\"150\" height=\"100\" src=\"https:\/\/www.inet.edu.ar\/wp-content\/uploads\/2016\/10\/IMG-20161025-WA0020-150x100.jpg\" class=\"attachment-thumbnail size-thumbnail\" alt=\"\" \/><\/a>\n\t\t\t<\/dt><\/dl><dl class='gallery-item'>\n\t\t\t<dt class='gallery-icon landscape'>\n\t\t\t\t<a href='https:\/\/www.inet.edu.ar\/index.php\/educacion-vinculada-con-la-demanda-del-sector-socioproductivo-capacidades-2020\/img-20161025-wa0016\/#main'><img loading=\"lazy\" decoding=\"async\" width=\"150\" height=\"100\" src=\"https:\/\/www.inet.edu.ar\/wp-content\/uploads\/2016\/10\/IMG-20161025-WA0016-150x100.jpg\" class=\"attachment-thumbnail size-thumbnail\" alt=\"\" \/><\/a>\n\t\t\t<\/dt><\/dl><dl class='gallery-item'>\n\t\t\t<dt class='gallery-icon landscape'>\n\t\t\t\t<a href='https:\/\/www.inet.edu.ar\/index.php\/educacion-vinculada-con-la-demanda-del-sector-socioproductivo-capacidades-2020\/img-20161025-wa0018\/#main'><img loading=\"lazy\" decoding=\"async\" width=\"150\" height=\"100\" src=\"https:\/\/www.inet.edu.ar\/wp-content\/uploads\/2016\/10\/IMG-20161025-WA0018-150x100.jpg\" class=\"attachment-thumbnail size-thumbnail\" alt=\"\" \/><\/a>\n\t\t\t<\/dt><\/dl><dl class='gallery-item'>\n\t\t\t<dt class='gallery-icon landscape'>\n\t\t\t\t<a href='https:\/\/www.inet.edu.ar\/index.php\/educacion-vinculada-con-la-demanda-del-sector-socioproductivo-capacidades-2020\/img-20161025-wa0021\/#main'><img loading=\"lazy\" decoding=\"async\" width=\"150\" height=\"100\" src=\"https:\/\/www.inet.edu.ar\/wp-content\/uploads\/2016\/10\/IMG-20161025-WA0021-150x100.jpg\" class=\"attachment-thumbnail size-thumbnail\" alt=\"\" \/><\/a>\n\t\t\t<\/dt><\/dl><br style=\"clear: both\" \/>\n\t\t<\/div>\n\n<p>&nbsp;<\/p>\n","protected":false},"excerpt":{"rendered":"<p>CABA Presentamos hoy el informe \u00abDemanda de Capacidades 2020\u00bb en la Ciudad Aut\u00f3noma de Buenos Aires, junto al jefe de Gobierno, Horacio Rodr\u00edguez Larreta; a los ministros locales de Educaci\u00f3n, Soledad Acu\u00f1a; y de Modernizaci\u00f3n, Innovaci\u00f3n y Tecnolog\u00eda, Andy Freire; y el director ejecutivo del INET, Gabriel S\u00e1nchez Zinny. El encuentro tuvo sede en el [&hellip;]<\/p>\n","protected":false},"author":7,"featured_media":16706,"comment_status":"closed","ping_status":"open","sticky":false,"template":"","format":"standard","meta":{"footnotes":""},"categories":[1,14],"tags":[],"class_list":["post-16704","post","type-post","status-publish","format-standard","has-post-thumbnail","hentry","category-noticias","category-noticias-fijas"],"_links":{"self":[{"href":"https:\/\/www.inet.edu.ar\/index.php\/wp-json\/wp\/v2\/posts\/16704","targetHints":{"allow":["GET"]}}],"collection":[{"href":"https:\/\/www.inet.edu.ar\/index.php\/wp-json\/wp\/v2\/posts"}],"about":[{"href":"https:\/\/www.inet.edu.ar\/index.php\/wp-json\/wp\/v2\/types\/post"}],"author":[{"embeddable":true,"href":"https:\/\/www.inet.edu.ar\/index.php\/wp-json\/wp\/v2\/users\/7"}],"replies":[{"embeddable":true,"href":"https:\/\/www.inet.edu.ar\/index.php\/wp-json\/wp\/v2\/comments?post=16704"}],"version-history":[{"count":5,"href":"https:\/\/www.inet.edu.ar\/index.php\/wp-json\/wp\/v2\/posts\/16704\/revisions"}],"predecessor-version":[{"id":16721,"href":"https:\/\/www.inet.edu.ar\/index.php\/wp-json\/wp\/v2\/posts\/16704\/revisions\/16721"}],"wp:featuredmedia":[{"embeddable":true,"href":"https:\/\/www.inet.edu.ar\/index.php\/wp-json\/wp\/v2\/media\/16706"}],"wp:attachment":[{"href":"https:\/\/www.inet.edu.ar\/index.php\/wp-json\/wp\/v2\/media?parent=16704"}],"wp:term":[{"taxonomy":"category","embeddable":true,"href":"https:\/\/www.inet.edu.ar\/index.php\/wp-json\/wp\/v2\/categories?post=16704"},{"taxonomy":"post_tag","embeddable":true,"href":"https:\/\/www.inet.edu.ar\/index.php\/wp-json\/wp\/v2\/tags?post=16704"}],"curies":[{"name":"wp","href":"https:\/\/api.w.org\/{rel}","templated":true}]}}